{"id":36446,"date":"2023-06-06T11:41:17","date_gmt":"2023-06-06T09:41:17","guid":{"rendered":"https:\/\/sprawnymarketing.pl\/?p=36446"},"modified":"2023-06-06T11:41:19","modified_gmt":"2023-06-06T09:41:19","slug":"grupy-na-facebooku-wszystko-co-powinienes-o-nich-wiedziec","status":"publish","type":"post","link":"https:\/\/sprawnymarketing.pl\/blog\/grupy-na-facebooku-wszystko-co-powinienes-o-nich-wiedziec\/","title":{"rendered":"Grupy na Facebooku \u2013 wszystko co powiniene\u015b o nich wiedzie\u0107"},"content":{"rendered":"\n<p>Nie ulega w\u0105tpliwo\u015bci, \u017ce z perspektywy marketera p\u00f3ki co najwa\u017cniejsz\u0105 cz\u0119\u015bci\u0105 Facebooka s\u0105 strony. Jednak nied\u0142ugo ma si\u0119 to zmieni\u0107. Mark Zuckerberg od jakiego\u015b czasu do\u015b\u0107 wyra\u017anie sugeruje nam wszystkim, \u017ce to w\u0142a\u015bnie grupy s\u0105 przysz\u0142o\u015bci\u0105 tego serwisu.<\/p>\n\n\n\n<h2 class=\"wp-block-heading\" id=\"h-przyszlosc-grup-na-facebooku\">Przysz\u0142o\u015b\u0107 grup na Facebooku<\/h2>\n\n\n\n<p>W tym artykule chcia\u0142bym przybli\u017cy\u0107 Ci wszystkie aspekty zwi\u0105zane z grupami na Facebooku, o kt\u00f3rych ka\u017cdy marketer powinien wiedzie\u0107, zanim stan\u0105 si\u0119 bran\u017cowym standardem. O ile ju\u017c nim nie s\u0105.<\/p>\n\n\n\n<p>Zanim przejd\u0119 do tego, jak zoptymalizowa\u0107 grup\u0119, chcia\u0142bym nakre\u015bli\u0107 ich kr\u00f3tk\u0105 histori\u0119 oraz prawdopodobn\u0105 przysz\u0142o\u015b\u0107.<\/p>\n\n\n\n<p>O tym, \u017ce grupy zyskuj\u0105 coraz wi\u0119ksz\u0105 popularno\u015b\u0107, mo\u017ce \u015bwiadczy\u0107 m.in. liczba zmian, jakie zasz\u0142y w tym obszarze w przeci\u0105gu ostatnich 12-18 miesi\u0119cy. Od tworu, kt\u00f3ry mogliby\u015bmy okre\u015bli\u0107 zamkni\u0119tymi tablicami, grupy przesz\u0142y drog\u0119 do r\u00f3\u017cnorodnej i rozbudowanej formy. W Stanach Zjednoczonych ju\u017c testowane s\u0105 grupy abonamentowe, a nowe umiejscowienia reklam s\u0105 tylko kwesti\u0105 czasu.<\/p>\n\n\n\n<p>W tym celu powsta\u0142 tak\u017ce program <a href=\"https:\/\/www.facebook.com\/community\/leadership\/\" target=\"_blank\" rel=\"noreferrer noopener nofollow\">Facebook Community Leadership Program<\/a> (FCLP) oraz portal edukacyjny \u2014 <a href=\"https:\/\/www.facebook.com\/community\" target=\"_blank\" rel=\"noreferrer noopener nofollow\">Facebook Community<\/a>.<\/p>\n\n\n\n<p>W ramach tego pierwszego organizowane s\u0105 spotkania i szkolenia oraz udzielane jest wsparcie finansowe. Na portalu za\u015b znajdziesz lekcje i artyku\u0142y dotycz\u0105ce prowadzenia grup. Facebook stworzy\u0142 r\u00f3wnie\u017c <a href=\"https:\/\/www.facebook.com\/community\/programs\/\" target=\"_blank\" rel=\"noreferrer noopener nofollow\">program<\/a>, kt\u00f3ry wspiera lider\u00f3w w budowaniu spo\u0142eczno\u015bci.<\/p>\n\n\n\n<figure class=\"wp-block-image size-large\"><img decoding=\"async\" width=\"1440\" height=\"809\" src=\"https:\/\/sprawnymarketing.pl\/wp-content\/uploads\/2020\/05\/1-1.svg\" alt=\"Facebook Community Leadership Program\" class=\"wp-image-46493\"\/><\/figure>\n\n\n\n<h2 class=\"wp-block-heading\" id=\"h-dlaczego-warto-miec-grupe-na-facebooku\">Dlaczego warto mie\u0107 grup\u0119 na Facebooku?<\/h2>\n\n\n\n<ol type=\"1\">\n<li><strong>Precyzyjny target.<\/strong> Grupy charakteryzuj\u0105 si\u0119 tym, \u017ce zbieraj\u0105 ludzi zgromadzonych wok\u00f3\u0142 danego tematu. Dzi\u0119ki temu \u0142atwo mo\u017cesz uzyska\u0107 dost\u0119p do przewa\u017cnie zaanga\u017cowanej spo\u0142eczno\u015bci z Twojej grupy docelowej.<\/li>\n\n\n\n<li><strong>Elitarni odbiorcy.<\/strong> Grupy na Fb, w przeciwie\u0144stwie do strony, pozwalaj\u0105 Ci selekcjonowa\u0107 ludzi, kt\u00f3rzy b\u0119d\u0105 mogli ogl\u0105da\u0107 Twoje tre\u015bci. Je\u015bli \u201eselekcja\u201d b\u0119dzie wystarczaj\u0105co restrykcyjna, mo\u017cesz zbudowa\u0107 naprawd\u0119 warto\u015bciow\u0105 spo\u0142eczno\u015b\u0107.<\/li>\n\n\n\n<li><strong>Wy\u017csze zasi\u0119gi.<\/strong> Jak ju\u017c napisa\u0142em wcze\u015bniej \u2013 Facebook stawia na grupy. A je\u015bli Facebook na co\u015b stawia, to mo\u017cesz spodziewa\u0107 si\u0119 tam wy\u017cszych zasi\u0119g\u00f3w. Je\u015bli ludzie cho\u0107 troch\u0119 anga\u017cuj\u0105 si\u0119 w grup\u0119, b\u0119d\u0105 cz\u0119sto widzie\u0107 posty z niej na swoim wallu, a w przypadku niekt\u00f3rych dostan\u0105 nawet powiadomienie.<\/li>\n<\/ol>\n\n\n\n<p>Skoro ju\u017c wiesz, dlaczego warto grup\u0119 posiada\u0107, zastan\u00f3wmy si\u0119, jak mo\u017cesz j\u0105 wykorzysta\u0107. Samo za\u0142o\u017cenie grupy nie tylko przynosi korzy\u015bci Tobie, ale dzi\u0119ki niej mo\u017cesz zaoferowa\u0107 co\u015b warto\u015bciowego swoim odbiorcom! Poni\u017cej przedstawi\u0119 Ci kilka propozycji.<\/p>\n\n\n<h2 id=\"heading-block_cb3cf0ef46ae6775af1381ebb6ccd9ce\" class=\"title-counter\">\n    <span class=\"title-counter--number\">1<\/span>\n    Grupa og\u00f3lnodyskusyjna<\/h2>\n\n\n<p>Jednym z typ\u00f3w grupy na Facebooku, jak\u0105 mo\u017cesz za\u0142o\u017cy\u0107, jest taka, w kt\u00f3rej ludzie b\u0119d\u0105 mogli po prostu <strong>wymieni\u0107 si\u0119 do\u015bwiadczeniami <\/strong>z danej dziedziny, poprosi\u0107 o pomoc lub j\u0105 uzyska\u0107, podzieli\u0107 si\u0119 warto\u015bciowym contentem itp.<\/p>\n\n\n\n<p>Przyk\u0142adem mog\u0105 by\u0107 grupy <a href=\"http:\/\/sprawny.marketing\" target=\"_blank\" rel=\"noreferrer noopener\">sprawny.marketing<\/a>: \u201eTwoja Firma w Internecie i Social Media\u201d (grupa dla marketer\u00f3w oraz w\u0142a\u015bcicieli M\u015aP) lub \u201eNowoczesny handel i sprzeda\u017c\u201d (dla zainteresowanych tematyk\u0105 sprzeda\u017cy tradycyjnej, e-commerce, Amazonem i innymi marketplace\u2019ami). Mo\u017ce to te\u017c by\u0107 np. grupa dyskusyjna o ksi\u0105\u017ckach, prowadzona przez lokaln\u0105 ksi\u0119garni\u0119.<\/p>\n\n\n\n<figure class=\"wp-block-image size-large\"><img decoding=\"async\" width=\"1440\" height=\"809\" src=\"https:\/\/sprawnymarketing.pl\/wp-content\/uploads\/2020\/05\/2-1.svg\" alt=\"grupy na fb\" class=\"wp-image-46492\"\/><\/figure>\n\n\n\n<p>Dodatkowo \u015bwietni\u0105 opcj\u0105 na budowanie g\u0142\u0119bszych relacji i prowadzenie dyskusji jest <strong>stworzenie czatu,<\/strong> sk\u0142adaj\u0105cego si\u0119 w\u0142a\u015bnie z cz\u0142onk\u00f3w grupy na Facebooku.<\/p>\n\n\n\n<figure class=\"wp-block-image size-large\"><img decoding=\"async\" width=\"1440\" height=\"809\" src=\"https:\/\/sprawnymarketing.pl\/wp-content\/uploads\/2020\/05\/3-1.svg\" alt=\"czat spo\u0142eczno\u015bciowy na fb\" class=\"wp-image-46491\"\/><\/figure>\n\n\n\n<p>Wi\u0119cej ciekawych grup znajdziesz we wpisie Grupy na Facebooku \u2013 <a href=\"https:\/\/sprawnymarketing.pl\/blog\/marketingowe-grupy-fb\/\" target=\"_blank\" rel=\"noreferrer noopener\">30 polskich grup o marketingu, do kt\u00f3rych warto do\u0142\u0105czy\u0107 w 2023 r<\/a>.<\/p>\n\n\n<h2 id=\"heading-block_32072bedd0b844ffe91a6fece2f1bd94\" class=\"title-counter\">\n    <span class=\"title-counter--number\">2<\/span>\n    Grupa Q&#038;A<\/h2>\n\n\n<p>Sesj\u0119 pyta\u0144 i odpowiedzi mo\u017cna z powodzeniem przeprowadzi\u0107 nie tylko na wideo czy live\u2019ach. Mo\u017cesz za\u0142o\u017cy\u0107 w tym celu specjaln\u0105 grup\u0119, w kt\u00f3rej administratorami b\u0119d\u0105 eksperci z danej dziedziny i b\u0119d\u0105 odpowiada\u0107 na najlepsze pytania cz\u0142onk\u00f3w. Jak zapanowa\u0107 nad tak\u0105 grup\u0105? Wystarczy ustawi\u0107 konieczno\u015b\u0107 akceptowania przez administrator\u00f3w ka\u017cdego dodanego posta i um\u00f3wi\u0107 si\u0119, \u017ce gdy dana osoba akceptuje post, od razu udziela na niego odpowiedzi w komentarzu.<\/p>\n\n\n<h2 id=\"heading-block_f5cdd8c5c10c948c65ea64d1de852803\" class=\"title-counter\">\n    <span class=\"title-counter--number\">3<\/span>\n    Grupa do umawiania si\u0119 na wsp\u00f3lne granie<\/h2>\n\n\n<p>Ten typ znajdzie zastosowanie w \u015bwiecie gier komputerowych, planszowych, jak i sportu. Je\u015bli prowadzisz sklep zwi\u0105zany z jedn\u0105 z tych bran\u017c, to taka grupa sprawdzi si\u0119 idealnie. Mo\u017cesz te\u017c pomy\u015ble\u0107 o organizacji turniej\u00f3w od czasu do czasu. \ud83d\ude09<\/p>\n\n\n<h2 id=\"heading-block_a249efe945a272f38f640d74491a5ff6\" class=\"title-counter\">\n    <span class=\"title-counter--number\">4<\/span>\n    Grupa uczestnik\u00f3w wydarzenia<\/h2>\n\n\n<p>Wok\u00f3\u0142 wydarze\u0144 cz\u0119sto tworz\u0105 si\u0119 ciekawe spo\u0142eczno\u015bci. Warto je gdzie\u015b \u201ezatrzyma\u0107\u201d na d\u0142u\u017cej.<\/p>\n\n\n<h2 id=\"heading-block_9e6a36d354d0148fc3733189ed95ccb3\" class=\"title-counter\">\n    <span class=\"title-counter--number\">5<\/span>\n    Grupa kursowa<\/h2>\n\n\n<p>Korzystaj\u0105c z typu grupy \u201eedukacja spo\u0142eczno\u015bciowa\u201d, mo\u017cesz stworzy\u0107 seri\u0119 modu\u0142\u00f3w podzielonych na konkretne lekcje, kt\u00f3re cz\u0142onkowie b\u0119d\u0105 mogli oznacza\u0107 jako uko\u0144czone. Przekonany(a)? A wi\u0119c <strong>utw\u00f3rz grup\u0119. \ud83d\ude09<\/strong><\/p>\n\n\n\n<h2 class=\"wp-block-heading\">Jak za\u0142o\u017cy\u0107 i zoptymalizowa\u0107 grup\u0119 w 7 krokach?<\/h2>\n\n\n\n<p>Wiesz ju\u017c, jak w ciekawy spos\u00f3b poprowadzi\u0107 grup\u0119. Czas, aby j\u0105 za\u0142o\u017cy\u0107 lub zoptymalizowa\u0107. W zak\u0142adce po lewej stronie widoku Facebooka wejd\u017a w zak\u0142adk\u0119 \u201e<strong>Grupy\u201d. <\/strong>Nast\u0119pnie naci\u015bnij \u201e<strong>Utw\u00f3rz now\u0105 grup\u0119\u201d.<\/strong><\/p>\n\n\n\n<figure class=\"wp-block-image size-large\"><img decoding=\"async\" width=\"1440\" height=\"809\" src=\"https:\/\/sprawnymarketing.pl\/wp-content\/uploads\/2020\/05\/4-1.svg\" alt=\"grupy na facebooku\" class=\"wp-image-46490\"\/><\/figure>\n\n\n\n<p><strong>Ciekawostka:<\/strong> jaki\u015b czas temu, aby za\u0142o\u017cy\u0107 grup\u0119, wymagane by\u0142o dodanie jednego cz\u0142onka. Dzisiaj wystarczy, \u017ce to Ty b\u0119dziesz jedynym cz\u0142onkiem grupy na Facebooku.<\/p>\n\n\n\n<h3 class=\"wp-block-heading\">1. Nadaj swojej grupie na fb odpowiedni\u0105 nazw\u0119<\/h3>\n\n\n\n<p>Poprawne nazwanie Twojej grupy jest bardzo istotne, poniewa\u017c b\u0119dzie ona mia\u0142a kluczowe znaczenie podczas pozycjonowania grupy; pos\u0142u\u017cy te\u017c do przykucia ewentualnego zainteresowania u\u017cytkownik\u00f3w Facebooka. Pami\u0119taj, \u017ce Twoja grupa ma zrzesza\u0107 osoby o podobnych zainteresowaniach<\/p>\n\n\n<div id=\"text-block_79c21137137a26502badade5fe7a0a38\" class=\"frame-border frame-border--advice\" >\n            <p class=\"title-tertiary frame-border__light d-block\">PORADA<\/p>\n        <p><strong>Idealna nazwa grupy nie powinna by\u0107 za d\u0142uga,<\/strong> ale pami\u0119taj, \u017ce przede wszystkim musi by\u0107 oryginalna i w jasny, czytelny spos\u00f3b powinna okre\u015bla\u0107 tematyk\u0119 grupy. \u015awietnym przyk\u0142adem jest grupa \u201eBoty-Roboty, czyli reklama w Messengerze\u201d.<\/p>\n<\/div>\n\n\n<h3 class=\"wp-block-heading\">2. Kt\u00f3re ustawienia prywatno\u015bci grupy na Facebooku wybra\u0107?<\/h3>\n\n\n\n<p>Po wybraniu odpowiedniej nazwy grupy pora na wyb\u00f3r <strong>ustawie\u0144 prywatno\u015bci.<\/strong> Facebook postanowi\u0142 upro\u015bci\u0107 nam \u017cycie i zamiast trzech opcji prywatno\u015bci: Publiczna, Zamkni\u0119ta, Tajna \u2013 wprowadzi\u0142 dwie opcje:<\/p>\n\n\n\n<ol type=\"1\">\n<li>Publiczna,<\/li>\n\n\n\n<li>Prywatna.<\/li>\n<\/ol>\n\n\n\n<figure class=\"wp-block-image size-large\"><img decoding=\"async\" width=\"1440\" height=\"809\" src=\"https:\/\/sprawnymarketing.pl\/wp-content\/uploads\/2020\/05\/5-1.svg\" alt=\"ustawienia prywatno\u015bci grupy na facebooku\" class=\"wp-image-46489\"\/><\/figure>\n\n\n\n<p>No dobra, ale kt\u00f3r\u0105 opcj\u0119 wybra\u0107? Odpowied\u017a dla wielu mo\u017ce okaza\u0107 si\u0119 oczywista i niezaskakuj\u0105ca \u2013 to zale\u017cy. \ud83d\ude09<\/p>\n\n\n\n<ul>\n<li><strong>Publiczna grupa<\/strong> jest odpowiedni\u0105 opcj\u0105, je\u015bli chcesz, aby by\u0142a \u0142atwa do wyszukania, a posty by\u0142y widoczne przez wszystkich odwiedzaj\u0105cych. Co wi\u0119cej, do takiej grupy na Facebooku mo\u017ce do\u0142\u0105czy\u0107 ka\u017cdy.<\/li>\n\n\n\n<li><strong>Prywatna \u2013 wybierz t\u0119 opcj\u0119, <\/strong>je\u015bli r\u00f3wnie\u017c chcesz, aby Twoja grupa na Facebooku by\u0142a \u0142atwo dost\u0119pna do wyszukania (istnieje te\u017c opcja, dzi\u0119ki kt\u00f3rej tylko cz\u0142onkowie b\u0119d\u0105 w stanie znale\u017a\u0107 grup\u0119), ALE tre\u015bci w niej zawarte by\u0142y widoczne jedynie dla jej cz\u0142onk\u00f3w. Aby do\u0142\u0105czy\u0107 do grupy prywatnej, nale\u017cy wys\u0142a\u0107 pro\u015bb\u0119 o do\u0142\u0105czenie.<\/li>\n<\/ul>\n\n\n<p id=\"text-block_1237a6c58fcfb8c9ae140509cfb9a3da\" class=\"text-frame\">\n    Jednym z powod\u00f3w, dla kt\u00f3rych zaanga\u017cowanie na grupach jest zazwyczaj wy\u017csze ni\u017c na stronach czy w wydarzeniach, jest fakt, \u017ce gdy ludzie wiedz\u0105, i\u017c nie ka\u017cdy widzi to, co napisz\u0105, maj\u0105 mniejsze opory przed tym, by wyrazi\u0107 swoje zdanie.<\/p>\n\n\n<p>Je\u015bli wi\u0119c zale\u017cy Ci na szybkim rozwoju grupy na Facebooku i chcesz umo\u017cliwi\u0107 jej cz\u0142onkom udost\u0119pnianie zawarto\u015bci poza grup\u0119, ustawienia publiczne s\u0105 dla Ciebie. Natomiast je\u015bli Twoim celem jest elitarno\u015b\u0107 i prywatno\u015b\u0107 \u2013 odpowied\u017a wydaje si\u0119 oczywista. \ud83d\ude0a<\/p>\n\n\n\n<p>Warto doda\u0107, \u017ce w przypadku grupy publicznej osoba zainteresowana do\u0142\u0105czeniem mo\u017ce ju\u017c przy pierwszym kontakcie oceni\u0107 czy to grupa dla niej i czy rzeczywi\u015bcie chce by\u0107 jej cz\u0119\u015bci\u0105.<\/p>\n\n\n\n<p>Grupy prywatne pozwalaj\u0105 stworzy\u0107 pewn\u0105 kurtyn\u0119, kt\u00f3ra mo\u017ce rozbudzi\u0107 ciekawo\u015b\u0107 u\u017cytkownika. Je\u015bli ustawisz dobry opis, zadzia\u0142a tu prosty acz skuteczny mechanizm psychologiczny zwany luk\u0105 informacyjn\u0105. W skr\u00f3cie polega on na tym, \u017ce ludzie najbardziej chc\u0105 wiedzie\u0107 to, o czym wiedz\u0105, \u017ce tego nie wiedz\u0105.<\/p>\n\n\n<div id=\"text-block_d95f26f9b12754b449c4b74278076031\" class=\"frame-border\" >\n        <p><!-- wp:paragraph --><\/p>\n<p><strong>PRZYK\u0141AD:<\/strong><\/p>\n<p><!-- \/wp:paragraph --> <!-- wp:paragraph --><\/p>\n<p>Grupa dla specjalist\u00f3w od Pinteresta. Je\u015bli w opisie napiszesz, \u017ce na grupie znajduj\u0105 si\u0119 przyk\u0142ady najlepszych kampanii reklamowych w tym serwisie, porady dotycz\u0105ce targetowania reklam na tej platformie, inspiracje itp., to osoba zainteresowana reklamowaniem si\u0119 za po\u015brednictwem tego kana\u0142u spo\u0142eczno\u015bciowego nie b\u0119dzie mog\u0142a oprze\u0107 si\u0119 pokusie pozyskania tych informacji. Oczywi\u015bcie w tym celu musisz pozostawi\u0107 grup\u0119 jako widoczn\u0105.<\/p>\n<p><!-- \/wp:paragraph --><\/p>\n<\/div>\n\n\n<p>Mo\u017cna <strong>ograniczy\u0107 widoczno\u015b\u0107 grupy<\/strong>, aby stworzy\u0107 wok\u00f3\u0142 niej otoczk\u0119 elitarnej, mitycznej, legendarnej. Marka mo\u017ce \u015bwietnie wykorzysta\u0107 to storytellingowo, wspominaj\u0105c od czasu do czasu o grupie, o kt\u00f3rej wielu s\u0142ysza\u0142o, ale ma\u0142o kto j\u0105 widzia\u0142. Je\u015bli poprowadzisz tak\u0105 narracj\u0119 w odpowiedni spos\u00f3b \u2013 jednocze\u015bnie upewniaj\u0105c odbiorc\u00f3w, \u017ce wewn\u0105trz znajduje si\u0119 co\u015b naprawd\u0119 wyj\u0105tkowego \u2013 to mo\u017cesz stworzy\u0107 ma\u0142\u0105, ale wysoce zaanga\u017cowan\u0105 spo\u0142eczno\u015b\u0107, kt\u00f3rej cz\u0142onkowie b\u0119d\u0105 \u015bwietnymi ambasadorami marki.<\/p>\n\n\n\n<p><strong>Ustawienia prywatno\u015bci grupy na Facebooku mo\u017cna swobodnie edytowa\u0107, je\u015bli ma ona mniej ni\u017c 5000 cz\u0142onk\u00f3w.<\/strong> Po przekroczeniu tej liczby mo\u017cna jedynie zmieni\u0107 ustawienie z publicznej na prywatn\u0105. Je\u015bli wi\u0119c Twoja grupa zyskuje na liczebno\u015bci, to dobry moment, by podj\u0105\u0107 decyzj\u0119, na jakie ustawienia prywatno\u015bci definitywnie chcesz si\u0119 zdecydowa\u0107.<\/p>\n\n\n\n<h3 class=\"wp-block-heading\">3. Spersonalizuj swoj\u0105 grup\u0119 na Facebooku<\/h3>\n\n\n\n<p>Skoro stworzy\u0142e\u015b ju\u017c grup\u0119, pora uczyni\u0107 j\u0105 bardziej Twoj\u0105. Mo\u017cesz zacz\u0105\u0107 od wgrania zdj\u0119cia (b\u0105d\u017a grafiki) w tle. Powinno ono by\u0107 estetyczne i przyci\u0105gaj\u0105ce uwag\u0119, gdy\u017c wy\u015bwietla si\u0119 innym u\u017cytkownikom w sekcji polecane grupy, a tak\u017ce gdy kto\u015b udost\u0119pni grup\u0119 na tablicy. W momencie pisania tego artyku\u0142u wymiary t\u0142a to 1,91:1, czyli rekomendowane 1640 \u00d7 856 pikseli. <a href=\"https:\/\/www.facebook.com\/help\/212144952271305\" target=\"_blank\" rel=\"noreferrer noopener nofollow\">Znajdziesz je r\u00f3wnie\u017c tu.<\/a><\/p>\n\n\n\n<figure class=\"wp-block-image size-large\"><img decoding=\"async\" width=\"1440\" height=\"809\" src=\"https:\/\/sprawnymarketing.pl\/wp-content\/uploads\/2020\/05\/6-1.svg\" alt=\"grupa na facebooku\" class=\"wp-image-46488\"\/><\/figure>\n\n\n\n<p>A teraz edytuj ustawienia grupy w sekcji <strong>\u201eUstawienia grupy\u201d.<\/strong> Z panelu g\u0142\u00f3wnego grupy b\u0119dziesz w stanie doda\u0107 zdj\u0119cie w tle, zaprosi\u0107 nowych cz\u0142onk\u00f3w, doda\u0107 nowego posta, jak i wyr\u00f3\u017cni\u0107 najlepsze materia\u0142y w grupie. Dlatego aby dokona\u0107 bardziej zaawansowanych zmian, nale\u017cy wej\u015b\u0107 we wspomnian\u0105 sekcj\u0119 \u201eUstawienia grupy\u201d. Znajdziesz j\u0105 po klikni\u0119ciu zak\u0142adk\u0119 \u201eZarz\u0105dzaj\u201d po lewej stronie, a nast\u0119pnie nale\u017cy zjecha\u0107 kursorem na sam d\u00f3\u0142.<\/p>\n\n\n\n<figure class=\"wp-block-image size-large\"><img decoding=\"async\" width=\"1440\" height=\"809\" src=\"https:\/\/sprawnymarketing.pl\/wp-content\/uploads\/2020\/05\/7-1.svg\" alt=\"ustawienia grupy na facebooku\" class=\"wp-image-46487\"\/><\/figure>\n\n\n\n<p>Pojawi si\u0119 w\u00f3wczas szeroka lista ustawie\u0144, kt\u00f3re mo\u017cemy odpowiednio dostosowa\u0107. W cz\u0119\u015bci <strong>skonfiguruj grup\u0119 <\/strong>ustawisz m.in <strong>nazw\u0119 grupy oraz jej opis.<\/strong> Wa\u017cne, aby opis grupy na Facebooku by\u0142 chwytliwy i zach\u0119ca\u0142 potencjalnych cz\u0142onk\u00f3w do do\u0142\u0105czenia. Nie jest to miejsce na regulamin (od tego jest specjalna sekcja).Zmienisz tutaj r\u00f3wnie\u017c ustawienia prywatno\u015bci, a tak\u017ce w przypadku grupy prywatnej,<strong> ukryjesz grup\u0119<\/strong> w wynikach wyszukiwania.<\/p>\n\n\n\n<p>Tutaj r\u00f3wnie\u017c mo\u017cesz przej\u015b\u0107 do lokalizacji. Jest ona istotna przede wszystkim dla grup lokalnych, kt\u00f3re dzi\u0119ki temu b\u0119d\u0105 cz\u0119\u015bciej wy\u015bwietla\u0107 si\u0119 w sekcji \u201ePolecane\u201d osobom z okolicy danego miejsca. <strong>Warto skorzysta\u0107 tak\u017ce z mo\u017cliwo\u015bci wpisania kilku znacznik\u00f3w<\/strong>, kt\u00f3re wp\u0142yn\u0105 pozytywnie na pozycjonowanie Twojej grupy na Facebooku.<\/p>\n\n\n\n<figure class=\"wp-block-image size-large\"><img decoding=\"async\" width=\"1440\" height=\"809\" src=\"https:\/\/sprawnymarketing.pl\/wp-content\/uploads\/2020\/05\/8.svg\" alt=\"nazwa grupy na fb\" class=\"wp-image-46486\"\/><\/figure>\n\n\n\n<p>Pami\u0119taj, \u017ce ka\u017cdy u\u017cytkownik Facebooka mo\u017ce do\u0142\u0105czy\u0107 do maksymalnie 6000 grup. Ja sam nie wiem, w ilu jestem. Ty pewnie te\u017c, prawda? Dlatego ka\u017cdy spos\u00f3b, aby cho\u0107 troch\u0119 odr\u00f3\u017cni\u0107 si\u0119 od innych, jest dobry.<\/p>\n\n\n\n<p>W sekcji \u201e<strong>Dostosuj grup\u0119\u201d <\/strong>zmienisz m.in kolor grupy, a tak\u017ce spersonalizujesz adres internetowy, dzi\u0119ki czemu link do grupy b\u0119dzie czytelny i estetyczny (ALE kiedy grupa b\u0119dzie liczy\u0107 ponad 5000 cz\u0142onk\u00f3w, nie b\u0119dzie mo\u017cna ponownie zmieni\u0107 adresu!).<\/p>\n\n\n\n<figure class=\"wp-block-image size-large\"><img decoding=\"async\" width=\"1440\" height=\"809\" src=\"https:\/\/sprawnymarketing.pl\/wp-content\/uploads\/2020\/05\/9.svg\" alt=\"ustawienia grupy na facebooku\" class=\"wp-image-46485\"\/><\/figure>\n\n\n\n<h3 class=\"wp-block-heading\">4. Strona jako administrator grupy na Facebooku<\/h3>\n\n\n\n<p>Je\u015bli tworzysz grup\u0119 z my\u015bl\u0105 o promowaniu swojego biznesu i jednocze\u015bnie prowadzisz stron\u0119, to z pewno\u015bci\u0105 zainteresuje Ci\u0119 opcja powi\u0105zania jednego z drugim.<\/p>\n\n\n\n<p>Mo\u017cesz utworzy\u0107 grup\u0119 z panelu swojej strony po lewej stronie klikaj\u0105c <strong>\u201eGrupy\u201d<\/strong>, a nast\u0119pnie <strong>\u201eUtw\u00f3rz now\u0105 grup\u0119<strong>\u201d<\/strong>. Twoja strona automatycznie stanie si\u0119 jej administratorem.<\/strong><\/p>\n\n\n\n<p>A mo\u017ce chcesz <strong>ustawi\u0107 dowoln\u0105 stron\u0119 jako administratora ju\u017c istniej\u0105cej grupy na Facebooku? <\/strong>(Analogicznie nale\u017cy post\u0119powa\u0107, gdy Ty jeste\u015b administratorem grupy i chcesz powi\u0105za\u0107 j\u0105 ze swoj\u0105 stron\u0105). Wystarczy, \u017ce strona do\u0142\u0105czy do wybranej spo\u0142eczno\u015bci. PS Wa\u017cne, aby w ustawieniach profile i strony mia\u0142y mo\u017cliwo\u015b\u0107 do\u0142\u0105czenia, a o tym decyduj\u0105 administratorzy grupy.<\/p>\n\n\n\n<figure class=\"wp-block-image size-large\"><img decoding=\"async\" width=\"1440\" height=\"809\" src=\"https:\/\/sprawnymarketing.pl\/wp-content\/uploads\/2020\/05\/10.svg\" alt=\"Strona jako administrator grupy na Facebooku\" class=\"wp-image-46484\"\/><\/figure>\n\n\n\n<p>Nast\u0119pnie po zaakceptowaniu do\u0142\u0105czenia (je\u015bli dana grupa tego wymaga) administrator grupy w zak\u0142adce <strong>\u201eRole spo\u0142eczno\u015bciowe\u201d <\/strong>ma mo\u017cliwo\u015b\u0107 ustawienia strony jako jej administratora.<\/p>\n\n\n\n<figure class=\"wp-block-image size-large\"><img decoding=\"async\" width=\"1440\" height=\"809\" src=\"https:\/\/sprawnymarketing.pl\/wp-content\/uploads\/2020\/05\/11.svg\" alt=\"ustawienia grupy na fb\" class=\"wp-image-46483\"\/><\/figure>\n\n\n\n<p>Wi\u0119cej na ten temat dowiesz si\u0119 <a href=\"https:\/\/www.facebook.com\/help\/742706805906818\" target=\"_blank\" rel=\"noreferrer noopener nofollow\">tutaj.<\/a><\/p>\n\n\n\n<h3 class=\"wp-block-heading\">5. Wprowad\u017a element grywalizacji<\/h3>\n\n\n\n<p>Wracaj\u0105c do sekcji ustawie\u0144 \u201e<strong>Dostosuj grup\u0119\u201d <\/strong>\u2013 znajduje si\u0119 tu opcja <strong>\u201eOdznaki\u201d<\/strong>. <\/p>\n\n\n\n<figure class=\"wp-block-image size-large\"><img decoding=\"async\" width=\"1440\" height=\"809\" src=\"https:\/\/sprawnymarketing.pl\/wp-content\/uploads\/2020\/05\/12.svg\" alt=\"odznaki w grupach na fb\" class=\"wp-image-46482\"\/><\/figure>\n\n\n\n<p>Przyznawane s\u0105 one cz\u0142onkom za r\u00f3\u017cne aktywno\u015bci, a tak\u017ce w celu oznaczenia np. nowych os\u00f3b lub administrator\u00f3w. Z moich obserwacji wynika, \u017ce sprawdzaj\u0105 si\u0119 bardzo dobrze, poniewa\u017c stanowi\u0105 dodatkow\u0105 motywacj\u0119 dla cz\u0142onk\u00f3w grupy do bycia aktywnym.<\/p>\n\n\n\n<figure class=\"wp-block-image size-full\"><img decoding=\"async\" width=\"1440\" height=\"809\" src=\"https:\/\/sprawnymarketing.pl\/wp-content\/uploads\/2020\/05\/13.svg\" alt=\"odznaki w grupach na fb\" class=\"wp-image-46481\"\/><\/figure>\n\n\n\n<h3 class=\"wp-block-heading\">6. Ustal regu\u0142y gry<\/h3>\n\n\n\n<p>Dochodzimy do najwa\u017cniejszych z punktu widzenia administracyjnego ustawie\u0144. Teraz zdecydujesz o tym, kto i w jaki spos\u00f3b mo\u017ce do\u0142\u0105czy\u0107 do Twojej grupy na Facebooku.<\/p>\n\n\n\n<figure class=\"wp-block-image size-large\"><img decoding=\"async\" width=\"1440\" height=\"809\" src=\"https:\/\/sprawnymarketing.pl\/wp-content\/uploads\/2020\/05\/14.svg\" alt=\"kto mo\u017ce do\u0142\u0105czy\u0107 do grupy na fb\" class=\"wp-image-46480\"\/><\/figure>\n\n\n\n<p>Potwierdzenie cz\u0142onkostwa przez administrator\u00f3w i moderator\u00f3w powinno by\u0107 standardem \u2013 chyba \u017ce chcesz w kr\u00f3tkim czasie zbudowa\u0107 naprawd\u0119 du\u017c\u0105 grup\u0119, nie zwa\u017caj\u0105c zbytnio na to, kto do niej do\u0142\u0105cza (czy s\u0105 to warto\u015bciowe osoby, czy np. spamerzy).<\/p>\n\n\n<p id=\"text-block_e670720deaf04f69ca53ae510010effc\" class=\"text-frame\">\n    Wst\u0119pne zatwierdzanie cz\u0142onkostwa umo\u017cliwia osobom znajduj\u0105cym si\u0119 w innych, powi\u0105zanych grupach natychmiastowe do\u0142\u0105czenie do Twojej grupy bez konieczno\u015bci ponownej akceptacji.<\/p>\n\n\n<p>Osobom, kt\u00f3re chc\u0105 do\u0142\u0105czy\u0107 do grupy, mo\u017cesz r\u00f3wnie\u017c <strong>zada\u0107 pytania<\/strong>. Jest to funkcja, z kt\u00f3rej zdecydowanie warto skorzysta\u0107, poniewa\u017c pozwoli Ci na samym starcie odsia\u0107 ludzi, kt\u00f3rych nie chcesz mie\u0107 na grupie.<\/p>\n\n\n\n<p><strong>Gdzie znale\u017a\u0107 t\u0119 funkcj\u0119?<\/strong> Wejd\u017a w zak\u0142adk\u0119 \u201eZarz\u0105dzaj\u201d po lewej stronie. Nast\u0119pnie kliknij <strong>\u201ePytania dotycz\u0105ce cz\u0142onkostwa\u201d<\/strong>. <\/p>\n\n\n\n<figure class=\"wp-block-image size-large\"><img decoding=\"async\" width=\"1440\" height=\"809\" src=\"https:\/\/sprawnymarketing.pl\/wp-content\/uploads\/2020\/05\/15.svg\" alt=\"pytania dotycz\u0105ce cz\u0142onkostwa \" class=\"wp-image-46479\"\/><\/figure>\n\n\n\n<p>Pytania mog\u0105 by\u0107 jedno- i wielokrotnego wyboru, a tak\u017ce otwarte.<\/p>\n\n\n\n<figure class=\"wp-block-image size-large\"><img decoding=\"async\" width=\"1440\" height=\"809\" src=\"https:\/\/sprawnymarketing.pl\/wp-content\/uploads\/2020\/05\/16.svg\" alt=\"pytania dotycz\u0105ce cz\u0142onkostwa \" class=\"wp-image-46478\"\/><\/figure>\n\n\n\n<p>Pami\u0119taj, aby pytania by\u0142y proste, nie wymaga\u0142y za du\u017co my\u015blenia i pisania! Inaczej liczba pr\u00f3\u015bb o do\u0142\u0105czenie b\u0119dzie dramatycznie niska. Twoja strona nie musi by\u0107 jedyn\u0105 w grupie. Je\u015bli na to zezwolisz, inne strony te\u017c b\u0119d\u0105 mog\u0142y do\u0142\u0105cza\u0107 do spo\u0142eczno\u015bci i zamieszcza\u0107 posty, komentarze itd.<\/p>\n\n\n\n<p>Przyk\u0142ad, jak takie pytanie mo\u017ce wygl\u0105da\u0107:<\/p>\n\n\n\n<figure class=\"wp-block-image size-large\"><img decoding=\"async\" width=\"1440\" height=\"809\" src=\"https:\/\/sprawnymarketing.pl\/wp-content\/uploads\/2020\/05\/17.svg\" alt=\"pytania dotycz\u0105ce cz\u0142onkostwa \" class=\"wp-image-46477\"\/><\/figure>\n\n\n\n<p>Nast\u0119pnie ustalasz, kto b\u0119dzie m\u00f3g\u0142 publikowa\u0107 tre\u015bci na grupie. Zrobisz to, wchodz\u0105c po lewej stronie w \u201e<strong>Ustawienia grupy\u201d<\/strong>. W sekcji <strong>\u201eZarz\u0105dzaj dyskusj\u0105\u201d <\/strong>nie tylko ustawisz, kto mo\u017ce publikowa\u0107 tre\u015bci, ale r\u00f3wnie\u017c to, czy administratorzy maj\u0105 zatwierdza\u0107 dodawane posty.<\/p>\n\n\n\n<figure class=\"wp-block-image size-large\"><img decoding=\"async\" width=\"1440\" height=\"809\" src=\"https:\/\/sprawnymarketing.pl\/wp-content\/uploads\/2020\/05\/18.svg\" alt=\"zarz\u0105dzaj dyskusj\u0105 grupy na facebooku\" class=\"wp-image-46476\"\/><\/figure>\n\n\n\n<p>Super! G\u0142\u00f3wne ustawienia masz za sob\u0105. Zanim jednak zaczniesz dzia\u0142a\u0107 na pe\u0142n\u0105 skal\u0119, warto ustanowi\u0107 <strong>panuj\u0105ce w grupie regu\u0142y<\/strong>. W tym celu przejd\u017a ponownie do sekcji \u201eZarz\u0105dzaj\u201d i \u201eUtw\u00f3rz regu\u0142y\u201d.<\/p>\n\n\n\n<figure class=\"wp-block-image size-large\"><img decoding=\"async\" width=\"1440\" height=\"809\" src=\"https:\/\/sprawnymarketing.pl\/wp-content\/uploads\/2020\/05\/19.svg\" alt=\"regu\u0142ygrupy na fb\" class=\"wp-image-46475\"\/><\/figure>\n\n\n\n<p>Facebook od razu proponuje <strong>cztery podstawowe regu\u0142y.<\/strong> Mo\u017cesz jednak je usun\u0105\u0107 i doda\u0107 w\u0142asne. Dzi\u0119ki temu ka\u017cdy u\u017cytkownik b\u0119dzie m\u00f3g\u0142 znale\u017a\u0107 je wypisane czytelnie w sekcji <strong>\u201eInformacje\u201d<\/strong>. Ponadto administratorzy, podczas usuwania tre\u015bci z grupy, mog\u0105 zaznaczy\u0107 punkt regulaminu, kt\u00f3ry dany post z\u0142ama\u0142. Dzi\u0119ki temu jego autor dostanie automatycznie informacj\u0119, co zrobi\u0142 \u017ale.<\/p>\n\n\n\n<h3 class=\"wp-block-heading\">7. Zarz\u0105dzaj cz\u0142onkami grupy na Facebooku<\/h3>\n\n\n\n<p>Grupa to ludzie, a wi\u0119c kwestia zarz\u0105dzania nimi jest kluczowa dla dobrego funkcjonowania grupy. Dzi\u0119ki nowym narz\u0119dziom dodawanie ludzi do grupy jest prostsze ni\u017c kiedykolwiek.<\/p>\n\n\n\n<p>O ile w przypadku ma\u0142ych grup dodawanie nowych os\u00f3b b\u0119dzie \u0142atwe i przyjemne, o tyle w przypadku du\u017cych, szybko rosn\u0105cych grup przejrzenie ka\u017cdej pro\u015bby mo\u017ce zaj\u0105\u0107 troch\u0119 czasu. Na szcz\u0119\u015bcie na to te\u017c znajdzie si\u0119 spos\u00f3b. \ud83d\ude09<\/p>\n\n\n\n<figure class=\"wp-block-image size-large\"><img decoding=\"async\" width=\"1440\" height=\"809\" src=\"https:\/\/sprawnymarketing.pl\/wp-content\/uploads\/2020\/05\/20.svg\" alt=\"grupa na fb cz\u0142onkowie\" class=\"wp-image-46474\"\/><\/figure>\n\n\n\n<p>Jak widzisz, <strong>pro\u015bby o do\u0142\u0105czenie <\/strong>mo\u017cesz sortowa\u0107 wed\u0142ug przer\u00f3\u017cnych filtr\u00f3w. Od \u201ewieku\u201d pro\u015bby, a\u017c do lokalizacji z jakich dane osoby pochodz\u0105. Mo\u017cesz ustawi\u0107 to wedle w\u0142asnych preferencji i potrzeb.<\/p>\n\n\n\n<p>Ja najcz\u0119\u015bciej najpierw wydzielam osoby, kt\u00f3re odpowiedzia\u0142y na pytania i niedawno do\u0142\u0105czy\u0142y do Facebooka. Nast\u0119pnie, ju\u017c nieco mniej uwa\u017cnie, przegl\u0105dam pozosta\u0142e pro\u015bby z odpowiedziami na pytania. Gdy to zrobi\u0119, wydzielam ludzi, kt\u00f3rzy nie odpowiedzieli na pytania i klikam \u201eOdrzu\u0107 wszystkich\u201d.<\/p>\n\n\n\n<h2 class=\"wp-block-heading\">Analityka grup na Facebooku<\/h2>\n\n\n\n<p>Ostatni\u0105 wa\u017cn\u0105 sekcj\u0105, kt\u00f3r\u0105 chcia\u0142bym om\u00f3wi\u0107, s\u0105<strong> \u201eStatystyki\u201d<\/strong> (je r\u00f3wnie\u017c znajdziesz po lewej stronie).<\/p>\n\n\n\n<figure class=\"wp-block-image size-large\"><img decoding=\"async\" width=\"1440\" height=\"809\" src=\"https:\/\/sprawnymarketing.pl\/wp-content\/uploads\/2020\/05\/21.svg\" alt=\"analityka grup na facebooku\" class=\"wp-image-46473\"\/><\/figure>\n\n\n\n<ul>\n<li>W cz\u0119\u015bci <strong>\u201eWzrost&#8217;\u201d<\/strong> zobaczysz, jak szybko ro\u015bnie Twoja grupa \u2013 ilu ma cz\u0142onk\u00f3w, ile jest pr\u00f3\u015bb o do\u0142\u0105czenie, a \u017ceby by\u0142o ciekawiej, mo\u017cesz wybra\u0107 dowolny zakres czasu, w kt\u00f3rym chcesz sprawdzi\u0107 te dane.<\/li>\n\n\n\n<li><strong>\u201eAktywno\u015b\u0107\u201d<\/strong> to miejsce, w kt\u00f3rym znajdziesz kr\u00f3tkie podsumowanie \u2013 ilu cz\u0142onk\u00f3w by\u0142o aktywnych w ci\u0105gu ostatnich 28 dni (mo\u017cesz te\u017c wybra\u0107 dowoln\u0105 liczb\u0119 dni), jak du\u017co zamieszczono post\u00f3w, komentarzy i reakcji, a tak\u017ce sprawdzi\u0107, jakie dni i godziny by\u0142y najbardziej popularne pod wzgl\u0119dem dodawania tre\u015bci. Na tej podstawie mo\u017cesz stworzy\u0107 i rewidowa\u0107 harmonogram publikacji.<\/li>\n\n\n\n<li><strong>\u201eAdministratorzy i moderatorzy\u201d <\/strong>\u2013 tutaj zobaczysz aktywno\u015b\u0107 moderator\u00f3w i administrator\u00f3w (jakie posty usuwali, zatwierdzali, jakie osoby dodawali itd.).<\/li>\n\n\n\n<li><strong>\u201eCz\u0142onkowie\u201d <\/strong>\u2013 znajdziesz tu najbardziej aktywnych cz\u0142onk\u00f3w, a tak\u017ce informacj\u0119, jakie kraje i miejscowo\u015bci najcz\u0119\u015bciej reprezentuj\u0105.<\/li>\n<\/ul>\n\n\n\n<h2 class=\"wp-block-heading\">Promocja grupy na Facebooku<\/h2>\n\n\n\n<p>Zastanawiasz si\u0119, ilu cz\u0142onk\u00f3w liczy najwi\u0119ksza grupa na Facebooku na \u015bwiecie? Ju\u017c spiesz\u0119 z odpowiedzi\u0105! Mowa o grupie Deepika Sharma, kt\u00f3ra zrzesza <strong>7&nbsp;945 423 fan\u00f3w<\/strong> (stan na kwiecie\u0144 2023)! Co ciekawe, jest ona prywatna, a u\u017cytkownicy dziel\u0105 si\u0119 na niej \u015bmiesznymi filmikami i memami.<\/p>\n\n\n\n<p>Warto r\u00f3wnie\u017c wspomnie\u0107 o liczbie za\u0142o\u017conych grup na Facebooku. Trudno znale\u017a\u0107 aktualne statystyki, ale w 2010 r. by\u0142o ich<strong> ponad 620 mln<\/strong>. Mo\u017cemy si\u0119 domy\u015bla\u0107, \u017ce teraz z pewno\u015bci\u0105 jest ich o wiele wi\u0119cej. <strong>Jak sta\u0107 si\u0119 kolejn\u0105 Deepika Sharma?<\/strong> Poni\u017cej kilka pomys\u0142\u00f3w, jak mo\u017cesz promowa\u0107 swoj\u0105 grup\u0119.<\/p>\n\n\n<h2 id=\"heading-block_30437b69766f880fb66725422f02adfc\" class=\"title-counter\">\n    <span class=\"title-counter--number\">1<\/span>\n    Udost\u0119pnienie<\/h2>\n\n\n<p>Ten spos\u00f3b wydaje si\u0119 a\u017c za prosty, ale uwierz mi, \u017ce dzia\u0142a. Mo\u017cliwo\u015bci udost\u0119pnienia strony s\u0105 naprawd\u0119 szerokie. Warto od czasu do czasu udost\u0119pnia\u0107 j\u0105 na tablicy Twojej strony, co pozwoli dotrze\u0107 przede wszystkim do fan\u00f3w Twojej strony, ale nie tylko. Taki post mo\u017cna r\u00f3wnie\u017c promowa\u0107 przez Facebook Ads, dzi\u0119ki czemu mo\u017cesz skierowa\u0107 jego reklam\u0119 do dowolnej grupy docelowej.<\/p>\n\n\n\n<figure class=\"wp-block-image size-large\"><img decoding=\"async\" width=\"1440\" height=\"809\" src=\"https:\/\/sprawnymarketing.pl\/wp-content\/uploads\/2020\/05\/22.svg\" alt=\"\" class=\"wp-image-46472\"\/><\/figure>\n\n\n<h2 id=\"heading-block_a95bcc3344a2e895161225d0532fc1ac\" class=\"title-counter\">\n    <span class=\"title-counter--number\">2<\/span>\n    Stories<\/h2>\n\n\n<p>Grup\u0119 z powodzeniem mo\u017cesz wypromowa\u0107 w\u0142a\u015bnie w Stories. Szczeg\u00f3lnie je\u015bli mo\u017cesz doda\u0107 do niej link. Wystarczy nagra\u0107 kr\u00f3tki filmik albo przygotowa\u0107 prost\u0105 animacj\u0119.<\/p>\n\n\n<h2 id=\"heading-block_7a90a00e9de496c14ce168cd758c0365\" class=\"title-counter\">\n    <span class=\"title-counter--number\">3<\/span>\n    Mailing<\/h2>\n\n\n<p>Masz baz\u0119 mailingow\u0105 (np. swoich klient\u00f3w b\u0105d\u017a os\u00f3b, kt\u00f3re mog\u0105 by\u0107 potencjalnie zainteresowane tre\u015bciami zamieszczanymi w Twojej grupie)? Facebook i w tym aspekcie nie zawodzi. Mo\u017ce ogranicza wys\u0142anie do 30 os\u00f3b, ale jak to m\u00f3wi\u0105 \u2013 zawsze co\u015b. W panelu g\u0142\u00f3wnym swojej grupy naci\u015bnij<strong> \u201eZapro\u015b\u201d.<\/strong><\/p>\n\n\n\n<figure class=\"wp-block-image size-large\"><img decoding=\"async\" width=\"1440\" height=\"809\" src=\"https:\/\/sprawnymarketing.pl\/wp-content\/uploads\/2020\/05\/23.svg\" alt=\"jak wypromowa\u0107 grup\u0119 na fb\" class=\"wp-image-46471\"\/><\/figure>\n\n\n\n<p>Pojawi Ci si\u0119 okienko, w kt\u00f3rym z \u0142atwo\u015bci\u0105 dodasz adresy e-mail.<\/p>\n\n\n\n<figure class=\"wp-block-image size-large\"><img decoding=\"async\" width=\"1440\" height=\"809\" src=\"https:\/\/sprawnymarketing.pl\/wp-content\/uploads\/2020\/05\/24.svg\" alt=\"promocja grupy na facebooku\" class=\"wp-image-46470\"\/><\/figure>\n\n\n\n<p>Kliknij<strong> \u201eWy\u015blij\u201d<\/strong> i zrobione!<\/p>\n\n\n<h2 id=\"heading-block_dc1b0dc1b1e11e705641a170046380cb\" class=\"title-counter\">\n    <span class=\"title-counter--number\">4<\/span>\n    Zaproszenia<\/h2>\n\n\n<p>Do grupy na Facebooku mo\u017cesz zaprosi\u0107 nie tylko swoich znajomych. Je\u015bli powi\u0105\u017cesz j\u0105 ze stron\u0105, zyskasz mo\u017cliwo\u015b\u0107 wys\u0142ania zaproszenia (w powiadomieniu) do fan\u00f3w Twojej strony. Jednorazowo takich zaprosze\u0144 mo\u017cna wys\u0142a\u0107 kilkadziesi\u0105t do losowo wybranych przez Facebooka os\u00f3b i stron. Mo\u017cesz r\u00f3wnie\u017c zach\u0119ci\u0107 swoich \u201eklubowicz\u00f3w\u201d do dodawania do grupy swoich znajomych. Zrobi\u0105 to w \u0142atwy spos\u00f3b: po wej\u015bciu na grup\u0119 po prawej stronie zobacz\u0105 przycisk \u201eZapro\u015b\u201d.<\/p>\n\n\n<h2 id=\"heading-block_527f2863c80c1af36f1afd6d9d1f0fe2\" class=\"title-counter\">\n    <span class=\"title-counter--number\">5<\/span>\n    Dawaj warto\u015b\u0107<\/h2>\n\n\n<p>Promocja promocj\u0105, ale gdy tre\u015bci publikowane na grupie nie daj\u0105 warto\u015bci, wiedzy, nie s\u0105 interesuj\u0105ce dla jej cz\u0142onk\u00f3w, oczywistym jest, \u017ce nasza grupa nie stanie si\u0119 kolejnym gigantem. Nie r\u00f3bmy spamu, a umieszczane publikacje niech wnosz\u0105 co\u015b nowego do \u017cycia cz\u0142onk\u00f3w.<\/p>\n\n\n\n<h2 class=\"wp-block-heading\">A mo\u017ce grupa subskrypcyjna?<\/h2>\n\n\n\n<p>Zamie\u0144 swoj\u0105 stron\u0119 na Facebooku w grup\u0119 fan\u00f3w Twoich tre\u015bci i zarabiaj na dzieleniu si\u0119 z innymi wiedz\u0105 i do\u015bwiadczeniem.<\/p>\n\n\n\n<figure class=\"wp-block-image size-large\"><img decoding=\"async\" width=\"1440\" height=\"809\" src=\"https:\/\/sprawnymarketing.pl\/wp-content\/uploads\/2020\/05\/25.svg\" alt=\"grupa subskrypcyjna\" class=\"wp-image-46469\"\/><\/figure>\n\n\n\n<p>Jakie wymogi nale\u017cy spe\u0142ni\u0107, aby zacz\u0105\u0107? Na wst\u0119pie warto zaznaczy\u0107, \u017ce aby korzysta\u0107 z mo\u017cliwo\u015bci subskrypcyjnych, nale\u017cy spe\u0142ni\u0107 nast\u0119puj\u0105ce warunki: mie\u0107 10 000 obserwuj\u0105cych b\u0105d\u017a otrzyma\u0107 250 zwrotnych wy\u015bwietle\u0144 oraz spe\u0142nia\u0107 jeden z poni\u017cszych warunk\u00f3w w ci\u0105gu ostatnich 60 dni:<\/p>\n\n\n\n<ul>\n<li>zdoby\u0107 50 000 dzia\u0142a\u0144 pod Twoimi tre\u015bciami (polubienia, komentarze, reakcje itd.),<\/li>\n\n\n\n<li>uzyska\u0107 \u0142\u0105czn\u0105 liczb\u0119 odtwarzania Twoich film\u00f3w na poziomie 180 000 minut.<\/li>\n<\/ul>\n\n\n\n<p>Dodatkowo Twoja strona musi przej\u015b\u0107 <strong>proces weryfikacji.<\/strong> Zainteresowa\u0142 Ci\u0119 ten temat? Wi\u0119cej dowiesz si\u0119 <a href=\"https:\/\/www.facebook.com\/creators\/tools\/subscriptions\" target=\"_blank\" rel=\"noreferrer noopener nofollow\">tutaj.<\/a><\/p>\n\n\n\n<h2 class=\"wp-block-heading\">Podsumowanie<\/h2>\n\n\n\n<p>Wierz\u0119 w to, \u017ce grupy s\u0105 najbli\u017csz\u0105 przysz\u0142o\u015bci\u0105 Facebooka. W ostatnim czasie ich znaczenie bardzo mocno wzros\u0142o. Wida\u0107 to po kolejnych funkcjach dodawanych do tego tworu. Ju\u017c teraz w Stanach Zjednoczonych testowane s\u0105 grupy komercyjne, do kt\u00f3rych dost\u0119p u\u017cytkownik uzyskuje po op\u0142aceniu abonamentu.<\/p>\n\n\n\n<p>Na sam koniec chcia\u0142bym Ci pogratulowa\u0107, \u017ce doczyta\u0142e\u015b do tego miejsca. Wierz\u0119, \u017ce dzi\u0119ki temu b\u0119dziemy mie\u0107 przynajmniej jedn\u0105, dobrze prowadzon\u0105 grup\u0119 na Facebooku wi\u0119cej.<\/p>\n","protected":false},"excerpt":{"rendered":"<p>Nie ulega w\u0105tpliwo\u015bci, \u017ce z perspektywy marketera p\u00f3ki co najwa\u017cniejsz\u0105 cz\u0119\u015bci\u0105 Facebooka s\u0105 strony. Jednak nied\u0142ugo ma si\u0119 to zmieni\u0107. Mark Zuckerberg od jakiego\u015b czasu do\u015b\u0107 wyra\u017anie sugeruje nam wszystkim, \u017ce to w\u0142a\u015bnie grupy s\u0105 przysz\u0142o\u015bci\u0105 tego serwisu. Przysz\u0142o\u015b\u0107 grup na Facebooku W tym artykule chcia\u0142bym przybli\u017cy\u0107 Ci wszystkie aspekty zwi\u0105zane z grupami na Facebooku, [&hellip;]<\/p>\n","protected":false},"author":226,"featured_media":36492,"comment_status":"open","ping_status":"open","sticky":false,"template":"","format":"standard","meta":{"_acf_changed":false,"footnotes":""},"categories":[792,1149],"tags":[],"coauthors":[2542],"acf":[],"yoast_head":"<!-- This site is optimized with the Yoast SEO Premium plugin v24.1 (Yoast SEO v24.4) - https:\/\/yoast.com\/wordpress\/plugins\/seo\/ -->\n<title>Grupy na Facebooku - wszystko co powiniene\u015b o nich wiedzie\u0107<\/title>\n<meta name=\"description\" content=\"Grupy na Facebooku stale zyskuj\u0105 na znaczeniu. Sprawd\u017a, jak je wykorzysta\u0107 w swoich dzia\u0142aniach i o czym pami\u0119ta\u0107, aby dobrze je prowadzi\u0107!\" \/>\n<meta name=\"robots\" content=\"index, follow, max-snippet:-1, max-image-preview:large, max-video-preview:-1\" \/>\n<link rel=\"canonical\" href=\"https:\/\/sprawnymarketing.pl\/blog\/grupy-na-facebooku-wszystko-co-powinienes-o-nich-wiedziec\/\" \/>\n<meta property=\"og:locale\" content=\"pl_PL\" \/>\n<meta property=\"og:type\" content=\"article\" \/>\n<meta property=\"og:title\" content=\"Grupy na Facebooku \u2013 wszystko co powiniene\u015b o nich wiedzie\u0107\" \/>\n<meta property=\"og:description\" content=\"Grupy na Facebooku stale zyskuj\u0105 na znaczeniu. Sprawd\u017a, jak je wykorzysta\u0107 w swoich dzia\u0142aniach i o czym pami\u0119ta\u0107, aby dobrze je prowadzi\u0107!\" \/>\n<meta property=\"og:url\" content=\"https:\/\/sprawnymarketing.pl\/blog\/grupy-na-facebooku-wszystko-co-powinienes-o-nich-wiedziec\/\" \/>\n<meta property=\"og:site_name\" content=\"sprawny.marketing \u2022 Szkolenia \u2022 Konferencje \u2022 Magazyn\" \/>\n<meta property=\"article:publisher\" content=\"https:\/\/www.facebook.com\/SprawnyMarketing\/\" \/>\n<meta property=\"article:published_time\" content=\"2023-06-06T09:41:17+00:00\" \/>\n<meta property=\"article:modified_time\" content=\"2023-06-06T09:41:19+00:00\" \/>\n<meta property=\"og:image\" content=\"https:\/\/sprawnymarketing.pl\/wp-content\/uploads\/2020\/05\/560x315-Grupy-na-Facebooku-\u2013-wszystko-co-powiniene\u015b-o-nich-wiedzie\u0107.png\" \/>\n\t<meta property=\"og:image:width\" content=\"560\" \/>\n\t<meta property=\"og:image:height\" content=\"315\" \/>\n\t<meta property=\"og:image:type\" content=\"image\/png\" \/>\n<meta name=\"author\" content=\"Hubert Jezierski\" \/>\n<meta name=\"twitter:card\" content=\"summary_large_image\" \/>\n<meta name=\"twitter:label1\" content=\"Napisane przez\" \/>\n\t<meta name=\"twitter:data1\" content=\"Hubert Jezierski\" \/>\n\t<meta name=\"twitter:label2\" content=\"Szacowany czas czytania\" \/>\n\t<meta name=\"twitter:data2\" content=\"21 minut\" \/>\n\t<meta name=\"twitter:label3\" content=\"Written by\" \/>\n\t<meta name=\"twitter:data3\" content=\"Hubert Jezierski\" \/>\n<!-- \/ Yoast SEO Premium plugin. -->","yoast_head_json":{"title":"Grupy na Facebooku - wszystko co powiniene\u015b o nich wiedzie\u0107","description":"Grupy na Facebooku stale zyskuj\u0105 na znaczeniu. Sprawd\u017a, jak je wykorzysta\u0107 w swoich dzia\u0142aniach i o czym pami\u0119ta\u0107, aby dobrze je prowadzi\u0107!","robots":{"index":"index","follow":"follow","max-snippet":"max-snippet:-1","max-image-preview":"max-image-preview:large","max-video-preview":"max-video-preview:-1"},"canonical":"https:\/\/sprawnymarketing.pl\/blog\/grupy-na-facebooku-wszystko-co-powinienes-o-nich-wiedziec\/","og_locale":"pl_PL","og_type":"article","og_title":"Grupy na Facebooku \u2013 wszystko co powiniene\u015b o nich wiedzie\u0107","og_description":"Grupy na Facebooku stale zyskuj\u0105 na znaczeniu. Sprawd\u017a, jak je wykorzysta\u0107 w swoich dzia\u0142aniach i o czym pami\u0119ta\u0107, aby dobrze je prowadzi\u0107!","og_url":"https:\/\/sprawnymarketing.pl\/blog\/grupy-na-facebooku-wszystko-co-powinienes-o-nich-wiedziec\/","og_site_name":"sprawny.marketing \u2022 Szkolenia \u2022 Konferencje \u2022 Magazyn","article_publisher":"https:\/\/www.facebook.com\/SprawnyMarketing\/","article_published_time":"2023-06-06T09:41:17+00:00","article_modified_time":"2023-06-06T09:41:19+00:00","og_image":[{"width":560,"height":315,"url":"https:\/\/sprawnymarketing.pl\/wp-content\/uploads\/2020\/05\/560x315-Grupy-na-Facebooku-\u2013-wszystko-co-powiniene\u015b-o-nich-wiedzie\u0107.png","type":"image\/png"}],"author":"Hubert Jezierski","twitter_card":"summary_large_image","twitter_misc":{"Napisane przez":"Hubert Jezierski","Szacowany czas czytania":"21 minut","Written by":"Hubert Jezierski"},"schema":{"@context":"https:\/\/schema.org","@graph":[{"@type":"Article","@id":"https:\/\/sprawnymarketing.pl\/blog\/grupy-na-facebooku-wszystko-co-powinienes-o-nich-wiedziec\/#article","isPartOf":{"@id":"https:\/\/sprawnymarketing.pl\/blog\/grupy-na-facebooku-wszystko-co-powinienes-o-nich-wiedziec\/"},"author":{"name":"Hubert Jezierski","@id":"https:\/\/sprawnymarketing.pl\/#\/schema\/person\/ff77ecd40ef8c6dc4503b4321cae6263"},"headline":"Grupy na Facebooku \u2013 wszystko co powiniene\u015b o nich wiedzie\u0107","datePublished":"2023-06-06T09:41:17+00:00","dateModified":"2023-06-06T09:41:19+00:00","mainEntityOfPage":{"@id":"https:\/\/sprawnymarketing.pl\/blog\/grupy-na-facebooku-wszystko-co-powinienes-o-nich-wiedziec\/"},"wordCount":3220,"commentCount":13,"publisher":{"@id":"https:\/\/sprawnymarketing.pl\/#organization"},"image":{"@id":"https:\/\/sprawnymarketing.pl\/blog\/grupy-na-facebooku-wszystko-co-powinienes-o-nich-wiedziec\/#primaryimage"},"thumbnailUrl":"https:\/\/sprawnymarketing.pl\/wp-content\/uploads\/2020\/05\/560x315-Grupy-na-Facebooku-\u2013-wszystko-co-powiniene\u015b-o-nich-wiedzie\u0107.png","articleSection":["Facebook","Social Media"],"inLanguage":"pl-PL","potentialAction":[{"@type":"CommentAction","name":"Comment","target":["https:\/\/sprawnymarketing.pl\/blog\/grupy-na-facebooku-wszystko-co-powinienes-o-nich-wiedziec\/#respond"]}]},{"@type":"WebPage","@id":"https:\/\/sprawnymarketing.pl\/blog\/grupy-na-facebooku-wszystko-co-powinienes-o-nich-wiedziec\/","url":"https:\/\/sprawnymarketing.pl\/blog\/grupy-na-facebooku-wszystko-co-powinienes-o-nich-wiedziec\/","name":"Grupy na Facebooku - wszystko co powiniene\u015b o nich wiedzie\u0107","isPartOf":{"@id":"https:\/\/sprawnymarketing.pl\/#website"},"primaryImageOfPage":{"@id":"https:\/\/sprawnymarketing.pl\/blog\/grupy-na-facebooku-wszystko-co-powinienes-o-nich-wiedziec\/#primaryimage"},"image":{"@id":"https:\/\/sprawnymarketing.pl\/blog\/grupy-na-facebooku-wszystko-co-powinienes-o-nich-wiedziec\/#primaryimage"},"thumbnailUrl":"https:\/\/sprawnymarketing.pl\/wp-content\/uploads\/2020\/05\/560x315-Grupy-na-Facebooku-\u2013-wszystko-co-powiniene\u015b-o-nich-wiedzie\u0107.png","datePublished":"2023-06-06T09:41:17+00:00","dateModified":"2023-06-06T09:41:19+00:00","description":"Grupy na Facebooku stale zyskuj\u0105 na znaczeniu. Sprawd\u017a, jak je wykorzysta\u0107 w swoich dzia\u0142aniach i o czym pami\u0119ta\u0107, aby dobrze je prowadzi\u0107!","breadcrumb":{"@id":"https:\/\/sprawnymarketing.pl\/blog\/grupy-na-facebooku-wszystko-co-powinienes-o-nich-wiedziec\/#breadcrumb"},"inLanguage":"pl-PL","potentialAction":[{"@type":"ReadAction","target":["https:\/\/sprawnymarketing.pl\/blog\/grupy-na-facebooku-wszystko-co-powinienes-o-nich-wiedziec\/"]}]},{"@type":"ImageObject","inLanguage":"pl-PL","@id":"https:\/\/sprawnymarketing.pl\/blog\/grupy-na-facebooku-wszystko-co-powinienes-o-nich-wiedziec\/#primaryimage","url":"https:\/\/sprawnymarketing.pl\/wp-content\/uploads\/2020\/05\/560x315-Grupy-na-Facebooku-\u2013-wszystko-co-powiniene\u015b-o-nich-wiedzie\u0107.png","contentUrl":"https:\/\/sprawnymarketing.pl\/wp-content\/uploads\/2020\/05\/560x315-Grupy-na-Facebooku-\u2013-wszystko-co-powiniene\u015b-o-nich-wiedzie\u0107.png","width":560,"height":315},{"@type":"BreadcrumbList","@id":"https:\/\/sprawnymarketing.pl\/blog\/grupy-na-facebooku-wszystko-co-powinienes-o-nich-wiedziec\/#breadcrumb","itemListElement":[{"@type":"ListItem","position":1,"name":"Strona g\u0142\u00f3wna","item":"https:\/\/sprawnymarketing.pl\/"},{"@type":"ListItem","position":2,"name":"Grupy na Facebooku \u2013 wszystko co powiniene\u015b o nich wiedzie\u0107"}]},{"@type":"WebSite","@id":"https:\/\/sprawnymarketing.pl\/#website","url":"https:\/\/sprawnymarketing.pl\/","name":"sprawny.marketing \u2022 Szkolenia \u2022 Konferencje \u2022 Magazyn","description":"","publisher":{"@id":"https:\/\/sprawnymarketing.pl\/#organization"},"potentialAction":[{"@type":"SearchAction","target":{"@type":"EntryPoint","urlTemplate":"https:\/\/sprawnymarketing.pl\/?s={search_term_string}"},"query-input":{"@type":"PropertyValueSpecification","valueRequired":true,"valueName":"search_term_string"}}],"inLanguage":"pl-PL"},{"@type":"Organization","@id":"https:\/\/sprawnymarketing.pl\/#organization","name":"sprawny.marketing \u2022 Szkolenia \u2022 Konferencje \u2022 Magazyn","url":"https:\/\/sprawnymarketing.pl\/","logo":{"@type":"ImageObject","inLanguage":"pl-PL","@id":"https:\/\/sprawnymarketing.pl\/#\/schema\/logo\/image\/","url":"https:\/\/sprawnymarketing.pl\/wp-content\/uploads\/2020\/07\/logo-3.png","contentUrl":"https:\/\/sprawnymarketing.pl\/wp-content\/uploads\/2020\/07\/logo-3.png","width":512,"height":106,"caption":"sprawny.marketing \u2022 Szkolenia \u2022 Konferencje \u2022 Magazyn"},"image":{"@id":"https:\/\/sprawnymarketing.pl\/#\/schema\/logo\/image\/"},"sameAs":["https:\/\/www.facebook.com\/SprawnyMarketing\/"]},{"@type":"Person","@id":"https:\/\/sprawnymarketing.pl\/#\/schema\/person\/ff77ecd40ef8c6dc4503b4321cae6263","name":"Hubert Jezierski","image":{"@type":"ImageObject","inLanguage":"pl-PL","@id":"https:\/\/sprawnymarketing.pl\/#\/schema\/person\/image\/8bfae528c59c9a622482d1b923f87b16","url":"https:\/\/sprawnymarketing.pl\/wp-content\/uploads\/2020\/04\/jezierski-150x150.png","contentUrl":"https:\/\/sprawnymarketing.pl\/wp-content\/uploads\/2020\/04\/jezierski-150x150.png","caption":"Hubert Jezierski"},"description":"Social media &amp; e-commerce manager w Willisch, w\u0142a\u015bciciel sklepu internetowego Druga R\u0119ka, instruktor ZHP, student handlu i marketingu na Uniwersytecie Ekonomicznym w Poznaniu. Prywatnie amator sport\u00f3w wytrzyma\u0142o\u015bciowych i mi\u0142o\u015bnik dobrej literatury.","url":"https:\/\/sprawnymarketing.pl\/blog\/autor\/hubert\/"}]}},"_links":{"self":[{"href":"https:\/\/sprawnymarketing.pl\/smblog-api\/wp\/v2\/posts\/36446"}],"collection":[{"href":"https:\/\/sprawnymarketing.pl\/smblog-api\/wp\/v2\/posts"}],"about":[{"href":"https:\/\/sprawnymarketing.pl\/smblog-api\/wp\/v2\/types\/post"}],"author":[{"embeddable":true,"href":"https:\/\/sprawnymarketing.pl\/smblog-api\/wp\/v2\/users\/226"}],"replies":[{"embeddable":true,"href":"https:\/\/sprawnymarketing.pl\/smblog-api\/wp\/v2\/comments?post=36446"}],"version-history":[{"count":7,"href":"https:\/\/sprawnymarketing.pl\/smblog-api\/wp\/v2\/posts\/36446\/revisions"}],"predecessor-version":[{"id":46496,"href":"https:\/\/sprawnymarketing.pl\/smblog-api\/wp\/v2\/posts\/36446\/revisions\/46496"}],"wp:featuredmedia":[{"embeddable":true,"href":"https:\/\/sprawnymarketing.pl\/smblog-api\/wp\/v2\/media\/36492"}],"wp:attachment":[{"href":"https:\/\/sprawnymarketing.pl\/smblog-api\/wp\/v2\/media?parent=36446"}],"wp:term":[{"taxonomy":"category","embeddable":true,"href":"https:\/\/sprawnymarketing.pl\/smblog-api\/wp\/v2\/categories?post=36446"},{"taxonomy":"post_tag","embeddable":true,"href":"https:\/\/sprawnymarketing.pl\/smblog-api\/wp\/v2\/tags?post=36446"},{"taxonomy":"author","embeddable":true,"href":"https:\/\/sprawnymarketing.pl\/smblog-api\/wp\/v2\/coauthors?post=36446"}],"curies":[{"name":"wp","href":"https:\/\/api.w.org\/{rel}","templated":true}]}}