{"id":49459,"date":"2025-01-22T12:14:04","date_gmt":"2025-01-22T11:14:04","guid":{"rendered":"https:\/\/sprawnymarketing.pl\/?p=49459"},"modified":"2025-01-23T10:02:21","modified_gmt":"2025-01-23T09:02:21","slug":"meta-rezygnuje-z-fact-checkingu-i-wprowadza-community-notes-opinie-ekspertow","status":"publish","type":"post","link":"https:\/\/sprawnymarketing.pl\/blog\/meta-rezygnuje-z-fact-checkingu-i-wprowadza-community-notes-opinie-ekspertow\/","title":{"rendered":"Meta rezygnuje z fact-checkingu i wprowadza Community Notes \u2013 jakie przyniesie to konsekwencje? Opinie ekspert\u00f3w"},"content":{"rendered":"\n<p>Na pocz\u0105tku stycznia Mark Zuckerberg og\u0142osi\u0142, \u017ce Meta rezygnuje z fact-checkingu, a zamiast tego wprowadza Community Notes, rozwi\u0105zanie znane z platformy X, na kt\u00f3rej to u\u017cytkownicy maj\u0105 mo\u017cliwo\u015b\u0107 dodawania notatek i sprostowywania nieprawdziwych informacji. <\/p>\n\n\n\n<p>Zmiana ta p\u00f3ki co dotyczy USA. Czas poka\u017ce, czy Meta b\u0119dzie pr\u00f3bowa\u0142a wprowadzi\u0107 podobne rozwi\u0105zanie w Europie. Jak stwierdzi\u0142a Nicola Mendelsohn, szefowa ds. globalnego biznesu Meta, na ten moment nie s\u0105 planowane zmiany w zakresie weryfikacji fakt\u00f3w w UE. Platforma chce najpierw sprawdzi\u0107, jak to rozwi\u0105zanie sprawdzi si\u0119 w Stanach Zjednoczonych. Prawdopodobnie du\u017c\u0105 rol\u0119 odgrywaj\u0105 tutaj tak\u017ce unijne przepisy, wed\u0142ug kt\u00f3rych platformy spo\u0142eczno\u015bciowe powinny reagowa\u0107 na pojawiaj\u0105c\u0105 si\u0119 dezinformacj\u0119 i eliminowa\u0107 wprowadzaj\u0105ce w b\u0142\u0105d tre\u015bci polityczne.<\/p>\n\n\n\n<h2 class=\"wp-block-heading\" id=\"h-konsekwencje-rezygnacji-z-programu-fact-checkingu\">Konsekwencje rezygnacji z programu fact-checkingu<\/h2>\n\n\n\n<p>Jakie konsekwencje mo\u017ce przynie\u015b\u0107 rezygnacja Mety z fact-checkingu? Czy przej\u015bcie na Community Notes mo\u017ce sprzyja\u0107 dezinformacji i manipulacji? Czy Mecie grozi odp\u0142yw reklamodawc\u00f3w, jak mia\u0142o to miejsce w przypadku  X? A mo\u017ce zmiany te b\u0119d\u0105 sprzyja\u0107 przyp\u0142ywowi nowych u\u017cytkownik\u00f3w platform nale\u017c\u0105cych do Zuckerberga? Zapytali\u015bmy o opini\u0119 14 ekspert\u00f3w i ekspertek z bran\u017cy. Oto ich odpowiedzi!<\/p>\n\n\n\n<div class=\"wp-block-media-text is-stacked-on-mobile\" style=\"grid-template-columns:20% auto\"><figure class=\"wp-block-media-text__media\"><img decoding=\"async\" width=\"530\" height=\"530\" src=\"https:\/\/sprawnymarketing.pl\/wp-content\/uploads\/2025\/01\/Chmielewski-530x530.png\" alt=\"\" class=\"wp-image-49484 size-full\" srcset=\"https:\/\/sprawnymarketing.pl\/wp-content\/uploads\/2025\/01\/Chmielewski-530x530.png 530w, https:\/\/sprawnymarketing.pl\/wp-content\/uploads\/2025\/01\/Chmielewski-300x300.png 300w, https:\/\/sprawnymarketing.pl\/wp-content\/uploads\/2025\/01\/Chmielewski-150x150.png 150w, https:\/\/sprawnymarketing.pl\/wp-content\/uploads\/2025\/01\/Chmielewski-768x768.png 768w, https:\/\/sprawnymarketing.pl\/wp-content\/uploads\/2025\/01\/Chmielewski-1536x1536.png 1536w, https:\/\/sprawnymarketing.pl\/wp-content\/uploads\/2025\/01\/Chmielewski.png 1896w\" sizes=\"(max-width: 530px) 100vw, 530px\" \/><\/figure><div class=\"wp-block-media-text__content\">\n<h2 class=\"wp-block-heading\" id=\"h-piotr-chmielewski\">Piotr Chmielewski<\/h2>\n\n\n\n<p><em>CEO Social Media Now&nbsp;<\/em><\/p>\n<\/div><\/div>\n\n\n\n<p>Meta zapewnia, \u017ce <strong>rezygnacja z fact-checkingu na rzecz Community Notes dotyczy wy\u0142\u0105cznie Stan\u00f3w Zjednoczonych. W Europie nic si\u0119 wi\u0119c nie zmieni<\/strong>, Meta nadal b\u0119dzie wsp\u00f3\u0142pracowa\u0107 z organizacjami weryfikuj\u0105cymi prawdziwo\u015b\u0107 informacji.&nbsp;&nbsp;<\/p>\n\n\n\n<p><strong>Samo rozwi\u0105zanie Community Notes znane z Twittera\/X nie wydaje si\u0119 z\u0142e<\/strong> \u2013 tam tego typu komentarze spo\u0142eczno\u015bci skutecznie odk\u0142amuj\u0105 nawet wpisy Elona Muska. Dzi\u0119ki Community Notes to spo\u0142eczno\u015b\u0107 rozwi\u0105zuje problem, kt\u00f3ry sama stworzy\u0142a.&nbsp;<\/p>\n\n\n\n<p>Jednocze\u015bnie ca\u0142e szcz\u0119\u015bcie, \u017ce <strong>rozwi\u0105zanie tego typu nie wejdzie (na razie?) w \u017cycie w Europie, bo po pierwsze: wymaga przetestowania, a po drugie: oczekiwania polityk\u00f3w europejskich i urz\u0119dnik\u00f3w UE s\u0105 wr\u0119cz przeciwne<\/strong>. W zwi\u0105zku z <a href=\"https:\/\/sprawnymarketing.pl\/blog\/social-media-a-polityka-tiktok-uniewaznione-wybory-w-rumunii\/\" target=\"_blank\" rel=\"noreferrer noopener\">histori\u0105 wybor\u00f3w prezydenckich w Rumunii<\/a> (anulowanych ze wzgl\u0119du na dzia\u0142ania obcych s\u0142u\u017cb na TikToku) oczekuj\u0105 oni raczej wzmocnionej weryfikacji tre\u015bci. Tego typu zmiana ustawia\u0142aby wi\u0119c Met\u0119 na kursie kolizyjnym z regulatorami, a to nie mog\u0142yby si\u0119 sko\u0144czy\u0107 dobrze.&nbsp;<\/p>\n\n\n\n<div class=\"wp-block-media-text is-stacked-on-mobile\" style=\"grid-template-columns:20% auto\"><figure class=\"wp-block-media-text__media\"><img decoding=\"async\" width=\"200\" height=\"200\" src=\"https:\/\/sprawnymarketing.pl\/wp-content\/uploads\/2025\/01\/Artur-Kurasinski.png\" alt=\"\" class=\"wp-image-49468 size-full\" srcset=\"https:\/\/sprawnymarketing.pl\/wp-content\/uploads\/2025\/01\/Artur-Kurasinski.png 200w, https:\/\/sprawnymarketing.pl\/wp-content\/uploads\/2025\/01\/Artur-Kurasinski-150x150.png 150w\" sizes=\"(max-width: 200px) 100vw, 200px\" \/><\/figure><div class=\"wp-block-media-text__content\">\n<h2 class=\"wp-block-heading\" id=\"h-artur-kurasinski\">Artur Kurasi\u0144ski<\/h2>\n\n\n\n<p><em>Przedsi\u0119biorca, inwestor, tw\u00f3rca&nbsp;podcastu i newslettera o nowych technologiach \u2013 Technofobia.<\/em><\/p>\n<\/div><\/div>\n\n\n\n<p>No to mamy powt\u00f3rk\u0119 z Twittera, tym razem na skal\u0119 wielu milard\u00f3w u\u017cytkownik\u00f3w. Wideo Zuckerberga obejrza\u0142em trzy razy, szukaj\u0105c element\u00f3w wskazuj\u0105cych na to, \u017ce to jest fejk. Niestety. Zuckerberg postanowi\u0142 wej\u015b\u0107 w ty\u0142ek Trumpowi tak bardzo, \u017ce chce przegoni\u0107 w tym Muska.<\/p>\n\n\n\n<p><strong>Bardzo niebezpieczny fragment to ten, w kt\u00f3rym Zuckerberg jasno m\u00f3wi, \u017ce Europa za bardzo cenzoruje ameryka\u0144skie firmy i zapowiada walk\u0119.<\/strong> To jest opcja atomowa. Z takim przeciwnikiem jak Meta nie ma szans na wygranie walki. Inaczej to szury z Qanon b\u0119d\u0105 wybiera\u0142y kolejne rz\u0105dy na kontynencie. Jedynym wyj\u015bciem w Europie b\u0119dzie ban tych platform. Ca\u0142kowity.<\/p>\n\n\n\n<blockquote class=\"wp-block-quote is-layout-flow wp-block-quote-is-layout-flow\">\n<p>\u201eMeta will get rid of factcheckers, \u201cdramatically reduce the amount of censorship\u201d and recommend more political content on its platforms, including Facebook, Instagram and Threads, founder Mark Zuckerberg has announced. In a video message, Zuckerberg vowed to prioritise free speech after the return of Donald Trump to the White House and said that, starting in the US, he would \u201cget rid of factcheckers and replace them with community notes similar to X\u201d.<\/p>\n<\/blockquote>\n\n\n<div id=\"text-block_f683c2f3109073fe98cfa5703394fc69\" class=\"frame-border\" >\n        <p>W ogniu ideologicznej walki z \u201efact-checkingiem\u201d warto te\u017c przypomnie\u0107, \u017ce tak bardzo idealizowane muskowe \u201eCommunity Notes\u201d nie dzia\u0142aj\u0105 z prostej przyczyny \u2013 wszyscy opiniuj\u0105cy musz\u0105 zgodzi\u0107 si\u0119 co do fina\u0142owego kszta\u0142tu notki, co przy tematach typu pandemia czy polityka po prostu nie jest mo\u017cliwe.<\/p>\n<\/div>\n\n\n<div class=\"wp-block-media-text is-stacked-on-mobile\" style=\"grid-template-columns:20% auto\"><figure class=\"wp-block-media-text__media\"><img decoding=\"async\" width=\"530\" height=\"530\" src=\"https:\/\/sprawnymarketing.pl\/wp-content\/uploads\/2025\/01\/Kardys-530x530.png\" alt=\"\" class=\"wp-image-49482 size-full\" srcset=\"https:\/\/sprawnymarketing.pl\/wp-content\/uploads\/2025\/01\/Kardys-530x530.png 530w, https:\/\/sprawnymarketing.pl\/wp-content\/uploads\/2025\/01\/Kardys-300x300.png 300w, https:\/\/sprawnymarketing.pl\/wp-content\/uploads\/2025\/01\/Kardys-150x150.png 150w, https:\/\/sprawnymarketing.pl\/wp-content\/uploads\/2025\/01\/Kardys.png 600w\" sizes=\"(max-width: 530px) 100vw, 530px\" \/><\/figure><div class=\"wp-block-media-text__content\">\n<h2 class=\"wp-block-heading\" id=\"h-wojtek-kardys\">Wojtek Kardy\u015b<\/h2>\n\n\n\n<p><em>Ekspert od social media i komunikacji internetowej, wyk\u0142adowca akademicki, digital ambasador UE, tw\u00f3rca tre\u015bci, publicysta<\/em><\/p>\n<\/div><\/div>\n\n\n\n<p>Nowa polityka tre\u015bci Meta, cho\u0107 z pozoru przedstawiona i zaprojektowana z my\u015bl\u0105 o zwi\u0119kszeniu transparentno\u015bci i poprawie moderacji tre\u015bci, jest niczym innym jak <strong>cynicznym i biznesowo-politycznym ruchem Marka Zuckerberga<\/strong>, kt\u00f3rego kolana a\u017c bol\u0105 od kl\u0119kania przed Trumpem i jego administracj\u0105.&nbsp;<\/p>\n\n\n\n<p>Przypominam, \u017ce Meta od lat wp\u0142ywa na spo\u0142ecze\u0144stwo, a kolejne zmiany mog\u0105 nie tylko pog\u0142\u0119bi\u0107 istniej\u0105ce problemy, ale tak\u017ce stworzy\u0107 nowe. Ingerencja w algorytm, promuj\u0105ca tre\u015bci polityczne, to furtka do jeszcze silniejszej polaryzacji spo\u0142ecznej. <\/p>\n\n\n<p id=\"text-block_18431ce6ac74feb5f0ed898e57750d16\" class=\"text-frame\">\n    Odej\u015bcie od fact-checker\u00f3w na rzecz Community Notes mo\u017ce spowodowa\u0107, \u017ce platforma stanie si\u0119 bardziej podatna na manipulacje.<\/p>\n\n\n<p>Osobi\u015bcie uwa\u017cam, \u017ce&nbsp;podej\u015bcie Meta i Zuckerberga stawia polityk\u0119 ponad lud\u017ami. Ju\u017c teraz taplamy si\u0119 w fake newsach \/ scamach i wzajemnej nienawi\u015bci do samych siebie. Nowa polityka tre\u015bci zwi\u0119kszy toksyczno\u015b\u0107 dyskursu i pog\u0142\u0119bi podzia\u0142y, zamiast wspiera\u0107 swoje spo\u0142eczno\u015bci.&nbsp;<\/p>\n\n\n\n<p>Tak wi\u0119c moje pytanie jest takie, czy Facebook wci\u0105\u017c jest platform\u0105 spo\u0142eczno\u015bciow\u0105, czy ju\u017c tylko (niebezpiecznym) narz\u0119dziem politycznym?&nbsp;<\/p>\n\n\n\n<div class=\"wp-block-media-text is-stacked-on-mobile\" style=\"grid-template-columns:20% auto\"><figure class=\"wp-block-media-text__media\"><img decoding=\"async\" width=\"530\" height=\"530\" src=\"https:\/\/sprawnymarketing.pl\/wp-content\/uploads\/2019\/01\/Anna-Ledwon-Blacha-530x530.png\" alt=\"\" class=\"wp-image-42391 size-full\"\/><\/figure><div class=\"wp-block-media-text__content\">\n<h2 class=\"wp-block-heading\" id=\"h-anna-ledwon-blacha\">Anna Ledwo\u0144-Blacha<\/h2>\n\n\n\n<p><em>Co-founder &amp; Creative Director w agencji More Bananas oraz co-founder i g\u0142\u00f3wny organizator CRASH Mondays<\/em><\/p>\n<\/div><\/div>\n\n\n\n<p>Meta odchodzi od fact-checkingu, wprowadzaj\u0105c Community Notes, co na pierwszy rzut oka mo\u017ce wydawa\u0107 si\u0119 demokratyzacj\u0105 moderacji tre\u015bci, ale w praktyce niesie szereg zagro\u017ce\u0144.<\/p>\n\n\n\n<p>Decyzja ta mo\u017ce znacz\u0105co zmieni\u0107 charakter Facebooka i Instagrama. Dotychczasowe wsparcie organizacji fact-checkingowych, opartych na dziennikarskich standardach, by\u0142o filarem walki z dezinformacj\u0105. <strong>Przeniesienie odpowiedzialno\u015bci na u\u017cytkownik\u00f3w, kt\u00f3rzy cz\u0119sto nie maj\u0105 ani wiedzy, ani czasu, by rzetelnie analizowa\u0107 tre\u015bci, grozi eskalacj\u0105 chaosu informacyjnego.<\/strong><\/p>\n\n\n<div id=\"text-block_42f3149736a537a39e625bbeb86b432d\" class=\"frame-border\" >\n        <p>Najwi\u0119kszym wyzwaniem jest podatno\u015b\u0107 systemu na manipulacj\u0119. Community Notes, cho\u0107 teoretycznie maj\u0105 promowa\u0107 r\u00f3\u017cnorodno\u015b\u0107 opinii, mog\u0105 zosta\u0107 zdominowane przez grupy interesu czy boty. Przyk\u0142ady z platformy X pokazuj\u0105, \u017ce taki model nie zawsze dzia\u0142a efektywnie \u2013 notatki docieraj\u0105 do niewielkiej liczby u\u017cytkownik\u00f3w, a dezinformacja cz\u0119sto rozprzestrzenia si\u0119 szybciej ni\u017c mechanizmy jej weryfikacji.<\/p>\n<\/div>\n\n\n<p>D\u0142ugofalowo <strong>Meta ryzykuje utrat\u0119 zaufania u\u017cytkownik\u00f3w<\/strong>. Wolno\u015b\u0107 s\u0142owa to pi\u0119kna idea, ale czy powinna odbywa\u0107 si\u0119 kosztem odpowiedzialno\u015bci platformy? Decyzja ta podkre\u015bla konieczno\u015b\u0107 edukacji cyfrowej, kt\u00f3ra pozwoli u\u017cytkownikom \u015bwiadomie porusza\u0107 si\u0119 w sieci. Jednak pytanie brzmi: czy spo\u0142eczno\u015bciowy fact-checking na platformach o takiej skali jak te nale\u017c\u0105ce do Meta jest realn\u0105 odpowiedzi\u0105 na problem dezinformacji, czy tylko pr\u00f3b\u0105 unikni\u0119cia odpowiedzialno\u015bci? I jak zawsze: \u201eWolno\u015b\u0107 cz\u0142owieka ko\u0144czy si\u0119 tam, gdzie zaczyna si\u0119 wolno\u015b\u0107 drugiego cz\u0142owieka\u201d.<\/p>\n\n\n\n<div class=\"wp-block-media-text is-stacked-on-mobile\" style=\"grid-template-columns:20% auto\"><figure class=\"wp-block-media-text__media\"><img decoding=\"async\" width=\"530\" height=\"530\" src=\"https:\/\/sprawnymarketing.pl\/wp-content\/uploads\/2021\/12\/Tomasz-Brusik-530x530.png\" alt=\"\" class=\"wp-image-43282 size-full\" srcset=\"https:\/\/sprawnymarketing.pl\/wp-content\/uploads\/2021\/12\/Tomasz-Brusik-530x530.png 530w, https:\/\/sprawnymarketing.pl\/wp-content\/uploads\/2021\/12\/Tomasz-Brusik-300x300.png 300w, https:\/\/sprawnymarketing.pl\/wp-content\/uploads\/2021\/12\/Tomasz-Brusik-150x150.png 150w, https:\/\/sprawnymarketing.pl\/wp-content\/uploads\/2021\/12\/Tomasz-Brusik-768x768.png 768w, https:\/\/sprawnymarketing.pl\/wp-content\/uploads\/2021\/12\/Tomasz-Brusik-1536x1536.png 1536w, https:\/\/sprawnymarketing.pl\/wp-content\/uploads\/2021\/12\/Tomasz-Brusik.png 1896w\" sizes=\"(max-width: 530px) 100vw, 530px\" \/><\/figure><div class=\"wp-block-media-text__content\">\n<h2 class=\"wp-block-heading\" id=\"h-tomasz-brusik\">Tomasz Brusik<\/h2>\n\n\n\n<p><em>Ekspert social media, autor&nbsp;<a href=\"http:\/\/rysujefejsbuki.pl\/\" target=\"_blank\" rel=\"noreferrer noopener\">rysujefejsbuki.pl<\/a><\/em><\/p>\n<\/div><\/div>\n\n\n\n<p>Z perspektywy u\u017cytkownika spodziewam si\u0119, \u017ce Facebooka i Instagrama mog\u0105 zala\u0107 tre\u015bci skrajne \u2013 spiskowe z jednej i drugiej strony \u2013 a j\u0119zyk debaty zaostrzy si\u0119, jak ma to miejsce na X. Wkr\u00f3tce w platformach Mety zobaczymy tre\u015bci, kt\u00f3re przez kilka ostatnich lat by\u0142y blokowane. Co prawda w wi\u0119kszo\u015bci b\u0119d\u0105 one opatrzone odpowiedni\u0105 notatk\u0105 spo\u0142eczno\u015bciow\u0105 (Community Notes), ale badania pokazuj\u0105, \u017ce <strong>mo\u017ce ona okaza\u0107 si\u0119 niewystarczaj\u0105ca, szczeg\u00f3lnie w przypadku mniej \u015bwiadomych grup odbiorc\u00f3w<\/strong>.<\/p>\n\n\n<div id=\"text-block_03108c7b4e9bd1df57ee86950e08f663\" class=\"frame-border\" >\n        <p>Z perspektywy marketera kluczowe jest to, czy Meta zdecyduje si\u0119 wprowadzi\u0107 mo\u017cliwo\u015b\u0107 dodawania notatek spo\u0142eczno\u015bciowych do reklam oraz post\u00f3w marek i influencer\u00f3w, jak zrobi\u0142 to X. To jeden z powod\u00f3w, dlaczego reklamodawcy tak masowo wycofali swoje bud\u017cety z platformy Muska.<\/p>\n<\/div>\n\n\n<p>Na X mo\u017cna spotka\u0107 sporo reklam (np. gier wideo z adnotacj\u0105, \u017ce prezentowany w reklamie materia\u0142 wideo nie pochodzi z reklamowanej gry).&nbsp;Community Notes&nbsp;pojawiaj\u0105 si\u0119 te\u017c pod reklamami sklep\u00f3w dropshippingowych oraz sprzedaj\u0105cych produkty s\u0142abej jako\u015bci.<\/p>\n\n\n\n<p>W po\u0142owie stycznia <strong>agencja Reuters przekaza\u0142a informacj\u0119, \u017ce notatki spo\u0142eczno\u015bciowe w platformach Mety nie b\u0119d\u0105 dotyczy\u0142y reklam, a jedynie tre\u015bci organicznych<\/strong>. Wcze\u015bniej Wall Street Journal poda\u0142, \u017ce organiczne posty marek i influencer\u00f3w r\u00f3wnie\u017c mog\u0105 nie podlega\u0107&nbsp;Community Notes. Nie s\u0105 to jednak informacje oficjalne, czyli od samej Mety. Rzecznik Mety nazywa\u0142 je wr\u0119cz spekulacjami.<\/p>\n\n\n\n<div class=\"wp-block-media-text is-stacked-on-mobile\" style=\"grid-template-columns:20% auto\"><figure class=\"wp-block-media-text__media\"><img decoding=\"async\" width=\"200\" height=\"200\" src=\"https:\/\/sprawnymarketing.pl\/wp-content\/uploads\/2023\/04\/Dagmara-Pakulska.png.webp\" alt=\"\" class=\"wp-image-46310 size-full\" srcset=\"https:\/\/sprawnymarketing.pl\/wp-content\/uploads\/2023\/04\/Dagmara-Pakulska.png.webp 200w, https:\/\/sprawnymarketing.pl\/wp-content\/uploads\/2023\/04\/Dagmara-Pakulska.png-150x150.webp 150w\" sizes=\"(max-width: 200px) 100vw, 200px\" \/><\/figure><div class=\"wp-block-media-text__content\">\n<h2 class=\"wp-block-heading\" id=\"h-dagmara-pakulska\">Dagmara Pakulska<\/h2>\n\n\n\n<p><em>Marketerka, przedsi\u0119biorczyni i wyk\u0142adowczyni akademicka, a od niedawna r\u00f3wnie\u017c konferansjerka wydarze\u0144 bran\u017cowych. Autorka Niby-Pras\u00f3wki<\/em><\/p>\n<\/div><\/div>\n\n\n\n<p>Decyzja Marka Zuckerberga o zast\u0105pieniu programu weryfikacji fakt\u00f3w na platformach nale\u017c\u0105cych do Mety funkcj\u0105 Community Notes, inspirowan\u0105 rozwi\u0105zaniem istniej\u0105cym ju\u017c na X, to ewidentne puszczenie politycznego oczka w stron\u0119 nowej administracji, kt\u00f3ra pod przewodnictwem Trumpa wkracza w\u0142a\u015bnie do Bia\u0142ego Domu.<\/p>\n\n\n\n<p>Nie zmienia to jednak faktu, \u017ce ten ruch mo\u017ce przynie\u015b\u0107 <strong>istotne zmiany w moderacji tre\u015bci w mediach spo\u0142eczno\u015bciowych<\/strong>. Z jednej strony takie narz\u0119dzie anga\u017cuje spo\u0142eczno\u015b\u0107, promuj\u0105c r\u00f3\u017cnorodno\u015b\u0107 opinii i wsp\u00f3\u0142odpowiedzialno\u015b\u0107 za przestrze\u0144 informacyjn\u0105. Z drugiej jednak do\u015bwiadczenia platformy X wskazuj\u0105 na ograniczon\u0105 skuteczno\u015b\u0107 tego systemu, kt\u00f3ry nie zawsze spe\u0142nia swoj\u0105 rol\u0119 w walce z dezinformacj\u0105.<\/p>\n\n\n\n<p>Badanie przeprowadzone w 2024 roku przez ameryka\u0144ski dziennik \u201eThe Washington Post\u201d oraz Centrum Przeciwdzia\u0142ania Cyfrowej Nienawi\u015bci pokaza\u0142o, \u017ce <strong>na portalu Elona Muska a\u017c 74 proc. notatek spo\u0142eczno\u015bci dotycz\u0105cych fa\u0142szywych informacji o ameryka\u0144skich wyborach prezydenckich nie by\u0142o pokazywanych u\u017cytkownikom<\/strong>. Dla kontrastu: wprowadzaj\u0105ce w b\u0142\u0105d posty by\u0142y widoczne 13 razy cz\u0119\u015bciej ni\u017c dodane do nich notki.<\/p>\n\n\n<p id=\"text-block_0da6a1dbc409e81202aa69e3385dc2a9\" class=\"text-frame\">\n    W praktyce mo\u017ce to oznacza\u0107, \u017ce portale spo\u0142eczno\u015bciowe, kt\u00f3re dla wielu ludzi s\u0105 \u017ar\u00f3d\u0142em wiarygodnych informacji, nierzadko preferowanym bardziej ni\u017c jakiekolwiek inne media, strac\u0105 t\u0119 moc.<\/p>\n\n\n<p>Rezygnacja z profesjonalnego programu fact-checkingu mo\u017ce skutkowa\u0107 wi\u0119kszym ryzykiem rozprzestrzeniania si\u0119 <strong>fa\u0142szywych tre\u015bci i teorii spisowych<\/strong>, co mo\u017ce znacz\u0105co nadu\u017cy\u0107 zaufanie u\u017cytkownik\u00f3w do platform nale\u017c\u0105cych do Mety, jak r\u00f3wnie\u017c d\u0142ugofalowo doprowadzi\u0107 do wielu spo\u0142ecznych, a nawet politycznych i gospodarczych szk\u00f3d.<\/p>\n\n\n\n<p>Podsumowuj\u0105c, decyzja Zuckerberga cofa Met\u0119 w rozwoju o kilkana\u015bcie lat. P\u00f3ki co tylko w USA, poniewa\u017c w UE obowi\u0105zuje nieco inne prawo \u2013 lecz stanowi niebezpieczny ruch na mapie medi\u00f3w spo\u0142eczno\u015bciowych, kt\u00f3rego konsekwencji do\u015bwiadcza\u0107 b\u0119dziemy ju\u017c w niedalekiej przysz\u0142o\u015bci.<\/p>\n\n\n\n<div class=\"wp-block-media-text is-stacked-on-mobile\" style=\"grid-template-columns:20% auto\"><figure class=\"wp-block-media-text__media\"><img decoding=\"async\" width=\"200\" height=\"200\" src=\"https:\/\/sprawnymarketing.pl\/wp-content\/uploads\/2019\/01\/Natalia-Charzynska.png\" alt=\"\" class=\"wp-image-42378 size-full\" srcset=\"https:\/\/sprawnymarketing.pl\/wp-content\/uploads\/2019\/01\/Natalia-Charzynska.png 200w, https:\/\/sprawnymarketing.pl\/wp-content\/uploads\/2019\/01\/Natalia-Charzynska-150x150.png 150w\" sizes=\"(max-width: 200px) 100vw, 200px\" \/><\/figure><div class=\"wp-block-media-text__content\">\n<h2 class=\"wp-block-heading\" id=\"h-natalia-charzynska\">Natalia Charzy\u0144ska<\/h2>\n\n\n\n<p><em>Do\u015bwiadczona performance marketerka i konsultantka. Specjalizuje si\u0119 w reklamach Facebook (Meta) Ads<\/em><\/p>\n<\/div><\/div>\n\n\n\n<p>Community Notes to notatki dodaj\u0105ce kontekstu danej wypowiedzi, pisane przez tzw. Contributors. Notatki s\u0105 publikowane tylko wtedy, gdy pozytywnie oceni\u0105 je osoby o r\u00f3\u017cnych pogl\u0105dach politycznych czy spo\u0142ecznych. Niestety, w\u0142a\u015bnie z tego powodu <strong>wi\u0119kszo\u015b\u0107 Community Notes w serwisie X.com nigdy nie zosta\u0142o opublikowanych<\/strong>. Finalnie wi\u0119c wiele fake news\u00f3w nie zostaje wyja\u015bnionych i sprostowanych.<\/p>\n\n\n<div id=\"text-block_1629c228dbf3383c0644ab742a8cac37\" class=\"frame-border\" >\n        <p>Tego typu fa\u0142szywe informacje cz\u0119sto s\u0142u\u017c\u0105 wy\u0142udzaniu danych wra\u017cliwych, co w kontek\u015bcie reklam Meta Ads mo\u017ce oznacza\u0107 ca\u0142kowit\u0105 utrat\u0119 dost\u0119pu do kont reklamowych oraz ryzyko utraty tysi\u0119cy z\u0142otych wydawanych przez scammer\u00f3w na w\u0142asne reklamy.<\/p>\n<\/div>\n\n\n<p>R\u00f3wnie\u017c osoby niezwi\u0105zane z reklam\u0105 i marketingiem mog\u0105 powa\u017cnie ucierpie\u0107. <strong>Oszu\u015bci wykorzystuj\u0105 strony \u0142udz\u0105co podobne do serwis\u00f3w informacyjnych, by kra\u015b\u0107 dane wra\u017cliwe<\/strong> (takie jak numery kart p\u0142atniczych), czy cho\u0107by ciasteczka pozwalaj\u0105ce na dost\u0119p do naszych kont w ka\u017cdym serwisie, w kt\u00f3rym jeste\u015bmy zalogowani.<\/p>\n\n\n\n<p>Pod pozorem rzekomej wolno\u015bci wypowiedzi kryje si\u0119 wi\u0119c wy\u0142\u0105cznie jeden realny benefit \u2013 <strong>oszcz\u0119dno\u015b\u0107 milion\u00f3w dolar\u00f3w ze strony Mety, kosztem bezpiecze\u0144stwa blisko 3 mld os\u00f3b<\/strong>.<\/p>\n\n\n\n<div class=\"wp-block-media-text is-stacked-on-mobile\" style=\"grid-template-columns:20% auto\"><figure class=\"wp-block-media-text__media\"><img decoding=\"async\" width=\"200\" height=\"200\" src=\"https:\/\/sprawnymarketing.pl\/wp-content\/uploads\/2023\/07\/Karolina-Kociolek-1.png\" alt=\"\" class=\"wp-image-46888 size-full\" srcset=\"https:\/\/sprawnymarketing.pl\/wp-content\/uploads\/2023\/07\/Karolina-Kociolek-1.png 200w, https:\/\/sprawnymarketing.pl\/wp-content\/uploads\/2023\/07\/Karolina-Kociolek-1-150x150.png 150w\" sizes=\"(max-width: 200px) 100vw, 200px\" \/><\/figure><div class=\"wp-block-media-text__content\">\n<h2 class=\"wp-block-heading\" id=\"h-karolina-kociolek\">Karolina Kocio\u0142ek<\/h2>\n\n\n\n<p><em>Digital Marketing Lead w Socjomania. Certyfikowana trenerka Digital Marketing Institute<\/em><\/p>\n<\/div><\/div>\n\n\n\n<p>Ponowne obj\u0119cie prezydentury przez Donalda Trumpa wp\u0142yn\u0119\u0142o na decyzj\u0119 Mety o zako\u0144czeniu programu fact-checkingowego w Stanach Zjednoczonych. Znamienne jest to, \u017ce <strong>wprowadzony zosta\u0142 w 2016 roku, po pierwszych wyborach wygranych przez Trumpa<\/strong>. Cho\u0107 Meta t\u0142umaczy swoj\u0105 decyzj\u0119 tym, \u017ce zewn\u0119trzni weryfikatorzy s\u0105 silnie podatni na stronniczo\u015b\u0107, a na ich decyzje mog\u0105 wp\u0142ywa\u0107 liczne b\u0142\u0119dy poznawcze, faktyczny pow\u00f3d zako\u0144czenia programu jest prosty \u2013 interes Mety.&nbsp;&nbsp;<\/p>\n\n\n<p id=\"text-block_1a6157fd80532c0d421469a8d0e0a87d\" class=\"text-frame\">\n    O ile przed laty wprowadzenie takiego programu by\u0142y op\u0142acalne dla Mety i postrzegania firmy przez opini\u0119 publiczn\u0105, o tyle teraz jest to sygna\u0142, \u017ce prawdopodobnie platforma nie zamierza sta\u0107 w opozycji do prezydenta.<\/p>\n\n\n<p>Wbrew narracji o wi\u0119kszej swobodzie i wolno\u015bci wypowiedzi, jestem do\u015b\u0107 mocno sceptyczna co do wprowadzanych zmian i zamiany programu fact-checkingowego na <strong>\u201enotatki spo\u0142eczno\u015bci\u201d, kt\u00f3re z du\u017c\u0105 doz\u0105 prawdopodobie\u0144stwa b\u0119d\u0105 pomijane przez wi\u0119kszo\u015b\u0107 u\u017cytkownik\u00f3w, kt\u00f3rzy ju\u017c teraz w du\u017cej mierze ograniczaj\u0105 si\u0119 do czytania nag\u0142\u00f3wk\u00f3w<\/strong>.<\/p>\n\n\n\n<p>Jest to krok w kierunku zwi\u0119kszania ilo\u015bci fake-news\u00f3w na platformie, siania dezinformacji, a co za tym idzie \u2013 zwi\u0119kszenia mo\u017cliwo\u015bci manipulacji nastrojami spo\u0142ecznymi poprzez odpowiednio zaplanowan\u0105 i skoordynowan\u0105 akcj\u0119 komunikacyjn\u0105.<\/p>\n\n\n\n<div class=\"wp-block-media-text is-stacked-on-mobile\" style=\"grid-template-columns:20% auto\"><figure class=\"wp-block-media-text__media\"><img decoding=\"async\" width=\"530\" height=\"530\" src=\"https:\/\/sprawnymarketing.pl\/wp-content\/uploads\/2024\/01\/Dawid-Baginski-530x530.png\" alt=\"\" class=\"wp-image-47921 size-full\" srcset=\"https:\/\/sprawnymarketing.pl\/wp-content\/uploads\/2024\/01\/Dawid-Baginski-530x530.png 530w, https:\/\/sprawnymarketing.pl\/wp-content\/uploads\/2024\/01\/Dawid-Baginski-300x300.png 300w, https:\/\/sprawnymarketing.pl\/wp-content\/uploads\/2024\/01\/Dawid-Baginski-150x150.png 150w, https:\/\/sprawnymarketing.pl\/wp-content\/uploads\/2024\/01\/Dawid-Baginski-768x768.png 768w, https:\/\/sprawnymarketing.pl\/wp-content\/uploads\/2024\/01\/Dawid-Baginski-1536x1536.png 1536w, https:\/\/sprawnymarketing.pl\/wp-content\/uploads\/2024\/01\/Dawid-Baginski.png 1896w\" sizes=\"(max-width: 530px) 100vw, 530px\" \/><\/figure><div class=\"wp-block-media-text__content\">\n<h2 class=\"wp-block-heading\" id=\"h-dawid-baginski\">Dawid Bagi\u0144ski<\/h2>\n\n\n\n<p><em>Prowadzi agencj\u0119 marketingu w social mediach, Social Elite<\/em><\/p>\n<\/div><\/div>\n\n\n\n<p>Decyzja firmy Mety o rezygnacji z fact-checkingu i wprowadzeniu programu Community Notes ma zar\u00f3wno potencjalne korzy\u015bci, jak i zagro\u017cenia.<\/p>\n\n\n\n<p><strong>Z jednej strony dla Marka Zuckerberga to dobry ruch biznesowy<\/strong>. Jak sam powiedzia\u0142 w wywiadzie u Joe Rogana, Meta zatrudnia pracownik\u00f3w, kt\u00f3rzy zajmuj\u0105 si\u0119 fact-checkingiem.&nbsp;Wyobra\u017cam sobie, \u017ce aby moderowa\u0107 miliardy wpis\u00f3w, potrzeba tysi\u0119cy pracownik\u00f3w.&nbsp;Dla firmy wycofanie si\u0119 z tego systemu oznacza <strong>redukcj\u0119 etat\u00f3w i koszt\u00f3w, czyni\u0105c ich model biznesowy bardziej rentownym<\/strong>.&nbsp;<\/p>\n\n\n<div id=\"text-block_3acd72ce35cec2dbb2a05bfc44e19523\" class=\"frame-border\" >\n        <p>Widz\u0119 te\u017c, \u017ce platforma X zyskuje popularno\u015b\u0107, a u\u017cytkownicy platformy s\u0105 niezwykle zaanga\u017cowani. Funkcja Community Notes, kt\u00f3r\u0105 chce wprowadzi\u0107 Meta, kopiuj\u0105c rozwi\u0105zanie platformy X, mo\u017ce przyczyni\u0107 si\u0119 do zwi\u0119kszenia\u00a0zaanga\u017cowania u\u017cytkownik\u00f3w Instagrama i Facebooka.\u00a0Pami\u0119tajmy, \u017ce social media to biznes, a w biznesie technologicznym trzeba by\u0107 konkurencyjnym.<\/p>\n<\/div>\n\n\n<p>Co wi\u0119cej, pod rz\u0105dami Donalda Trumpa <strong>ten ruch dla Marka Zuckerberga jest PR-owo&nbsp;bardzo&nbsp;op\u0142acalny<\/strong>. Ju\u017c widzimy, jak wiele si\u0119 o nim m\u00f3wi i to w dobrym \u015bwietle. Osobi\u015bcie uwa\u017cam, \u017ce jest to w g\u0142\u00f3wnej mierze dobry ruch biznesowy i dobra zagrywka PR-owa.&nbsp;<\/p>\n\n\n\n<p>D\u0142ugoterminowo istnieje te\u017c jednak du\u017ce zagro\u017cenie. Jakie? <strong>Wzrostu ilo\u015bci dezinformacji i manipulacji opiniami spo\u0142ecznymi.<\/strong> Jest przecie\u017c wiele wydarze\u0144 i informacji, do kt\u00f3rych my, \u201ezwykli obywatele\u201d nie mamy dost\u0119pu. Jest wiele wydarze\u0144 i informacji niejawnych publicznie. Dlatego skuteczna ocena tre\u015bci przez spo\u0142eczno\u015b\u0107 platformy w wielu przypadkach b\u0119dzie niewykonalna. \u0141atwo wyobrazi\u0107 sobie, \u017ce w takiej sytuacji mo\u017ce do\u015b\u0107 do manipulacji opiniami.&nbsp;<\/p>\n\n\n\n<p><strong>Warto te\u017c zastanowi\u0107 si\u0119, jak to rozwi\u0105zanie w d\u0142u\u017cszej perspektywie wp\u0142ynie na dzieci<\/strong>, kt\u00f3re maj\u0105 dost\u0119p do platform i k\u0142ami\u0105 w kwestii swojego wieku. Na platformie X wida\u0107 ogromny wzrost wolno\u015bci s\u0142owa i to jest na pewno lepsze ni\u017c cenzura polityczna. Z drugiej strony na platformie mo\u017cna znale\u017a\u0107 ka\u017cdy rodzaj tre\u015bci, w tym nagrania ze strzelanin, \u015bmierci czy tragicznych wypadk\u00f3w. Wyobra\u017cam sobie, \u017ce na platformie mo\u017cna znale\u017a\u0107&nbsp;tre\u015bci dos\u0142ownie ka\u017cdego rodzaju \u2013 w tym totalne patologie, kt\u00f3rych nie zobaczymy nawet we freak fightach.&nbsp;Jaki to mo\u017ce mie\u0107 wp\u0142yw na kszta\u0142towanie umys\u0142\u00f3w dzieci i jakie warto\u015bci wnios\u0105&nbsp;do \u015bwiata, gdy b\u0119d\u0105 doros\u0142e?<\/p>\n\n\n\n<div class=\"wp-block-media-text is-stacked-on-mobile\" style=\"grid-template-columns:20% auto\"><figure class=\"wp-block-media-text__media\"><img decoding=\"async\" width=\"530\" height=\"530\" src=\"https:\/\/sprawnymarketing.pl\/wp-content\/uploads\/2024\/11\/florczak.png\" alt=\"\" class=\"wp-image-49134 size-full\" srcset=\"https:\/\/sprawnymarketing.pl\/wp-content\/uploads\/2024\/11\/florczak.png 530w, https:\/\/sprawnymarketing.pl\/wp-content\/uploads\/2024\/11\/florczak-300x300.png 300w, https:\/\/sprawnymarketing.pl\/wp-content\/uploads\/2024\/11\/florczak-150x150.png 150w\" sizes=\"(max-width: 530px) 100vw, 530px\" \/><\/figure><div class=\"wp-block-media-text__content\">\n<h2 class=\"wp-block-heading\" id=\"h-szymon-florczak\">Szymon Florczak<\/h2>\n\n\n\n<p><em>Head of Social w maxroy. Prowadzi&nbsp;<a href=\"https:\/\/sprawnymarketing.pl\/szkolenia\/facebook-marketing-ads\/\" target=\"_blank\" rel=\"noreferrer noopener\">szkolenia z Facebooka<\/a><\/em><\/p>\n<\/div><\/div>\n\n\n\n<p>Decyzja Marka Zuckerberga o zast\u0105pieniu fact-checkingu systemem Community Notes, wzorowanym na rozwi\u0105zaniu platformy X, to <strong>krok w stron\u0119 decentralizacji moderacji tre\u015bci<\/strong>. Zuckerberg wskazuje na zaanga\u017cowaniu spo\u0142eczno\u015bci jako kluczu do efektywnej moderacji, ale rozwi\u0105zanie to niesie ze sob\u0105 istotne wyzwania.<\/p>\n\n\n\n<p>System Community Notes, oparty na wsp\u00f3lnej weryfikacji tre\u015bci przez u\u017cytkownik\u00f3w, mo\u017ce zwi\u0119kszy\u0107 ich poczucie wp\u0142ywu, ale brak centralnej kontroli eksperckiej stwarza ryzyko manipulacji, zw\u0142aszcza w tematach polityki czy zdrowia.<\/p>\n\n\n<p id=\"text-block_eaf39ca1bcdf7638dbf33bca13f6925e\" class=\"text-frame\">\n    Zmiana podej\u015bcia do moderacji wp\u0142ynie r\u00f3wnie\u017c na rynek reklamowy, otwieraj\u0105c mo\u017cliwo\u015bci promowania tre\u015bci wcze\u015bniej blokowanych. Mo\u017ce to przyci\u0105gn\u0105\u0107 nowych reklamodawc\u00f3w i wygenerowa\u0107 wy\u017csze przychody dla Mety, ale istnieje ryzyko spadku wiarygodno\u015bci platformy.<\/p>\n\n\n<p>Zuckerberg, kt\u00f3ry w podca\u015bcie Joe\u2019a Rogana m\u00f3wi\u0142 o presji regulator\u00f3w i u\u017cytkownik\u00f3w, musi znale\u017a\u0107 r\u00f3wnowag\u0119 mi\u0119dzy otwarto\u015bci\u0105 a odpowiedzialno\u015bci\u0105. Je\u015bli Meta sprosta wyzwaniom i zabezpieczy system przed nadu\u017cyciami, zmiana ta mo\u017ce przynie\u015b\u0107 sukces i zapewni\u0107 Zuckerbergowi miejsce w TOP 3 najbogatszych ludzi \u015bwiata.<\/p>\n\n\n\n<div class=\"wp-block-media-text is-stacked-on-mobile\" style=\"grid-template-columns:20% auto\"><figure class=\"wp-block-media-text__media\"><img decoding=\"async\" width=\"200\" height=\"200\" src=\"https:\/\/sprawnymarketing.pl\/wp-content\/uploads\/2020\/03\/Miecznikowski-1-e1629290144889.png\" alt=\"\" class=\"wp-image-35752 size-full\"\/><\/figure><div class=\"wp-block-media-text__content\">\n<h2 class=\"wp-block-heading\" id=\"h-grzegorz-miecznikowski\">Grzegorz Miecznikowski<\/h2>\n\n\n\n<p><em>CEO S Words. Ekspert LinkedIn, szkoleniowiec, specjalista od komunikacji, optymalizacji sprzeda\u017cy i rozwoju biznesu<\/em><\/p>\n<\/div><\/div>\n\n\n\n<p>Mo\u017cemy mie\u0107 nadziej\u0119, \u017ce mechanizmy takie jak Community Notes b\u0119d\u0105 dzia\u0142a\u0107 skutecznie, ale dotychczasowe dane budz\u0105 powa\u017cne obawy. Wed\u0142ug raportu Center for Countering Digital Hate (CCDH), 74% notatek spo\u0142eczno\u015bciowych dotycz\u0105cych dezinformacji wyborczej w USA nigdy nie zosta\u0142a wy\u015bwietlona u\u017cytkownikom serwisu X. <strong>Fake newsy na temat wybor\u00f3w osi\u0105gn\u0119\u0142y 13 razy wi\u0119kszy zasi\u0119g ni\u017c zweryfikowane informacje.<\/strong><\/p>\n\n\n<div id=\"text-block_a9f5ab90ceea0155c371eb2e424843e4\" class=\"frame-border\" >\n        <p>To, \u017ce jeste\u015bmy w Unii Europejskiej, nie oznacza, \u017ce zmiany proponowane przez Meta nas nie dotkn\u0105. Nasz region ju\u017c teraz zalewaj\u0105 fake newsy, deep fakes, kt\u00f3re wp\u0142ywaj\u0105 na opini\u0119 publiczn\u0105 i kt\u00f3re z serwis\u00f3w Meta nie s\u0105 usuwane.<\/p>\n<\/div>\n\n\n<p>Nowa polityka moderacji Meta daje zielone \u015bwiat\u0142o osobom o konserwatywnych pogl\u0105dach do stosowania <strong>przemocy s\u0142ownej wobec grup marginalizowanych<\/strong>. Kilka dni temu Stowarzyszenie Demagog, zajmuj\u0105ce si\u0119 walk\u0105 z dezinformacj\u0105, donosi\u0142o o wzmo\u017conym ataku polityk\u00f3w Konfederacji na swoj\u0105 stron\u0119.&nbsp;R\u00f3wnocze\u015bnie tajemniczo znikaj\u0105 posty dotycz\u0105ce spraw LGBTQIAP+ czy praw reprodukcyjnych kobiet (o czym donosz\u0105 NGO w USA i jednostkowo w Europie), publikowane na stronach organizacji pozarz\u0105dowych. <\/p>\n\n\n\n<p>Inny przyk\u0142ad to usuni\u0119cie przez Meta zdj\u0119cia sprzed trzech lat, na kt\u00f3rym influencerzy LGBTQIAP+, Jakub i Dawid, ca\u0142uj\u0105 si\u0119 w t\u0119czowych maseczkach w \u201estrefie wolnej od LGBT\u201d. Tre\u015b\u0107 ta zosta\u0142a oflagowana jako \u201enawo\u0142ywanie do nienawi\u015bci\u201d.<\/p>\n\n\n\n<p><strong>Nowe zasady moderacji utrudni\u0105 dzia\u0142alno\u015b\u0107 organizacjom prawocz\u0142owieczym, fact-checkerom, firmom oraz osobom publicznym<\/strong>, kt\u00f3re b\u0119d\u0105 musia\u0142y intensyfikowa\u0107 swoje dzia\u0142ania moderacyjne w kana\u0142ach spo\u0142eczno\u015bciowych, zar\u00f3wno je\u015bli chodzi o sekcje komentarzy, jak walk\u0119 z fa\u0142szywymi wzmiankami na temat swoich marek.<\/p>\n\n\n\n<p>\u017byjemy w czasach, kt\u00f3re przypominaj\u0105 fabu\u0142y dystopijnych film\u00f3w science fiction \u2013 w\u0142adza polityczna, wp\u0142ywy, mo\u017cliwo\u015b\u0107 manipulacji wi\u0119kszymi i mniejszymi gospodarkami koncentruje si\u0119 w r\u0119kach cyfrowych magnat\u00f3w. Pytanie brzmi: czy uda si\u0119 ich powstrzyma\u0107 i jakie szkody wyrz\u0105dz\u0105 spo\u0142ecze\u0144stwom na ca\u0142ym \u015bwiecie w imi\u0119 swoich biznes\u00f3w?<\/p>\n\n\n\n<div class=\"wp-block-media-text is-stacked-on-mobile\" style=\"grid-template-columns:20% auto\"><figure class=\"wp-block-media-text__media\"><img decoding=\"async\" width=\"530\" height=\"530\" src=\"https:\/\/sprawnymarketing.pl\/wp-content\/uploads\/2025\/01\/mikolaj-nowak-1.png\" alt=\"\" class=\"wp-image-49467 size-full\" srcset=\"https:\/\/sprawnymarketing.pl\/wp-content\/uploads\/2025\/01\/mikolaj-nowak-1.png 530w, https:\/\/sprawnymarketing.pl\/wp-content\/uploads\/2025\/01\/mikolaj-nowak-1-300x300.png 300w, https:\/\/sprawnymarketing.pl\/wp-content\/uploads\/2025\/01\/mikolaj-nowak-1-150x150.png 150w\" sizes=\"(max-width: 530px) 100vw, 530px\" \/><\/figure><div class=\"wp-block-media-text__content\">\n<h2 class=\"wp-block-heading\" id=\"h-mikolaj-nowak\">Miko\u0142aj Nowak<\/h2>\n\n\n\n<p><em>Brand Strategist &amp; Co-Founder Iskrzenie Studio. Autor Metody Satelitarnej<\/em><\/p>\n<\/div><\/div>\n\n\n\n<p>What the Zuck? \u2013 zastanawiamy si\u0119 od kilku tygodni, cho\u0107 odpowied\u017a jest prosta i (niestety) sprowadza si\u0119 do politycznego uwik\u0142ania: tr\u00f3jk\u0105t \u201eTrump, Musk i Zuck\u201d mo\u017ce okaza\u0107 si\u0119 \u201ebermudzkim\u201d tylko dla jednego z nich. Tak zaprezentowano karty w nowym rozdaniu: <strong>Zuck nie wywraca stolika do g\u00f3ry nogami, a wr\u0119cz komunikuje przegran\u0105<\/strong> (i robi z siebie ofiar\u0119), by Meta nie dobieg\u0142a do innej mety. <\/p>\n\n\n\n<p>Zrozumienie tego faktu u\u0142atwia chronologia zdarze\u0144: rezygnacja Mety z fact-checkingu (w czasach masowej dezinformacji!) poprzez dostosowanie post\u0119powania akurat do politycznego programu Trumpa \u2013 praktycznie nikt nie ma w\u0105tpliwo\u015bci, \u017ce jest to uk\u0142on w stron\u0119 tamtejszych i jak wida\u0107 wiod\u0105cych wzorc\u00f3w komunikacji. Uk\u0142on \u015bwiadczy\u0142by o szacunku, tu jednak wida\u0107 i czu\u0107 przymus, co jest komunikowane form\u0105 \u201ealbo z nami, albo Bermudy\u201d.<\/p>\n\n\n\n<p>Tym samym brand hero Meta i jej <strong>CEO zarazem traci wiarygodno\u015b\u0107 jako lider<\/strong>, a jego dalsze dzia\u0142ania rodz\u0105 pytania, np.: czy jest miliarderem na sznurkach? Jaki naprawd\u0119 jest jego wp\u0142yw na rzeczywisto\u015b\u0107 social medi\u00f3w? I czy wp\u0142yw ten nie jest przeceniany?<\/p>\n\n\n<p id=\"text-block_16d830e588901903a0576837901faa92\" class=\"text-frame\">\n    Marketerzy i inne osoby odpowiedzialne za jako\u015b\u0107 oraz kreowanie dialogu na platformach nale\u017c\u0105cych do Meta maj\u0105 przed sob\u0105 wyzwanie \u2013 zespolenie nowej polityki z prawem obowi\u0105zuj\u0105cym na konkretnym terytorium b\u0119dzie rodzi\u0107 w\u0105tpliwo\u015bci i nieporozumienia. <\/p>\n\n\n<p>W ko\u0144cu Mark m\u00f3wi, \u017ce od teraz mo\u017cna wi\u0119cej, bo Donald i Elon tego oczekuj\u0105. A ja pytam: czego oczekuje t\u0142um, czyli de facto rdze\u0144, sens i przyczyna istnienia SOCIAL medi\u00f3w?<\/p>\n\n\n\n<p><em>Wypowied\u017a nie powsta\u0142a w oparciu o AI.<\/em><\/p>\n\n\n\n<div class=\"wp-block-media-text is-stacked-on-mobile\" style=\"grid-template-columns:20% auto\"><figure class=\"wp-block-media-text__media\"><img decoding=\"async\" width=\"300\" height=\"300\" src=\"https:\/\/sprawnymarketing.pl\/wp-content\/uploads\/2023\/12\/fediukovich.webp\" alt=\"\" class=\"wp-image-47774 size-full\" srcset=\"https:\/\/sprawnymarketing.pl\/wp-content\/uploads\/2023\/12\/fediukovich.webp 300w, https:\/\/sprawnymarketing.pl\/wp-content\/uploads\/2023\/12\/fediukovich-150x150.webp 150w\" sizes=\"(max-width: 300px) 100vw, 300px\" \/><\/figure><div class=\"wp-block-media-text__content\">\n<h2 class=\"wp-block-heading\" id=\"h-mikhail-fediukovich\">Mikhail Fediukovich<\/h2>\n\n\n\n<p><em><em>Senior Performance Specialist, Digital Consulting, Performance Lead w Kerris<\/em><\/em><\/p>\n<\/div><\/div>\n\n\n\n<p>W 2016 roku, po wygranej Trumpa, g\u0142o\u015bno omawiano temat Big Daty i Brada Parscale\u2019a. Po 8 latach (w 2024 roku) w kontek\u015bcie wynik\u00f3w wybor\u00f3w na tapet by\u0142 wzi\u0119ty wp\u0142yw Elona Muska i eX-Twittera. W centrum tego wszystkiego nadal stoj\u0105 media spo\u0142eczno\u015bciowe, kt\u00f3re umo\u017cliwiaj\u0105 zar\u00f3wno zbieranie informacji o u\u017cytkownikach, jak i wp\u0142ywanie na ich pogl\u0105dy. <strong>Dlatego zmian na Meta nie mo\u017cemy rozpatrywa\u0107 w oderwaniu od zmieniaj\u0105cego si\u0119 kierunku politycznego w USA.<\/strong><\/p>\n\n\n\n<p>Te zmiany mog\u0105 poprawi\u0107 odbi\u00f3r Mety jako bardziej demokratycznej platformy i przywr\u00f3ci\u0107 polityczne dyskusje, w tym pod postami bardziej alternatywnych medi\u00f3w. Niestety, <strong>algorytmy social media wspieraj\u0105 tworzenie baniek informacyjnych<\/strong>, przez co ka\u017cdy pozostanie przy swoich opiniach. W skrajnych przypadkach model Community Notes mo\u017ce by\u0107 te\u017c zmanipulowany przez zorganizowane grupy dzia\u0142aj\u0105ce w z\u0142ej wierze, co mo\u017ce podwa\u017cy\u0107 zaufanie do Mety jako \u017ar\u00f3d\u0142a informacji.<\/p>\n\n\n<div id=\"text-block_221914c19d36c0a452fa1120a3e44b99\" class=\"frame-border\" >\n        <p>Je\u015bli chodzi o reklamodawc\u00f3w, monopol Mety utrzyma ich na platformie \u2013 nawet przy ryzyku lokowania marek w nieodpowiednim kontek\u015bcie. Z kolei wi\u0119ksze zaanga\u017cowanie u\u017cytkownik\u00f3w i d\u0142u\u017cszy czas sp\u0119dzany na platformach prze\u0142o\u017c\u0105 si\u0119 na jeszcze wi\u0119ksze wy\u015bwietlenia i zyski dla Mety.<\/p>\n<\/div>\n\n\n<div class=\"wp-block-media-text is-stacked-on-mobile\" style=\"grid-template-columns:20% auto\"><figure class=\"wp-block-media-text__media\"><img decoding=\"async\" width=\"530\" height=\"530\" src=\"https:\/\/sprawnymarketing.pl\/wp-content\/uploads\/2025\/01\/patryk-gwarek.png\" alt=\"\" class=\"wp-image-49461 size-full\" srcset=\"https:\/\/sprawnymarketing.pl\/wp-content\/uploads\/2025\/01\/patryk-gwarek.png 530w, https:\/\/sprawnymarketing.pl\/wp-content\/uploads\/2025\/01\/patryk-gwarek-300x300.png 300w, https:\/\/sprawnymarketing.pl\/wp-content\/uploads\/2025\/01\/patryk-gwarek-150x150.png 150w\" sizes=\"(max-width: 530px) 100vw, 530px\" \/><\/figure><div class=\"wp-block-media-text__content\">\n<h2 class=\"wp-block-heading\" id=\"h-patryk-gwarek\">Patryk Gwarek<\/h2>\n\n\n\n<p><em>Social Media &amp; Gaming Specialist w agencji GoldenSubmarine, w kt\u00f3rej jako hard user TikToka uskutecznia niestandardowe formy komunikacji oraz opracowuje gamingowe aktywacje przeznaczone nie tylko dla generacji Z i Alfa<\/em><\/p>\n<\/div><\/div>\n\n\n\n<p>Ta zmiana przypomina oddanie megafonu w r\u0119ce t\u0142umu \u2013 mo\u017ce zwi\u0119kszy\u0107 zaanga\u017cowanie, ale niesie ze sob\u0105 du\u017ce ryzyko.&nbsp;<strong>Instagram i Facebook mog\u0105 przekszta\u0142ci\u0107 si\u0119 w przestrzenie o wi\u0119kszej wiarygodno\u015bci, gdzie r\u00f3\u017cne perspektywy wsp\u00f3\u0142tworz\u0105 prawd\u0119.<\/strong> To szansa na oddolny dialog, kt\u00f3rego przyk\u0142ad mo\u017cemy zobaczy\u0107 na X.<\/p>\n\n\n\n<p>Jest te\u017c druga strona medalu. Co si\u0119 stanie, je\u015bli megafon trafi w r\u0119ce os\u00f3b, kt\u00f3re b\u0119d\u0105 chcia\u0142y go wykorzysta\u0107 do szerzenia dezinformacji? Przyk\u0142ady pokazuj\u0105, \u017ce <strong>odbiorcy na Facebooku maj\u0105 sk\u0142onno\u015bci zar\u00f3wno do tworzenia, jak i wierzenia w dezinformacje<\/strong>, co mogli\u015bmy niedawno obserwowa\u0107 przy fali RTM-\u00f3w zwi\u0105zanych z cha\u0142k\u0105 AI. Cho\u0107 temat bawi\u0142, nie bez powodu ten insight by\u0142 autentyczny. Wynika to te\u017c z tego, \u017ce platforma przyci\u0105ga nieco starsz\u0105 grup\u0119 odbiorc\u00f3w, kt\u00f3ra nie jest tak obeznana z cyfrowymi trendami i rozpoznawaniem fake news\u00f3w jak m\u0142odsi u\u017cytkownicy np TikToka.&nbsp;<\/p>\n\n\n<p id=\"text-block_9d3546acc0f91ad5ea51b0965614f93c\" class=\"text-frame\">\n    Widzimy te\u017c tendencj\u0119 do traktowania informacji z social medi\u00f3w jako fakt\u00f3w, co w po\u0142\u0105czeniu z zanikiem umiej\u0119tno\u015bci krytycznego my\u015blenia jest zagro\u017ceniem. Dlatego Community Notes mog\u0105 sk\u0142ania\u0107 do refleksji, zmuszaj\u0105c nieco odbiorc\u00f3w do g\u0142\u0119bszego zastanowienia si\u0119 nad tre\u015bci\u0105, kt\u00f3r\u0105 przegl\u0105daj\u0105. Natomiast czy Meta w odpowiedni spos\u00f3b b\u0119dzie moderowa\u0107 moderuj\u0105cych? <\/p>\n\n\n<p>To mo\u017ce zmieni\u0107 dynamik\u0119 platform, szczeg\u00f3lnie na Facebooku, gdzie raczej wi\u0119kszo\u015b\u0107 konsumuje tre\u015bci, ni\u017c je tworzy, ale bez solidnych zabezpiecze\u0144 ten eksperyment mo\u017ce zako\u0144czy\u0107 niepowodzeniem, bo t\u0142um potrafi zar\u00f3wno budowa\u0107 mosty, jak i je burzy\u0107.<\/p>\n","protected":false},"excerpt":{"rendered":"<p>Na pocz\u0105tku stycznia Mark Zuckerberg og\u0142osi\u0142, \u017ce Meta rezygnuje z fact-checkingu, a zamiast tego wprowadza Community Notes, rozwi\u0105zanie znane z platformy X, na kt\u00f3rej to u\u017cytkownicy maj\u0105 mo\u017cliwo\u015b\u0107 dodawania notatek i sprostowywania nieprawdziwych informacji. Zmiana ta p\u00f3ki co dotyczy USA. Czas poka\u017ce, czy Meta b\u0119dzie pr\u00f3bowa\u0142a wprowadzi\u0107 podobne rozwi\u0105zanie w Europie. Jak stwierdzi\u0142a Nicola Mendelsohn, [&hellip;]<\/p>\n","protected":false},"author":250,"featured_media":0,"comment_status":"open","ping_status":"closed","sticky":false,"template":"","format":"standard","meta":{"_acf_changed":false,"footnotes":""},"categories":[1149,1161],"tags":[],"coauthors":[4736],"acf":[],"yoast_head":"<!-- This site is optimized with the Yoast SEO Premium plugin v24.1 (Yoast SEO v24.4) - https:\/\/yoast.com\/wordpress\/plugins\/seo\/ -->\n<title>Meta rezygnuje z fact-checkingu i wprowadza Community Notes<\/title>\n<meta name=\"description\" content=\"\u015awiat obieg\u0142a informacja, \u017ce Meta rezygnuje z fact-checkingu - p\u00f3ki co w USA. Jakie to mo\u017ce przynie\u015b\u0107 konsekwencje? Sprawd\u017a opinie ekspert\u00f3w\" \/>\n<meta name=\"robots\" content=\"index, follow, max-snippet:-1, max-image-preview:large, max-video-preview:-1\" \/>\n<link rel=\"canonical\" href=\"https:\/\/sprawnymarketing.pl\/blog\/meta-rezygnuje-z-fact-checkingu-i-wprowadza-community-notes-opinie-ekspertow\/\" \/>\n<meta property=\"og:locale\" content=\"pl_PL\" \/>\n<meta property=\"og:type\" content=\"article\" \/>\n<meta property=\"og:title\" content=\"Meta rezygnuje z fact-checkingu i wprowadza Community Notes \u2013 jakie przyniesie to konsekwencje? Opinie ekspert\u00f3w\" \/>\n<meta property=\"og:description\" content=\"\u015awiat obieg\u0142a informacja, \u017ce Meta rezygnuje z fact-checkingu - p\u00f3ki co w USA. Jakie to mo\u017ce przynie\u015b\u0107 konsekwencje? Sprawd\u017a opinie ekspert\u00f3w\" \/>\n<meta property=\"og:url\" content=\"https:\/\/sprawnymarketing.pl\/blog\/meta-rezygnuje-z-fact-checkingu-i-wprowadza-community-notes-opinie-ekspertow\/\" \/>\n<meta property=\"og:site_name\" content=\"sprawny.marketing \u2022 Szkolenia \u2022 Konferencje \u2022 Magazyn\" \/>\n<meta property=\"article:publisher\" content=\"https:\/\/www.facebook.com\/SprawnyMarketing\/\" \/>\n<meta property=\"article:published_time\" content=\"2025-01-22T11:14:04+00:00\" \/>\n<meta property=\"article:modified_time\" content=\"2025-01-23T09:02:21+00:00\" \/>\n<meta property=\"og:image\" content=\"https:\/\/sprawnymarketing.pl\/wp-content\/uploads\/2025\/01\/Chmielewski.png\" \/>\n\t<meta property=\"og:image:width\" content=\"1896\" \/>\n\t<meta property=\"og:image:height\" content=\"1896\" \/>\n\t<meta property=\"og:image:type\" content=\"image\/png\" \/>\n<meta name=\"author\" content=\"Anna Ko\u0142odziej-Muszy\u0144ska\" \/>\n<meta name=\"twitter:card\" content=\"summary_large_image\" \/>\n<meta name=\"twitter:label1\" content=\"Napisane przez\" \/>\n\t<meta name=\"twitter:data1\" content=\"Anna Ko\u0142odziej-Muszy\u0144ska\" \/>\n\t<meta name=\"twitter:label2\" content=\"Szacowany czas czytania\" \/>\n\t<meta name=\"twitter:data2\" content=\"19 minut\" \/>\n\t<meta name=\"twitter:label3\" content=\"Written by\" \/>\n\t<meta name=\"twitter:data3\" content=\"Anna Ko\u0142odziej-Muszy\u0144ska\" \/>\n<!-- \/ Yoast SEO Premium plugin. -->","yoast_head_json":{"title":"Meta rezygnuje z fact-checkingu i wprowadza Community Notes","description":"\u015awiat obieg\u0142a informacja, \u017ce Meta rezygnuje z fact-checkingu - p\u00f3ki co w USA. Jakie to mo\u017ce przynie\u015b\u0107 konsekwencje? Sprawd\u017a opinie ekspert\u00f3w","robots":{"index":"index","follow":"follow","max-snippet":"max-snippet:-1","max-image-preview":"max-image-preview:large","max-video-preview":"max-video-preview:-1"},"canonical":"https:\/\/sprawnymarketing.pl\/blog\/meta-rezygnuje-z-fact-checkingu-i-wprowadza-community-notes-opinie-ekspertow\/","og_locale":"pl_PL","og_type":"article","og_title":"Meta rezygnuje z fact-checkingu i wprowadza Community Notes \u2013 jakie przyniesie to konsekwencje? Opinie ekspert\u00f3w","og_description":"\u015awiat obieg\u0142a informacja, \u017ce Meta rezygnuje z fact-checkingu - p\u00f3ki co w USA. Jakie to mo\u017ce przynie\u015b\u0107 konsekwencje? Sprawd\u017a opinie ekspert\u00f3w","og_url":"https:\/\/sprawnymarketing.pl\/blog\/meta-rezygnuje-z-fact-checkingu-i-wprowadza-community-notes-opinie-ekspertow\/","og_site_name":"sprawny.marketing \u2022 Szkolenia \u2022 Konferencje \u2022 Magazyn","article_publisher":"https:\/\/www.facebook.com\/SprawnyMarketing\/","article_published_time":"2025-01-22T11:14:04+00:00","article_modified_time":"2025-01-23T09:02:21+00:00","og_image":[{"width":1896,"height":1896,"url":"https:\/\/sprawnymarketing.pl\/wp-content\/uploads\/2025\/01\/Chmielewski.png","type":"image\/png"}],"author":"Anna Ko\u0142odziej-Muszy\u0144ska","twitter_card":"summary_large_image","twitter_misc":{"Napisane przez":"Anna Ko\u0142odziej-Muszy\u0144ska","Szacowany czas czytania":"19 minut","Written by":"Anna Ko\u0142odziej-Muszy\u0144ska"},"schema":{"@context":"https:\/\/schema.org","@graph":[{"@type":"Article","@id":"https:\/\/sprawnymarketing.pl\/blog\/meta-rezygnuje-z-fact-checkingu-i-wprowadza-community-notes-opinie-ekspertow\/#article","isPartOf":{"@id":"https:\/\/sprawnymarketing.pl\/blog\/meta-rezygnuje-z-fact-checkingu-i-wprowadza-community-notes-opinie-ekspertow\/"},"author":{"name":"Anna Ko\u0142odziej-Muszy\u0144ska","@id":"https:\/\/sprawnymarketing.pl\/#\/schema\/person\/0c88dd54b197c32a600f6290f692b166"},"headline":"Meta rezygnuje z fact-checkingu i wprowadza Community Notes \u2013 jakie przyniesie to konsekwencje? Opinie ekspert\u00f3w","datePublished":"2025-01-22T11:14:04+00:00","dateModified":"2025-01-23T09:02:21+00:00","mainEntityOfPage":{"@id":"https:\/\/sprawnymarketing.pl\/blog\/meta-rezygnuje-z-fact-checkingu-i-wprowadza-community-notes-opinie-ekspertow\/"},"wordCount":3312,"commentCount":0,"publisher":{"@id":"https:\/\/sprawnymarketing.pl\/#organization"},"image":{"@id":"https:\/\/sprawnymarketing.pl\/blog\/meta-rezygnuje-z-fact-checkingu-i-wprowadza-community-notes-opinie-ekspertow\/#primaryimage"},"thumbnailUrl":"https:\/\/sprawnymarketing.pl\/wp-content\/uploads\/2025\/01\/Chmielewski-530x530.png","articleSection":["Social Media","Wyr\u00f3\u017cnione"],"inLanguage":"pl-PL","potentialAction":[{"@type":"CommentAction","name":"Comment","target":["https:\/\/sprawnymarketing.pl\/blog\/meta-rezygnuje-z-fact-checkingu-i-wprowadza-community-notes-opinie-ekspertow\/#respond"]}]},{"@type":"WebPage","@id":"https:\/\/sprawnymarketing.pl\/blog\/meta-rezygnuje-z-fact-checkingu-i-wprowadza-community-notes-opinie-ekspertow\/","url":"https:\/\/sprawnymarketing.pl\/blog\/meta-rezygnuje-z-fact-checkingu-i-wprowadza-community-notes-opinie-ekspertow\/","name":"Meta rezygnuje z fact-checkingu i wprowadza Community Notes","isPartOf":{"@id":"https:\/\/sprawnymarketing.pl\/#website"},"primaryImageOfPage":{"@id":"https:\/\/sprawnymarketing.pl\/blog\/meta-rezygnuje-z-fact-checkingu-i-wprowadza-community-notes-opinie-ekspertow\/#primaryimage"},"image":{"@id":"https:\/\/sprawnymarketing.pl\/blog\/meta-rezygnuje-z-fact-checkingu-i-wprowadza-community-notes-opinie-ekspertow\/#primaryimage"},"thumbnailUrl":"https:\/\/sprawnymarketing.pl\/wp-content\/uploads\/2025\/01\/Chmielewski-530x530.png","datePublished":"2025-01-22T11:14:04+00:00","dateModified":"2025-01-23T09:02:21+00:00","description":"\u015awiat obieg\u0142a informacja, \u017ce Meta rezygnuje z fact-checkingu - p\u00f3ki co w USA. Jakie to mo\u017ce przynie\u015b\u0107 konsekwencje? Sprawd\u017a opinie ekspert\u00f3w","breadcrumb":{"@id":"https:\/\/sprawnymarketing.pl\/blog\/meta-rezygnuje-z-fact-checkingu-i-wprowadza-community-notes-opinie-ekspertow\/#breadcrumb"},"inLanguage":"pl-PL","potentialAction":[{"@type":"ReadAction","target":["https:\/\/sprawnymarketing.pl\/blog\/meta-rezygnuje-z-fact-checkingu-i-wprowadza-community-notes-opinie-ekspertow\/"]}]},{"@type":"ImageObject","inLanguage":"pl-PL","@id":"https:\/\/sprawnymarketing.pl\/blog\/meta-rezygnuje-z-fact-checkingu-i-wprowadza-community-notes-opinie-ekspertow\/#primaryimage","url":"https:\/\/sprawnymarketing.pl\/wp-content\/uploads\/2025\/01\/Chmielewski.png","contentUrl":"https:\/\/sprawnymarketing.pl\/wp-content\/uploads\/2025\/01\/Chmielewski.png","width":1896,"height":1896},{"@type":"BreadcrumbList","@id":"https:\/\/sprawnymarketing.pl\/blog\/meta-rezygnuje-z-fact-checkingu-i-wprowadza-community-notes-opinie-ekspertow\/#breadcrumb","itemListElement":[{"@type":"ListItem","position":1,"name":"Strona g\u0142\u00f3wna","item":"https:\/\/sprawnymarketing.pl\/"},{"@type":"ListItem","position":2,"name":"Meta rezygnuje z fact-checkingu i wprowadza Community Notes \u2013 jakie przyniesie to konsekwencje? Opinie ekspert\u00f3w"}]},{"@type":"WebSite","@id":"https:\/\/sprawnymarketing.pl\/#website","url":"https:\/\/sprawnymarketing.pl\/","name":"sprawny.marketing \u2022 Szkolenia \u2022 Konferencje \u2022 Magazyn","description":"","publisher":{"@id":"https:\/\/sprawnymarketing.pl\/#organization"},"potentialAction":[{"@type":"SearchAction","target":{"@type":"EntryPoint","urlTemplate":"https:\/\/sprawnymarketing.pl\/?s={search_term_string}"},"query-input":{"@type":"PropertyValueSpecification","valueRequired":true,"valueName":"search_term_string"}}],"inLanguage":"pl-PL"},{"@type":"Organization","@id":"https:\/\/sprawnymarketing.pl\/#organization","name":"sprawny.marketing \u2022 Szkolenia \u2022 Konferencje \u2022 Magazyn","url":"https:\/\/sprawnymarketing.pl\/","logo":{"@type":"ImageObject","inLanguage":"pl-PL","@id":"https:\/\/sprawnymarketing.pl\/#\/schema\/logo\/image\/","url":"https:\/\/sprawnymarketing.pl\/wp-content\/uploads\/2020\/07\/logo-3.png","contentUrl":"https:\/\/sprawnymarketing.pl\/wp-content\/uploads\/2020\/07\/logo-3.png","width":512,"height":106,"caption":"sprawny.marketing \u2022 Szkolenia \u2022 Konferencje \u2022 Magazyn"},"image":{"@id":"https:\/\/sprawnymarketing.pl\/#\/schema\/logo\/image\/"},"sameAs":["https:\/\/www.facebook.com\/SprawnyMarketing\/"]},{"@type":"Person","@id":"https:\/\/sprawnymarketing.pl\/#\/schema\/person\/0c88dd54b197c32a600f6290f692b166","name":"Anna Ko\u0142odziej-Muszy\u0144ska","image":{"@type":"ImageObject","inLanguage":"pl-PL","@id":"https:\/\/sprawnymarketing.pl\/#\/schema\/person\/image\/71fad995d2e81a089b8c11f239fec8e4","url":"https:\/\/sprawnymarketing.pl\/wp-content\/uploads\/2023\/05\/Anna-K_50-procent-150x150.png","contentUrl":"https:\/\/sprawnymarketing.pl\/wp-content\/uploads\/2023\/05\/Anna-K_50-procent-150x150.png","caption":"Anna Ko\u0142odziej-Muszy\u0144ska"},"description":"Redaktor naczelna &amp; content marketing manager w sprawny.marketing","url":"https:\/\/sprawnymarketing.pl\/blog\/autor\/annak\/"}]}},"_links":{"self":[{"href":"https:\/\/sprawnymarketing.pl\/smblog-api\/wp\/v2\/posts\/49459"}],"collection":[{"href":"https:\/\/sprawnymarketing.pl\/smblog-api\/wp\/v2\/posts"}],"about":[{"href":"https:\/\/sprawnymarketing.pl\/smblog-api\/wp\/v2\/types\/post"}],"author":[{"embeddable":true,"href":"https:\/\/sprawnymarketing.pl\/smblog-api\/wp\/v2\/users\/250"}],"replies":[{"embeddable":true,"href":"https:\/\/sprawnymarketing.pl\/smblog-api\/wp\/v2\/comments?post=49459"}],"version-history":[{"count":12,"href":"https:\/\/sprawnymarketing.pl\/smblog-api\/wp\/v2\/posts\/49459\/revisions"}],"predecessor-version":[{"id":49485,"href":"https:\/\/sprawnymarketing.pl\/smblog-api\/wp\/v2\/posts\/49459\/revisions\/49485"}],"wp:attachment":[{"href":"https:\/\/sprawnymarketing.pl\/smblog-api\/wp\/v2\/media?parent=49459"}],"wp:term":[{"taxonomy":"category","embeddable":true,"href":"https:\/\/sprawnymarketing.pl\/smblog-api\/wp\/v2\/categories?post=49459"},{"taxonomy":"post_tag","embeddable":true,"href":"https:\/\/sprawnymarketing.pl\/smblog-api\/wp\/v2\/tags?post=49459"},{"taxonomy":"author","embeddable":true,"href":"https:\/\/sprawnymarketing.pl\/smblog-api\/wp\/v2\/coauthors?post=49459"}],"curies":[{"name":"wp","href":"https:\/\/api.w.org\/{rel}","templated":true}]}}