{"id":49439,"date":"2025-01-17T12:37:58","date_gmt":"2025-01-17T11:37:58","guid":{"rendered":"https:\/\/sprawnymarketing.pl\/?p=49439"},"modified":"2025-01-17T12:44:45","modified_gmt":"2025-01-17T11:44:45","slug":"reklamy-na-dzien-babci-i-dziadka","status":"publish","type":"post","link":"https:\/\/sprawnymarketing.pl\/blog\/reklamy-na-dzien-babci-i-dziadka\/","title":{"rendered":"Dzie\u0144 Babci i Dziadka \u2013 15 kampanii reklamowych i spo\u0142ecznych z seniorami"},"content":{"rendered":"\n<p>W styczniu wiele marek publikuje w swoich kana\u0142ach reklamy na Dzie\u0144 Babci i Dziadka. Niestety, jak pokazuj\u0105 badania, 28% senior\u00f3w uwa\u017ca, \u017ce reklamy ich o\u015bmieszaj\u0105. Nic w tym dziwnego, skoro w 38% reklam starsi ludzie s\u0105 ukazywani stereotypowo. Dlatego w dzisiejszym zestawieniu pokazuj\u0119 zar\u00f3wno te mniej stereotypowe wizerunki senior\u00f3w w reklamach, jak i kampanie, kt\u00f3re poruszaj\u0105 naprawd\u0119 wa\u017cne problemy dotycz\u0105ce starszych os\u00f3b. 3, 2, 1\u2026 Zaczynamy!<\/p>\n\n\n\n<h2 class=\"wp-block-heading\" id=\"h-1-burger-king-70-years-later-the-fire-s-still-burning\">1. Burger King \u201e70 years later the fire\u2019s still burning\u201d<\/h2>\n\n\n\n<p>Na pierwszy ogie\u0144 idzie reklama Burger Kinga. Marka w 2024 roku \u015bwi\u0119towa\u0142a swoje 70-lecie. W kampanii \u201e70 years later the fire\u2019s still burning\u201d, kt\u00f3ra powsta\u0142a z tej okazji, ukazano senior\u00f3w, kt\u00f3rych mi\u0142o\u015b\u0107 nie wygas\u0142a pomimo up\u0142ywu lat. Widok starszych ludzi, kt\u00f3rzy czule si\u0119 obejmuj\u0105 czy ca\u0142uj\u0105, mo\u017ce szokowa\u0107 \u2013 ale w\u0142a\u015bnie o to chodzi! W ko\u0144cu mi\u0142o\u015b\u0107 nie ma daty przydatno\u015bci. <\/p>\n\n\n<div class=\"wp-block-image\">\n<figure class=\"aligncenter size-full\"><img decoding=\"async\" width=\"886\" height=\"679\" src=\"https:\/\/sprawnymarketing.pl\/wp-content\/uploads\/2025\/01\/burger-king.webp\" alt=\"wizerunek senior\u00f3w w reklamie\" class=\"wp-image-49440\" srcset=\"https:\/\/sprawnymarketing.pl\/wp-content\/uploads\/2025\/01\/burger-king.webp 886w, https:\/\/sprawnymarketing.pl\/wp-content\/uploads\/2025\/01\/burger-king-300x230.webp 300w, https:\/\/sprawnymarketing.pl\/wp-content\/uploads\/2025\/01\/burger-king-530x406.webp 530w, https:\/\/sprawnymarketing.pl\/wp-content\/uploads\/2025\/01\/burger-king-768x589.webp 768w\" sizes=\"(max-width: 886px) 100vw, 886px\" \/><\/figure><\/div>\n\n\n<h2 class=\"wp-block-heading\" id=\"h-2-ikea-babcia-w-formie\">2. IKEA: Babcia w formie<\/h2>\n\n\n\n<p>Jak wa\u017cna jest aktywno\u015b\u0107 fizyczna \u2013 i to w ka\u017cdym wieku \u2013 wiemy wszyscy. IKEA, zgrabnie bawi\u0105c si\u0119 s\u0142owem, pokazuje, \u017ce w formie mo\u017ce by\u0107 ka\u017cdy!<\/p>\n\n\n\n<figure class=\"wp-block-image size-full\"><img decoding=\"async\" width=\"1080\" height=\"1087\" src=\"https:\/\/sprawnymarketing.pl\/wp-content\/uploads\/2025\/01\/ikea.jpg\" alt=\"reklamy na dzie\u0144 babci i dziadka\" class=\"wp-image-49441\" srcset=\"https:\/\/sprawnymarketing.pl\/wp-content\/uploads\/2025\/01\/ikea.jpg 1080w, https:\/\/sprawnymarketing.pl\/wp-content\/uploads\/2025\/01\/ikea-300x302.jpg 300w, https:\/\/sprawnymarketing.pl\/wp-content\/uploads\/2025\/01\/ikea-530x533.jpg 530w, https:\/\/sprawnymarketing.pl\/wp-content\/uploads\/2025\/01\/ikea-150x150.jpg 150w, https:\/\/sprawnymarketing.pl\/wp-content\/uploads\/2025\/01\/ikea-768x773.jpg 768w\" sizes=\"(max-width: 1080px) 100vw, 1080px\" \/><\/figure>\n\n\n\n<h2 class=\"wp-block-heading\" id=\"h-3-reklama-na-dzien-babci-od-marki-lowicz\">3. Reklama na Dzie\u0144 Babci od marki \u0141owicz<\/h2>\n\n\n\n<p>Na zabaw\u0119 s\u0142owem postawi\u0142 te\u017c \u0141owicz w swojej reklamie na Dzie\u0144 Babci.<\/p>\n\n\n<div class=\"wp-block-image\">\n<figure class=\"aligncenter size-large\"><img decoding=\"async\" width=\"530\" height=\"795\" src=\"https:\/\/sprawnymarketing.pl\/wp-content\/uploads\/2025\/01\/lowicz-530x795.jpg\" alt=\"reklamy na dzie\u0144 babci i dziadka\" class=\"wp-image-49446\" srcset=\"https:\/\/sprawnymarketing.pl\/wp-content\/uploads\/2025\/01\/lowicz-530x795.jpg 530w, https:\/\/sprawnymarketing.pl\/wp-content\/uploads\/2025\/01\/lowicz-300x450.jpg 300w, https:\/\/sprawnymarketing.pl\/wp-content\/uploads\/2025\/01\/lowicz-768x1152.jpg 768w, https:\/\/sprawnymarketing.pl\/wp-content\/uploads\/2025\/01\/lowicz-1024x1536.jpg 1024w, https:\/\/sprawnymarketing.pl\/wp-content\/uploads\/2025\/01\/lowicz-1365x2048.jpg 1365w, https:\/\/sprawnymarketing.pl\/wp-content\/uploads\/2025\/01\/lowicz.jpg 1433w\" sizes=\"(max-width: 530px) 100vw, 530px\" \/><\/figure><\/div>\n\n\n<h2 class=\"wp-block-heading\" id=\"h-4-kfc-i-media-expert\">4. KFC i Media Expert<\/h2>\n\n\n\n<p>Te dwie marki w swoich reklamach na Dzie\u0144 Babci postawi\u0142y na bardziej stereotypowy przekaz, ale komu nigdy babcia nie wciska\u0142a dok\u0142adki, niech pierwszy rzuci kamieniem. \ud83d\ude09<\/p>\n\n\n<div class=\"wp-block-image\">\n<figure class=\"aligncenter size-large\"><img decoding=\"async\" width=\"530\" height=\"530\" src=\"https:\/\/sprawnymarketing.pl\/wp-content\/uploads\/2025\/01\/media-expert-530x530.png\" alt=\"reklama na dzie\u0144 babci\" class=\"wp-image-49442\" srcset=\"https:\/\/sprawnymarketing.pl\/wp-content\/uploads\/2025\/01\/media-expert-530x530.png 530w, https:\/\/sprawnymarketing.pl\/wp-content\/uploads\/2025\/01\/media-expert-300x300.png 300w, https:\/\/sprawnymarketing.pl\/wp-content\/uploads\/2025\/01\/media-expert-150x150.png 150w, https:\/\/sprawnymarketing.pl\/wp-content\/uploads\/2025\/01\/media-expert-768x768.png 768w, https:\/\/sprawnymarketing.pl\/wp-content\/uploads\/2025\/01\/media-expert.png 1080w\" sizes=\"(max-width: 530px) 100vw, 530px\" \/><\/figure><\/div>\n\n<div class=\"wp-block-image\">\n<figure class=\"aligncenter size-large\"><img decoding=\"async\" width=\"530\" height=\"530\" src=\"https:\/\/sprawnymarketing.pl\/wp-content\/uploads\/2025\/01\/kfc-530x530.jpg\" alt=\"dzie\u0144 babci i dziadka reklamy\" class=\"wp-image-49447\" srcset=\"https:\/\/sprawnymarketing.pl\/wp-content\/uploads\/2025\/01\/kfc-530x530.jpg 530w, https:\/\/sprawnymarketing.pl\/wp-content\/uploads\/2025\/01\/kfc-300x300.jpg 300w, https:\/\/sprawnymarketing.pl\/wp-content\/uploads\/2025\/01\/kfc-150x150.jpg 150w, https:\/\/sprawnymarketing.pl\/wp-content\/uploads\/2025\/01\/kfc-768x768.jpg 768w, https:\/\/sprawnymarketing.pl\/wp-content\/uploads\/2025\/01\/kfc.jpg 1080w\" sizes=\"(max-width: 530px) 100vw, 530px\" \/><\/figure><\/div>\n\n\n<h2 class=\"wp-block-heading\" id=\"h-5-mastercard-niestereotypowy-wizerunek-seniorek-w-reklamie\">5. Mastercard: niestereotypowy wizerunek seniorek w reklamie<\/h2>\n\n\n\n<p>Na pewno kojarzysz reklamy Mastercard bazuj\u0105ce na schemacie: kupno danego produktu \u2013 kosztuje X, ale dane prze\u017cycie\/warto\u015b\u0107 \u2013 bezcenne. W ubieg\u0142ym roku w styczniu na facebookowym profilu marki pojawi\u0142 si\u0119 post z podpisem: \u201eWyskoczy\u0107 z dziewczynami na miasto. Bezcenne\u201d, kt\u00f3rego bohaterkami s\u0105 panie z pokolenia silver, ukazane zdecydowanie w niestereotypowy spos\u00f3b.<\/p>\n\n\n<div class=\"wp-block-image\">\n<figure class=\"aligncenter size-full\"><img decoding=\"async\" width=\"512\" height=\"640\" src=\"https:\/\/sprawnymarketing.pl\/wp-content\/uploads\/2025\/01\/mastercard.jpg\" alt=\"wizerunek senior\u00f3w w reklamie\" class=\"wp-image-49444\" srcset=\"https:\/\/sprawnymarketing.pl\/wp-content\/uploads\/2025\/01\/mastercard.jpg 512w, https:\/\/sprawnymarketing.pl\/wp-content\/uploads\/2025\/01\/mastercard-300x375.jpg 300w\" sizes=\"(max-width: 512px) 100vw, 512px\" \/><\/figure><\/div>\n\n\n<h2 class=\"wp-block-heading\" id=\"h-6-a-real-connection\">6. A real connection<\/h2>\n\n\n\n<p>Prawie 2 miliony bab\u0107 i dziadk\u00f3w w Wielkiej Brytanii widuje swoje wnuki tylko raz w roku \u2013 ze wzgl\u0119du na odleg\u0142o\u015b\u0107, w jakiej od siebie mieszkaj\u0105. Na pomoc przychodz\u0105 nowe technologie, dzi\u0119ki kt\u00f3rym mo\u017cna pozosta\u0107 w kontakcie. A jak wida\u0107 w reklamie Facebook Portal \u201eA real connection\u201d, starsi ludzie mog\u0105 sobie z nimi radzi\u0107 r\u00f3wnie dobrze, jak ci m\u0142odsi! \ud83d\udc47<\/p>\n\n\n\n<figure class=\"wp-block-embed is-type-video is-provider-youtube wp-block-embed-youtube wp-embed-aspect-16-9 wp-has-aspect-ratio\"><div class=\"wp-block-embed__wrapper\">\n<iframe title=\"Facebook Portal Go and Portal+ Campaign by AMV BBDO\" width=\"640\" height=\"360\" src=\"https:\/\/www.youtube.com\/embed\/KXDREJosjX4?feature=oembed\" frameborder=\"0\" allow=\"accelerometer; autoplay; clipboard-write; encrypted-media; gyroscope; picture-in-picture; web-share\" referrerpolicy=\"strict-origin-when-cross-origin\" allowfullscreen><\/iframe>\n<\/div><\/figure>\n\n\n\n<h2 class=\"wp-block-heading\" id=\"h-7-olx-zawod-po-50-tce-to-juz-tylko-uczucie\">7. OLX \u201eZaw\u00f3d po 50-tce to ju\u017c tylko uczucie\u201d<\/h2>\n\n\n\n<p>Z kolei OLX w swojej ubieg\u0142orocznej kampanii \u201eZaw\u00f3d po 50-tce to ju\u017c tylko uczucie\u201d walczy\u0142o ze stereotypowym spojrzeniem na pracownik\u00f3w w wieku 50+.<\/p>\n\n\n\n<figure class=\"wp-block-embed is-type-video is-provider-youtube wp-block-embed-youtube wp-embed-aspect-16-9 wp-has-aspect-ratio\"><div class=\"wp-block-embed__wrapper\">\n<iframe title=\"OLX Praca. Zaw\u00f3d po 50-tce.\" width=\"640\" height=\"360\" src=\"https:\/\/www.youtube.com\/embed\/0LhmkcnnAgM?feature=oembed\" frameborder=\"0\" allow=\"accelerometer; autoplay; clipboard-write; encrypted-media; gyroscope; picture-in-picture; web-share\" referrerpolicy=\"strict-origin-when-cross-origin\" allowfullscreen><\/iframe>\n<\/div><\/figure>\n\n\n\n<h2 class=\"wp-block-heading\" id=\"h-8-mcdonald-s-i-babcia\">8. McDonald\u2019s i babcia<\/h2>\n\n\n\n<p>\u015aniadania od babci budz\u0105 w Tobie najpi\u0119kniejsze skojarzenia? McDonald\u2019s wykorzysta\u0142 ten motyw, jednak sama posta\u0107 babci mo\u017ce zaskoczy\u0107! \ud83d\ude00<\/p>\n\n\n\n<figure class=\"wp-block-embed is-type-video is-provider-youtube wp-block-embed-youtube wp-embed-aspect-16-9 wp-has-aspect-ratio\"><div class=\"wp-block-embed__wrapper\">\n<iframe title=\"Nowo\u015b\u0107: McMuffin\u00ae Twaro\u017cek i Rzodkiewka!\" width=\"640\" height=\"360\" src=\"https:\/\/www.youtube.com\/embed\/GHPtsdX2XtE?feature=oembed\" frameborder=\"0\" allow=\"accelerometer; autoplay; clipboard-write; encrypted-media; gyroscope; picture-in-picture; web-share\" referrerpolicy=\"strict-origin-when-cross-origin\" allowfullscreen><\/iframe>\n<\/div><\/figure>\n\n\n\n<h2 class=\"wp-block-heading\" id=\"h-9-allegro-english-for-beginners-2016\">9. Allegro: English for beginners (2016)<\/h2>\n\n\n\n<p>Chyba nie ma osoby, kt\u00f3ra nie kojarzy tego spotu. Co prawda jest to <a href=\"https:\/\/sprawnymarketing.pl\/blog\/najlepsze-reklamy-swiateczne-zestawienie\/\" target=\"_blank\" rel=\"noreferrer noopener\">reklama \u015bwi\u0105teczna<\/a>, ale obraz starszego pana, kt\u00f3ry postanawia rozpocz\u0105\u0107 nauk\u0119 j\u0119zyka angielskiego, by m\u00f3c porozumie\u0107 si\u0119 ze swoj\u0105 wnuczk\u0105, jest zaprzeczeniem stereotypu o nieporadnych seniorach, dla kt\u00f3rych jest ju\u017c za p\u00f3\u017ano na nauk\u0119 nowych rzeczy. Jak wida\u0107, wystarczy chcie\u0107. \ud83d\ude42<\/p>\n\n\n\n<figure class=\"wp-block-embed is-type-video is-provider-youtube wp-block-embed-youtube wp-embed-aspect-16-9 wp-has-aspect-ratio\"><div class=\"wp-block-embed__wrapper\">\n<iframe title=\"English for beginners | Czego szukasz w \u015awi\u0119ta?\" width=\"640\" height=\"360\" src=\"https:\/\/www.youtube.com\/embed\/tU5Rnd-HM6A?feature=oembed\" frameborder=\"0\" allow=\"accelerometer; autoplay; clipboard-write; encrypted-media; gyroscope; picture-in-picture; web-share\" referrerpolicy=\"strict-origin-when-cross-origin\" allowfullscreen><\/iframe>\n<\/div><\/figure>\n\n\n\n<h2 class=\"wp-block-heading\" id=\"h-10-joy-ride-amazon-nbsp\">10. Joy Ride | Amazon&nbsp;<\/h2>\n\n\n\n<p>Podobnie jest z zabaw\u0105! Bo kto powiedzia\u0142, \u017ce w pewnym wieku nie przystoi ju\u017c robi\u0107 pewnych rzeczy, jak np. zabawa na \u015bniegu? Zw\u0142aszcza, \u017ce taka spontaniczna rozrywka mo\u017ce przywo\u0142a\u0107 fantastyczne wspomnienia z dzieci\u0144stwa. Doskonale obrazuje to reklama z seniorkami od Amazona!<\/p>\n\n\n\n<figure class=\"wp-block-embed is-type-video is-provider-youtube wp-block-embed-youtube wp-embed-aspect-16-9 wp-has-aspect-ratio\"><div class=\"wp-block-embed__wrapper\">\n<iframe title=\"Joy Ride | Amazon Christmas Ad\" width=\"640\" height=\"360\" src=\"https:\/\/www.youtube.com\/embed\/iYXfgfKfHig?feature=oembed\" frameborder=\"0\" allow=\"accelerometer; autoplay; clipboard-write; encrypted-media; gyroscope; picture-in-picture; web-share\" referrerpolicy=\"strict-origin-when-cross-origin\" allowfullscreen><\/iframe>\n<\/div><\/figure>\n\n\n\n<h2 class=\"wp-block-heading\" id=\"h-11-zalando-free-to-be-2019\">11. Zalando: Free to be (2019)<\/h2>\n\n\n\n<p>Na motyw nieskr\u0119powanej zabawy postawi\u0142o te\u017c Zalando w swoim spocie z 2019 roku, w kt\u00f3rej wnuk zabiera swoj\u0105 babci\u0119 na\u2026 imprez\u0119! \ud83d\udc83\ud83d\udd7a<\/p>\n\n\n\n<figure class=\"wp-block-embed is-type-video is-provider-youtube wp-block-embed-youtube wp-embed-aspect-16-9 wp-has-aspect-ratio\"><div class=\"wp-block-embed__wrapper\">\n<iframe title=\"Zalando   Christmas 2019   Free to be\" width=\"640\" height=\"360\" src=\"https:\/\/www.youtube.com\/embed\/mk-iV5YQyYY?feature=oembed\" frameborder=\"0\" allow=\"accelerometer; autoplay; clipboard-write; encrypted-media; gyroscope; picture-in-picture; web-share\" referrerpolicy=\"strict-origin-when-cross-origin\" allowfullscreen><\/iframe>\n<\/div><\/figure>\n\n\n\n<h2 class=\"wp-block-heading\" id=\"h-12-doritos-dina-amp-mita\">12. Doritos: Dina &amp; Mita<\/h2>\n\n\n\n<p>Z kolei w <a href=\"https:\/\/sprawnymarketing.pl\/blog\/reklamy-super-bowl\/\" target=\"_blank\" rel=\"noreferrer noopener\">reklamie na Super Bowl 2024<\/a> od Doritos mogli\u015bmy zobaczy\u0107 dwie starsze panie: Din\u0119 i Mit\u0119, kt\u00f3re w duecie stworzy\u0142y prawdziwy dynamit energetyczny!<\/p>\n\n\n\n<figure class=\"wp-block-embed is-type-video is-provider-youtube wp-block-embed-youtube wp-embed-aspect-16-9 wp-has-aspect-ratio\"><div class=\"wp-block-embed__wrapper\">\n<iframe title=\"Dina &amp; Mita\" width=\"640\" height=\"360\" src=\"https:\/\/www.youtube.com\/embed\/qQJyZseER6I?feature=oembed\" frameborder=\"0\" allow=\"accelerometer; autoplay; clipboard-write; encrypted-media; gyroscope; picture-in-picture; web-share\" referrerpolicy=\"strict-origin-when-cross-origin\" allowfullscreen><\/iframe>\n<\/div><\/figure>\n\n\n\n<h2 class=\"wp-block-heading\" id=\"h-13-petits-freres-des-pauvres-w-kampanii-les-inexposes\">13. Petits Fr\u00e8res des Pauvres w kampanii \u201eLes inexpos\u00e9s\u201d<\/h2>\n\n\n\n<p>Pora przej\u015b\u0107 do powa\u017cniejszych kwestii. A tak\u0105 bez w\u0105tpienia jest samotno\u015b\u0107 w\u015br\u00f3d senior\u00f3w. Problem ten poruszy\u0142a fundacja Petits Fr\u00e8res des Pauvres w kampanii \u201eLes inexpos\u00e9s\u201d.<\/p>\n\n\n\n<p>Kampania spo\u0142eczna obejmowa\u0142a spoty i materia\u0142y graficzne, na kt\u00f3rych znale\u017ali si\u0119 seniorzy przypominaj\u0105cy postaci ze znanych dzie\u0142 sztuki. Na jednym z nich widzimy starsz\u0105 kobiet\u0119, kt\u00f3ra zosta\u0142a zestawiona z chyba najbardziej znanym obrazem z paryskiego Luwru. Grafice towarzyszy tekst: \u201eMona Lisa, 521 lat \u2013 7,3 miliona odwiedzaj\u0105cych rocznie. Marie-Louise, 84 lata \u2013 0 odwiedzaj\u0105cych w ci\u0105gu roku\u201d.<\/p>\n\n\n\n<figure class=\"wp-block-image size-full\"><img decoding=\"async\" width=\"1143\" height=\"580\" src=\"https:\/\/sprawnymarketing.pl\/wp-content\/uploads\/2025\/01\/nienaswietleni.png.webp\" alt=\"\" class=\"wp-image-49448\" srcset=\"https:\/\/sprawnymarketing.pl\/wp-content\/uploads\/2025\/01\/nienaswietleni.png.webp 1143w, https:\/\/sprawnymarketing.pl\/wp-content\/uploads\/2025\/01\/nienaswietleni.png-300x152.webp 300w, https:\/\/sprawnymarketing.pl\/wp-content\/uploads\/2025\/01\/nienaswietleni.png-530x269.webp 530w, https:\/\/sprawnymarketing.pl\/wp-content\/uploads\/2025\/01\/nienaswietleni.png-768x390.webp 768w\" sizes=\"(max-width: 1143px) 100vw, 1143px\" \/><\/figure>\n\n\n\n<h2 class=\"wp-block-heading\" id=\"h-14-let-s-change-how-we-age-nbsp\">14. \u201eLet\u2019s Change How We Age\u201d&nbsp;<\/h2>\n\n\n\n<p>Ten sam problem porusza\u0142a kampania \u201eLet\u2019s Change How We Age\u201d, w kt\u00f3rej pytano: \u201eDlaczego antyki cenimy bardziej ni\u017c senior\u00f3w?\u201d.<\/p>\n\n\n\n<figure class=\"wp-block-image size-full\"><img decoding=\"async\" width=\"1881\" height=\"925\" src=\"https:\/\/sprawnymarketing.pl\/wp-content\/uploads\/2025\/01\/samotnosc.ong_.webp\" alt=\"\" class=\"wp-image-49443\" srcset=\"https:\/\/sprawnymarketing.pl\/wp-content\/uploads\/2025\/01\/samotnosc.ong_.webp 1881w, https:\/\/sprawnymarketing.pl\/wp-content\/uploads\/2025\/01\/samotnosc.ong_-300x148.webp 300w, https:\/\/sprawnymarketing.pl\/wp-content\/uploads\/2025\/01\/samotnosc.ong_-530x261.webp 530w, https:\/\/sprawnymarketing.pl\/wp-content\/uploads\/2025\/01\/samotnosc.ong_-768x378.webp 768w, https:\/\/sprawnymarketing.pl\/wp-content\/uploads\/2025\/01\/samotnosc.ong_-1536x755.webp 1536w\" sizes=\"(max-width: 1881px) 100vw, 1881px\" \/><\/figure>\n\n\n\n<h2 class=\"wp-block-heading\" id=\"h-15-mali-bracia-ubogich-co-za-roznica\">15. Mali Bracia Ubogich: Co za r\u00f3\u017cnica?<\/h2>\n\n\n\n<p>Z kolei stowarzyszenie Mali Bracia Ubogich w swoim spocie z 2024 roku przedstawi\u0142o alarmuj\u0105ce statystyki: a\u017c 13% os\u00f3b powy\u017cej 80. roku \u017cycia w og\u00f3le nie wychodzi z domu. Jednak mo\u017cesz to \u0142atwo zmieni\u0107, zabieraj\u0105c swoj\u0105 babci\u0119 czy dziadka na kaw\u0119, obiad, do teatru czy na zwyk\u0142y spacer! \u2764\ufe0f<\/p>\n\n\n\n<figure class=\"wp-block-embed is-type-video is-provider-youtube wp-block-embed-youtube wp-embed-aspect-16-9 wp-has-aspect-ratio\"><div class=\"wp-block-embed__wrapper\">\n<iframe title=\"Co za r\u00f3\u017cnica? Wsp\u00f3lne wyj\u015bcie\" width=\"640\" height=\"360\" src=\"https:\/\/www.youtube.com\/embed\/8GtTodwb9vA?feature=oembed\" frameborder=\"0\" allow=\"accelerometer; autoplay; clipboard-write; encrypted-media; gyroscope; picture-in-picture; web-share\" referrerpolicy=\"strict-origin-when-cross-origin\" allowfullscreen><\/iframe>\n<\/div><\/figure>\n\n\n\n<h2 class=\"wp-block-heading\" id=\"h-silver-tsunami\">Silver tsunami<\/h2>\n\n\n\n<p>A je\u015bli chcesz dowiedzie\u0107 si\u0119 wi\u0119cej na temat silver tsunami i tego, jak dostosowa\u0107 swoje dzia\u0142ania w social mediach do starzej\u0105cej si\u0119 populacji, aby nie prowadzi\u0107 sztampowej, pe\u0142nej stereotyp\u00f3w komunikacji, koniecznie obejrzyj prezentacj\u0119 Jamesa Behra, kt\u00f3r\u0105 wyg\u0142osi\u0142 na konferencji <a href=\"https:\/\/sprawnymarketing.pl\/konferencja\/\">I Love Marketing &amp; Technology<\/a>! \u2764\ufe0f<\/p>\n\n\n\n<figure class=\"wp-block-embed is-type-video is-provider-youtube wp-block-embed-youtube wp-embed-aspect-16-9 wp-has-aspect-ratio\"><div class=\"wp-block-embed__wrapper\">\n<iframe title=\"James Behr \u2013 Silver Tsunami, jak dostosowa\u0107 dzia\u0142ania w social media do starzej\u0105cej si\u0119 populacji\" width=\"640\" height=\"360\" src=\"https:\/\/www.youtube.com\/embed\/hVxGTWq0vT0?feature=oembed\" frameborder=\"0\" allow=\"accelerometer; autoplay; clipboard-write; encrypted-media; gyroscope; picture-in-picture; web-share\" referrerpolicy=\"strict-origin-when-cross-origin\" allowfullscreen><\/iframe>\n<\/div><\/figure>\n","protected":false},"excerpt":{"rendered":"<p>W styczniu wiele marek publikuje w swoich kana\u0142ach reklamy na Dzie\u0144 Babci i Dziadka. Niestety, jak pokazuj\u0105 badania, 28% senior\u00f3w uwa\u017ca, \u017ce reklamy ich o\u015bmieszaj\u0105. Nic w tym dziwnego, skoro w 38% reklam starsi ludzie s\u0105 ukazywani stereotypowo. Dlatego w dzisiejszym zestawieniu pokazuj\u0119 zar\u00f3wno te mniej stereotypowe wizerunki senior\u00f3w w reklamach, jak i kampanie, kt\u00f3re [&hellip;]<\/p>\n","protected":false},"author":250,"featured_media":0,"comment_status":"open","ping_status":"closed","sticky":false,"template":"","format":"standard","meta":{"_acf_changed":false,"footnotes":""},"categories":[7963,1161],"tags":[],"coauthors":[4736],"acf":[],"yoast_head":"<!-- This site is optimized with the Yoast SEO Premium plugin v24.1 (Yoast SEO v24.4) - https:\/\/yoast.com\/wordpress\/plugins\/seo\/ -->\n<title>Reklamy na Dzie\u0144 Babci i Dziadka - wizerunek senior\u00f3w w reklamie<\/title>\n<meta name=\"description\" content=\"Reklamy na Dzie\u0144 Babci i dziadka cz\u0119sto s\u0105 bardzo stereotypowe. Zobacz zestawienie 15 kampanii z seniorami, gdzie tak nie jest :)\" \/>\n<meta name=\"robots\" content=\"index, follow, max-snippet:-1, max-image-preview:large, max-video-preview:-1\" \/>\n<link rel=\"canonical\" href=\"https:\/\/sprawnymarketing.pl\/blog\/reklamy-na-dzien-babci-i-dziadka\/\" \/>\n<meta property=\"og:locale\" content=\"pl_PL\" \/>\n<meta property=\"og:type\" content=\"article\" \/>\n<meta property=\"og:title\" content=\"Dzie\u0144 Babci i Dziadka \u2013 15 kampanii reklamowych i spo\u0142ecznych z seniorami\" \/>\n<meta property=\"og:description\" content=\"Reklamy na Dzie\u0144 Babci i dziadka cz\u0119sto s\u0105 bardzo stereotypowe. Zobacz zestawienie 15 kampanii z seniorami, gdzie tak nie jest :)\" \/>\n<meta property=\"og:url\" content=\"https:\/\/sprawnymarketing.pl\/blog\/reklamy-na-dzien-babci-i-dziadka\/\" \/>\n<meta property=\"og:site_name\" content=\"sprawny.marketing \u2022 Szkolenia \u2022 Konferencje \u2022 Magazyn\" \/>\n<meta property=\"article:publisher\" content=\"https:\/\/www.facebook.com\/SprawnyMarketing\/\" \/>\n<meta property=\"article:published_time\" content=\"2025-01-17T11:37:58+00:00\" \/>\n<meta property=\"article:modified_time\" content=\"2025-01-17T11:44:45+00:00\" \/>\n<meta property=\"og:image\" content=\"https:\/\/sprawnymarketing.pl\/wp-content\/uploads\/2025\/01\/burger-king.webp\" \/>\n\t<meta property=\"og:image:width\" content=\"886\" \/>\n\t<meta property=\"og:image:height\" content=\"679\" \/>\n\t<meta property=\"og:image:type\" content=\"image\/webp\" \/>\n<meta name=\"author\" content=\"Anna Ko\u0142odziej-Muszy\u0144ska\" \/>\n<meta name=\"twitter:card\" content=\"summary_large_image\" \/>\n<meta name=\"twitter:label1\" content=\"Napisane przez\" \/>\n\t<meta name=\"twitter:data1\" content=\"Anna Ko\u0142odziej-Muszy\u0144ska\" \/>\n\t<meta name=\"twitter:label2\" content=\"Szacowany czas czytania\" \/>\n\t<meta name=\"twitter:data2\" content=\"7 minut\" \/>\n\t<meta name=\"twitter:label3\" content=\"Written by\" \/>\n\t<meta name=\"twitter:data3\" content=\"Anna Ko\u0142odziej-Muszy\u0144ska\" \/>\n<!-- \/ Yoast SEO Premium plugin. -->","yoast_head_json":{"title":"Reklamy na Dzie\u0144 Babci i Dziadka - wizerunek senior\u00f3w w reklamie","description":"Reklamy na Dzie\u0144 Babci i dziadka cz\u0119sto s\u0105 bardzo stereotypowe. Zobacz zestawienie 15 kampanii z seniorami, gdzie tak nie jest :)","robots":{"index":"index","follow":"follow","max-snippet":"max-snippet:-1","max-image-preview":"max-image-preview:large","max-video-preview":"max-video-preview:-1"},"canonical":"https:\/\/sprawnymarketing.pl\/blog\/reklamy-na-dzien-babci-i-dziadka\/","og_locale":"pl_PL","og_type":"article","og_title":"Dzie\u0144 Babci i Dziadka \u2013 15 kampanii reklamowych i spo\u0142ecznych z seniorami","og_description":"Reklamy na Dzie\u0144 Babci i dziadka cz\u0119sto s\u0105 bardzo stereotypowe. Zobacz zestawienie 15 kampanii z seniorami, gdzie tak nie jest :)","og_url":"https:\/\/sprawnymarketing.pl\/blog\/reklamy-na-dzien-babci-i-dziadka\/","og_site_name":"sprawny.marketing \u2022 Szkolenia \u2022 Konferencje \u2022 Magazyn","article_publisher":"https:\/\/www.facebook.com\/SprawnyMarketing\/","article_published_time":"2025-01-17T11:37:58+00:00","article_modified_time":"2025-01-17T11:44:45+00:00","og_image":[{"width":886,"height":679,"url":"https:\/\/sprawnymarketing.pl\/wp-content\/uploads\/2025\/01\/burger-king.webp","type":"image\/webp"}],"author":"Anna Ko\u0142odziej-Muszy\u0144ska","twitter_card":"summary_large_image","twitter_misc":{"Napisane przez":"Anna Ko\u0142odziej-Muszy\u0144ska","Szacowany czas czytania":"7 minut","Written by":"Anna Ko\u0142odziej-Muszy\u0144ska"},"schema":{"@context":"https:\/\/schema.org","@graph":[{"@type":"Article","@id":"https:\/\/sprawnymarketing.pl\/blog\/reklamy-na-dzien-babci-i-dziadka\/#article","isPartOf":{"@id":"https:\/\/sprawnymarketing.pl\/blog\/reklamy-na-dzien-babci-i-dziadka\/"},"author":{"name":"Anna Ko\u0142odziej-Muszy\u0144ska","@id":"https:\/\/sprawnymarketing.pl\/#\/schema\/person\/0c88dd54b197c32a600f6290f692b166"},"headline":"Dzie\u0144 Babci i Dziadka \u2013 15 kampanii reklamowych i spo\u0142ecznych z seniorami","datePublished":"2025-01-17T11:37:58+00:00","dateModified":"2025-01-17T11:44:45+00:00","mainEntityOfPage":{"@id":"https:\/\/sprawnymarketing.pl\/blog\/reklamy-na-dzien-babci-i-dziadka\/"},"wordCount":932,"commentCount":0,"publisher":{"@id":"https:\/\/sprawnymarketing.pl\/#organization"},"image":{"@id":"https:\/\/sprawnymarketing.pl\/blog\/reklamy-na-dzien-babci-i-dziadka\/#primaryimage"},"thumbnailUrl":"https:\/\/sprawnymarketing.pl\/wp-content\/uploads\/2025\/01\/burger-king.webp","articleSection":["Kreatywne reklamy","Wyr\u00f3\u017cnione"],"inLanguage":"pl-PL","potentialAction":[{"@type":"CommentAction","name":"Comment","target":["https:\/\/sprawnymarketing.pl\/blog\/reklamy-na-dzien-babci-i-dziadka\/#respond"]}]},{"@type":"WebPage","@id":"https:\/\/sprawnymarketing.pl\/blog\/reklamy-na-dzien-babci-i-dziadka\/","url":"https:\/\/sprawnymarketing.pl\/blog\/reklamy-na-dzien-babci-i-dziadka\/","name":"Reklamy na Dzie\u0144 Babci i Dziadka - wizerunek senior\u00f3w w reklamie","isPartOf":{"@id":"https:\/\/sprawnymarketing.pl\/#website"},"primaryImageOfPage":{"@id":"https:\/\/sprawnymarketing.pl\/blog\/reklamy-na-dzien-babci-i-dziadka\/#primaryimage"},"image":{"@id":"https:\/\/sprawnymarketing.pl\/blog\/reklamy-na-dzien-babci-i-dziadka\/#primaryimage"},"thumbnailUrl":"https:\/\/sprawnymarketing.pl\/wp-content\/uploads\/2025\/01\/burger-king.webp","datePublished":"2025-01-17T11:37:58+00:00","dateModified":"2025-01-17T11:44:45+00:00","description":"Reklamy na Dzie\u0144 Babci i dziadka cz\u0119sto s\u0105 bardzo stereotypowe. Zobacz zestawienie 15 kampanii z seniorami, gdzie tak nie jest :)","breadcrumb":{"@id":"https:\/\/sprawnymarketing.pl\/blog\/reklamy-na-dzien-babci-i-dziadka\/#breadcrumb"},"inLanguage":"pl-PL","potentialAction":[{"@type":"ReadAction","target":["https:\/\/sprawnymarketing.pl\/blog\/reklamy-na-dzien-babci-i-dziadka\/"]}]},{"@type":"ImageObject","inLanguage":"pl-PL","@id":"https:\/\/sprawnymarketing.pl\/blog\/reklamy-na-dzien-babci-i-dziadka\/#primaryimage","url":"https:\/\/sprawnymarketing.pl\/wp-content\/uploads\/2025\/01\/burger-king.webp","contentUrl":"https:\/\/sprawnymarketing.pl\/wp-content\/uploads\/2025\/01\/burger-king.webp","width":886,"height":679},{"@type":"BreadcrumbList","@id":"https:\/\/sprawnymarketing.pl\/blog\/reklamy-na-dzien-babci-i-dziadka\/#breadcrumb","itemListElement":[{"@type":"ListItem","position":1,"name":"Strona g\u0142\u00f3wna","item":"https:\/\/sprawnymarketing.pl\/"},{"@type":"ListItem","position":2,"name":"Dzie\u0144 Babci i Dziadka \u2013 15 kampanii reklamowych i spo\u0142ecznych z seniorami"}]},{"@type":"WebSite","@id":"https:\/\/sprawnymarketing.pl\/#website","url":"https:\/\/sprawnymarketing.pl\/","name":"sprawny.marketing \u2022 Szkolenia \u2022 Konferencje \u2022 Magazyn","description":"","publisher":{"@id":"https:\/\/sprawnymarketing.pl\/#organization"},"potentialAction":[{"@type":"SearchAction","target":{"@type":"EntryPoint","urlTemplate":"https:\/\/sprawnymarketing.pl\/?s={search_term_string}"},"query-input":{"@type":"PropertyValueSpecification","valueRequired":true,"valueName":"search_term_string"}}],"inLanguage":"pl-PL"},{"@type":"Organization","@id":"https:\/\/sprawnymarketing.pl\/#organization","name":"sprawny.marketing \u2022 Szkolenia \u2022 Konferencje \u2022 Magazyn","url":"https:\/\/sprawnymarketing.pl\/","logo":{"@type":"ImageObject","inLanguage":"pl-PL","@id":"https:\/\/sprawnymarketing.pl\/#\/schema\/logo\/image\/","url":"https:\/\/sprawnymarketing.pl\/wp-content\/uploads\/2020\/07\/logo-3.png","contentUrl":"https:\/\/sprawnymarketing.pl\/wp-content\/uploads\/2020\/07\/logo-3.png","width":512,"height":106,"caption":"sprawny.marketing \u2022 Szkolenia \u2022 Konferencje \u2022 Magazyn"},"image":{"@id":"https:\/\/sprawnymarketing.pl\/#\/schema\/logo\/image\/"},"sameAs":["https:\/\/www.facebook.com\/SprawnyMarketing\/"]},{"@type":"Person","@id":"https:\/\/sprawnymarketing.pl\/#\/schema\/person\/0c88dd54b197c32a600f6290f692b166","name":"Anna Ko\u0142odziej-Muszy\u0144ska","image":{"@type":"ImageObject","inLanguage":"pl-PL","@id":"https:\/\/sprawnymarketing.pl\/#\/schema\/person\/image\/71fad995d2e81a089b8c11f239fec8e4","url":"https:\/\/sprawnymarketing.pl\/wp-content\/uploads\/2023\/05\/Anna-K_50-procent-150x150.png","contentUrl":"https:\/\/sprawnymarketing.pl\/wp-content\/uploads\/2023\/05\/Anna-K_50-procent-150x150.png","caption":"Anna Ko\u0142odziej-Muszy\u0144ska"},"description":"Redaktor naczelna &amp; content marketing manager w sprawny.marketing","url":"https:\/\/sprawnymarketing.pl\/blog\/autor\/annak\/"}]}},"_links":{"self":[{"href":"https:\/\/sprawnymarketing.pl\/smblog-api\/wp\/v2\/posts\/49439"}],"collection":[{"href":"https:\/\/sprawnymarketing.pl\/smblog-api\/wp\/v2\/posts"}],"about":[{"href":"https:\/\/sprawnymarketing.pl\/smblog-api\/wp\/v2\/types\/post"}],"author":[{"embeddable":true,"href":"https:\/\/sprawnymarketing.pl\/smblog-api\/wp\/v2\/users\/250"}],"replies":[{"embeddable":true,"href":"https:\/\/sprawnymarketing.pl\/smblog-api\/wp\/v2\/comments?post=49439"}],"version-history":[{"count":7,"href":"https:\/\/sprawnymarketing.pl\/smblog-api\/wp\/v2\/posts\/49439\/revisions"}],"predecessor-version":[{"id":49455,"href":"https:\/\/sprawnymarketing.pl\/smblog-api\/wp\/v2\/posts\/49439\/revisions\/49455"}],"wp:attachment":[{"href":"https:\/\/sprawnymarketing.pl\/smblog-api\/wp\/v2\/media?parent=49439"}],"wp:term":[{"taxonomy":"category","embeddable":true,"href":"https:\/\/sprawnymarketing.pl\/smblog-api\/wp\/v2\/categories?post=49439"},{"taxonomy":"post_tag","embeddable":true,"href":"https:\/\/sprawnymarketing.pl\/smblog-api\/wp\/v2\/tags?post=49439"},{"taxonomy":"author","embeddable":true,"href":"https:\/\/sprawnymarketing.pl\/smblog-api\/wp\/v2\/coauthors?post=49439"}],"curies":[{"name":"wp","href":"https:\/\/api.w.org\/{rel}","templated":true}]}}