{"id":48153,"date":"2024-04-25T10:01:51","date_gmt":"2024-04-25T08:01:51","guid":{"rendered":"https:\/\/sprawnymarketing.pl\/?p=48153"},"modified":"2024-04-26T16:20:07","modified_gmt":"2024-04-26T14:20:07","slug":"jakie-gadzety-konferencyjne-wybrac","status":"publish","type":"post","link":"https:\/\/sprawnymarketing.pl\/blog\/jakie-gadzety-konferencyjne-wybrac\/","title":{"rendered":"Poka\u017c mi swoje gad\u017cety konferencyjne, a powiem Ci, czy umiesz w marketing B2B"},"content":{"rendered":"\n<p>W marketingu nie ma ju\u017c miejsca na \u015bciem\u0119. Je\u015bli chcesz, \u017ceby Twoja marka by\u0142a postrzegana jako innowacyjna i kreatywna, musisz udowodni\u0107, \u017ce rzeczywi\u015bcie taka jest. I to na wielu p\u0142aszczyznach \u2013 tak\u017ce gad\u017cetu. Wykorzystaj upominki reklamowe do stworzenia opowie\u015bci o marce i zwi\u0119ksz si\u0142\u0119 swojego brandu.<\/p>\n\n\n\n<p><em>Materia\u0142 partnerski o gad\u017cetach konferencyjnych zosta\u0142 stworzony przez firm\u0119<\/em> <em>OpenGift.pl<\/em>.<\/p>\n\n\n\n<h2 class=\"wp-block-heading\" id=\"h-dlaczego-nie-warto-jechac-na-event-branzowy-bez-gadzetow-reklamowych\">Dlaczego nie warto jecha\u0107 na event bran\u017cowy bez gad\u017cet\u00f3w reklamowych?<\/h2>\n\n\n\n<p><strong><a href=\"https:\/\/ilovebusiness.pl\/\">Konferencja biznesowa<\/a> czy event bran\u017cowy to \u015bwietne miejsca do promocji marki<\/strong>. W tego typu wydarzeniach bior\u0105 udzia\u0142 ludzie, kt\u00f3rzy w mniejszym lub wi\u0119kszym stopniu s\u0105 zwi\u0105zani z Twoj\u0105 bran\u017c\u0105. Wykorzystaj moment wr\u0119czenia gad\u017cetu, aby wej\u015b\u0107 z nimi w interakcj\u0119. To \u015bwietna okazja, \u017ceby nawi\u0105za\u0107 nowe kontakty biznesowe, kt\u00f3re by\u0107 mo\u017ce z czasem przerodz\u0105 si\u0119 w d\u0142ugoterminow\u0105 wsp\u00f3\u0142prac\u0119.<\/p>\n\n\n<p id=\"text-block_1222d158a0d29f7375151f149afe6896\" class=\"text-frame\">\n    Dzi\u0119ki dobrze dobranym gad\u017cetom mo\u017cesz zwi\u0119kszy\u0107 \u015bwiadomo\u015b\u0107 marki w\u015br\u00f3d uczestnik\u00f3w wydarzenia. Je\u015bli Tw\u00f3j upominek b\u0119dzie funkcjonalny i atrakcyjny pod wzgl\u0119dem wizualnym, istnieje wi\u0119ksze prawdopodobie\u0144stwo, \u017ce b\u0119dzie u\u017cywany przez d\u0142u\u017cszy czas.<\/p>\n\n\n<h2 class=\"wp-block-heading\" id=\"h-najlepsze-gadzety-dla-firm-na-event-biznesowy-5-trendow\">Najlepsze gad\u017cety dla firm na event biznesowy \u2013 5 trend\u00f3w<\/h2>\n\n\n\n<p>Co zrobi\u0107, gdy na tej samej konferencji jest kilka czy kilkana\u015bcie firm, kt\u00f3re maj\u0105 podobne cele? Aby wyr\u00f3\u017cni\u0107 si\u0119 na tle konkurencji, musisz by\u0107 na bie\u017c\u0105co z aktualnymi trendami.<\/p>\n\n\n<h2 id=\"heading-block_60ebd420253f1137c53e35d23b3bf17a\" class=\"title-counter\">\n    <span class=\"title-counter--number\">1<\/span>\n    Ekogad\u017cety<\/h2>\n\n\n<p>Rosn\u0105ca \u015bwiadomo\u015b\u0107 ekologiczna wp\u0142yn\u0119\u0142a na popularno\u015b\u0107 ekogad\u017cet\u00f3w. Coraz wi\u0119cej firm dostrzega ten trend \u2013 i \u015bwietnie. Ma to jednak pewne konsekwencje marketingowe. <strong>Im wi\u0119ksza popularno\u015b\u0107, tym mniejsza si\u0142a ra\u017cenia. <\/strong>Dlatego standardowe ekogad\u017cety, takie jak sadzonki do samodzielnej uprawy czy produkty z recyklingu PET, w niekt\u00f3rych bran\u017cach mog\u0105 ju\u017c nie wystarczy\u0107.<\/p>\n\n\n\n<figure class=\"wp-block-image size-large\"><img decoding=\"async\" width=\"530\" height=\"530\" src=\"https:\/\/sprawnymarketing.pl\/wp-content\/uploads\/2024\/04\/OG-CERAMIKA-TROJPAK-02-530x530.jpg\" alt=\"gad\u017cety konferencyjne\" class=\"wp-image-48156\" srcset=\"https:\/\/sprawnymarketing.pl\/wp-content\/uploads\/2024\/04\/OG-CERAMIKA-TROJPAK-02-530x530.jpg 530w, https:\/\/sprawnymarketing.pl\/wp-content\/uploads\/2024\/04\/OG-CERAMIKA-TROJPAK-02-300x300.jpg 300w, https:\/\/sprawnymarketing.pl\/wp-content\/uploads\/2024\/04\/OG-CERAMIKA-TROJPAK-02-150x150.jpg 150w, https:\/\/sprawnymarketing.pl\/wp-content\/uploads\/2024\/04\/OG-CERAMIKA-TROJPAK-02-768x768.jpg 768w, https:\/\/sprawnymarketing.pl\/wp-content\/uploads\/2024\/04\/OG-CERAMIKA-TROJPAK-02.jpg 850w\" sizes=\"(max-width: 530px) 100vw, 530px\" \/><figcaption class=\"wp-element-caption\">Ekogad\u017cety to ciekawy pomys\u0142 na gad\u017cety konferencyjne<\/figcaption><\/figure>\n\n\n\n<p>Rynek gad\u017cet\u00f3w nie znosi pr\u00f3\u017cni, wi\u0119c ju\u017c teraz mo\u017cna zam\u00f3wi\u0107 upominki wykonane ze sk\u00f3rek od jab\u0142ek (np. torebki), fus\u00f3w od kawy (np. fili\u017canki) czy tworzyw pochodz\u0105cych ze \u015bmieci zebranych z dna oceanu (np. d\u0142ugopisy).<\/p>\n\n\n<div id=\"text-block_af60bb14b74e08e15cb3e20ecb1a1164\" class=\"frame-border frame-border--advice\" >\n            <p class=\"title-tertiary frame-border__light d-block\">PORADA<\/p>\n        <p>Pami\u0119taj, \u017ce nie ka\u017cdy gad\u017cet o ekodesignie jest naprawd\u0119 eko. Warto wi\u0119c zachowa\u0107 czujno\u015b\u0107 i szuka\u0107 potwierdzenia ekologiczno\u015bci m.in. w certyfikatach.<\/p>\n<\/div>\n\n\n<h3 class=\"wp-block-heading\" id=\"h-jakie-certyfikaty-maja-znacznie\">Jakie certyfikaty maj\u0105 znacznie? <\/h3>\n\n\n\n<p>Kluczowe certyfikaty ekologiczne, na kt\u00f3re warto zwr\u00f3ci\u0107 uwag\u0119 przy wyborze gad\u017cet\u00f3w konferencyjnych, to:<\/p>\n\n\n\n<ul>\n<li><strong>Euro-li\u015b\u0107 <\/strong>\u2013 gwarancja zgodno\u015bci produkt\u00f3w z rygorystycznymi normami ekologicznymi UE, wspieraj\u0105ca zr\u00f3wnowa\u017con\u0105 produkcj\u0119 i konsumpcj\u0119.<\/li>\n\n\n\n<li><strong>EU Ecolabel <\/strong>\u2013 ustanowiony przez Komisj\u0119 Europejsk\u0105, jest jednym z najbardziej rozpoznawalnych na ca\u0142ym \u015bwiecie certyfikat\u00f3w ekologicznych.<\/li>\n\n\n\n<li><strong>Certyfikat FSC <\/strong>\u2013 oznacza, \u017ce materia\u0142y s\u0105 pozyskiwane w spos\u00f3b zr\u00f3wnowa\u017cony oraz etyczny, co czyni go idealnym dla produkt\u00f3w drzewnych i papierowych.<\/li>\n\n\n\n<li><strong>Global Organic Textile Standard <\/strong>\u2013 potwierdza u\u017cycie materia\u0142\u00f3w z ekologicznych upraw i etycznego przetwarzania.<\/li>\n\n\n\n<li><strong>Organic Content Standard (OCS) <\/strong>\u2013 weryfikuje zawarto\u015b\u0107 w\u0142\u00f3kien organicznych w produkcie ko\u0144cowym. <\/li>\n\n\n\n<li><strong>Certyfikat Fairtrade<\/strong> \u2013 dotyczy produkt\u00f3w wyprodukowanych w krajach rozwijaj\u0105cych si\u0119 i sprzedawanych przez organizacje z kraj\u00f3w rozwini\u0119tych, promuj\u0105c uczciwe praktyki handlowe i zr\u00f3wnowa\u017cony rozw\u00f3j.<\/li>\n\n\n\n<li><strong>Certyfikat PCBiC <\/strong>\u2013 potwierdza, \u017ce produkt zosta\u0142 wyprodukowany z poszanowaniem naturalnych zasob\u00f3w i minimalizacj\u0105 wp\u0142ywu na \u015brodowisko.<\/li>\n<\/ul>\n\n\n\n<figure class=\"wp-block-image size-large\"><img decoding=\"async\" width=\"530\" height=\"317\" src=\"https:\/\/sprawnymarketing.pl\/wp-content\/uploads\/2024\/04\/certyfikaty-ekologiczne_570x342_2b3-530x317.jpg\" alt=\"certyfikaty ekologiczne\" class=\"wp-image-48159\" srcset=\"https:\/\/sprawnymarketing.pl\/wp-content\/uploads\/2024\/04\/certyfikaty-ekologiczne_570x342_2b3-530x317.jpg 530w, https:\/\/sprawnymarketing.pl\/wp-content\/uploads\/2024\/04\/certyfikaty-ekologiczne_570x342_2b3-300x179.jpg 300w, https:\/\/sprawnymarketing.pl\/wp-content\/uploads\/2024\/04\/certyfikaty-ekologiczne_570x342_2b3.jpg 570w\" sizes=\"(max-width: 530px) 100vw, 530px\" \/><figcaption class=\"wp-element-caption\">Kilka certyfikat\u00f3w ekologicznych, na kt\u00f3re warto zwr\u00f3ci\u0107 uwag\u0119, wybieraj\u0105c gad\u017cety konferencyjne<\/figcaption><\/figure>\n\n\n<h2 id=\"heading-block_36aab6b8ebcfa4125597e63981bb1f0f\" class=\"title-counter\">\n    <span class=\"title-counter--number\">2<\/span>\n    Wearable tech<\/h2>\n\n\n<p>Wearable tech to ju\u017c nie tylko okulary VR, smartbandy i smartwatche, ale tak\u017ce <strong>elektroniczna bi\u017cuteria, odzie\u017c wyposa\u017cona w czujniki <\/strong>rejestruj\u0105ce t\u0119tno czy <strong>wk\u0142adki do but\u00f3w \u0142\u0105cz\u0105ce si\u0119 ze smartfonem<\/strong>, kt\u00f3re za pomoc\u0105 delikatnych wibracji podpowiadaj\u0105, kiedy nale\u017cy skr\u0119ci\u0107 (swoj\u0105 drog\u0105, czy to nie \u015bwietny pomys\u0142 na zwiedzanie \u2013 mo\u017cna ch\u0142on\u0105\u0107 atmosfer\u0119 danego miejsca bez konieczno\u015bci ci\u0105g\u0142ego zerkania w telefon i sprawdzania trasy \ud83d\ude0a).<\/p>\n\n\n\n<p>Wearable tech to doskona\u0142e gad\u017cety konferencyjne. <strong>S\u0105 funkcjonalne i skutecznie nios\u0105 mark\u0119, zwi\u0119kszaj\u0105c jej rozpoznawalno\u015b\u0107<\/strong>. Maj\u0105 wi\u0119ksz\u0105 warto\u015b\u0107 ni\u017c tradycyjne upominki reklamowe, wi\u0119c s\u0105 pozytywnie odbierane przez osoby ze \u015bwiata biznesu.<\/p>\n\n\n<h2 id=\"heading-block_741d202556e54058c1468d1217366259\" class=\"title-counter\">\n    <span class=\"title-counter--number\">3<\/span>\n    Inteligentne notatniki i narz\u0119dzia do pisania<\/h2>\n\n\n<p>Z du\u017cym prawdopodobie\u0144stwem na Twojej konferencji pojawi\u0105 si\u0119 osoby nale\u017c\u0105ce do pokolenia<strong>,<\/strong> kt\u00f3re ch\u0119tnie korzysta z nowoczesnych technologii, ale jednocze\u015bnie ma du\u017cy sentyment do tradycyjnych rozwi\u0105za\u0144. Czy mo\u017cna stworzy\u0107 praktyczny gad\u017cet, kt\u00f3ry \u0142\u0105czy stare z nowym?<\/p>\n\n\n\n<p>\u015awietnym przyk\u0142adem takiej \u201ehybrydy\u201d mo\u017ce by\u0107 <strong>notatnik wielokrotnego u\u017cytku, kt\u00f3ry daje mo\u017cliwo\u015b\u0107 tworzenia cyfrowych dokument\u00f3w za pomoc\u0105 specjalnego d\u0142ugopisu przeznaczonego do pisania po ekranie dotykowym<\/strong>. To idealny prezent dla os\u00f3b, kt\u00f3re nie chc\u0105 rezygnowa\u0107 z odr\u0119cznych notatek, ale jednocze\u015bnie chc\u0105 u\u0142atwi\u0107 sobie ich przechowywanie.<\/p>\n\n\n<h2 id=\"heading-block_caf2196b962f4b0e12d1c547ca8a33f5\" class=\"title-counter\">\n    <span class=\"title-counter--number\">4<\/span>\n    Druk 3D<\/h2>\n\n\n<p>Jedn\u0105 z g\u0142\u00f3wnych zalet druku 3D jest mo\u017cliwo\u015b\u0107 tworzenia niestandardowych projekt\u00f3w, takich jak:<\/p>\n\n\n\n<ul>\n<li>doniczka wydrukowana z biodegradowalnych polimer\u00f3w pozyskiwanych z trzciny cukrowej czy pestek awokado,<\/li>\n\n\n\n<li>foremki do ciasta w kszta\u0142cie logo marki,<\/li>\n\n\n\n<li>figurki, kt\u00f3re s\u0105 jednocze\u015bnie stojakami na telefon lub przybornikami na d\u0142ugopisy,<\/li>\n\n\n\n<li>minigry planszowe: zr\u0119czno\u015bciowe, logiczne lub strategiczne,<\/li>\n\n\n\n<li>designerskie lampki nocne.<\/li>\n<\/ul>\n\n\n\n<p>To oczywi\u015bcie tylko kilka przyk\u0142ad\u00f3w. <strong>Druk 3D to technologia, kt\u00f3ra daje niemal nieograniczone mo\u017cliwo\u015bci personalizacji gad\u017cet\u00f3w reklamowych<\/strong> \u2013 wykorzystaj to! Stw\u00f3rz unikalny upominek, kt\u00f3ry pozytywnie wp\u0142ynie na rozpoznawalno\u015b\u0107 Twojej marki w\u015br\u00f3d uczestnik\u00f3w konferencji biznesowej lub eventu bran\u017cowego.<\/p>\n\n\n\n<figure class=\"wp-block-image size-large\"><img decoding=\"async\" width=\"530\" height=\"530\" src=\"https:\/\/sprawnymarketing.pl\/wp-content\/uploads\/2024\/04\/MO6696_40A2_FO-530x530.jpg\" alt=\"upominki reklamowe\" class=\"wp-image-48155\" srcset=\"https:\/\/sprawnymarketing.pl\/wp-content\/uploads\/2024\/04\/MO6696_40A2_FO-530x530.jpg 530w, https:\/\/sprawnymarketing.pl\/wp-content\/uploads\/2024\/04\/MO6696_40A2_FO-300x300.jpg 300w, https:\/\/sprawnymarketing.pl\/wp-content\/uploads\/2024\/04\/MO6696_40A2_FO-150x150.jpg 150w, https:\/\/sprawnymarketing.pl\/wp-content\/uploads\/2024\/04\/MO6696_40A2_FO.jpg 700w\" sizes=\"(max-width: 530px) 100vw, 530px\" \/><figcaption class=\"wp-element-caption\">Minigra mo\u017ce stanowi\u0107 kreatywny pomys\u0142 na gad\u017cet konferencyjny<\/figcaption><\/figure>\n\n\n<h2 id=\"heading-block_808a4b75046207247d572472b96a5a62\" class=\"title-counter\">\n    <span class=\"title-counter--number\">5<\/span>\n    Sport x Biznes<\/h2>\n\n\n<p>Jeszcze niedawno w\u015br\u00f3d sportowych gad\u017cet\u00f3w reklamowych kr\u00f3lowa\u0142y pi\u0142ki do siatk\u00f3wki, skakanki, rakietki do tenisa sto\u0142owego czy lampki rowerowe. Dzi\u015b na rynku mo\u017cna znale\u017a\u0107 <strong>szeroki wyb\u00f3r upomink\u00f3w sportowych, kt\u00f3re sprawdz\u0105 si\u0119 tak\u017ce jako elegancki prezent<\/strong> m.in. dla partner\u00f3w biznesowych. S\u0105 to:<\/p>\n\n\n\n<ul>\n<li>sk\u0142adane kaski,<\/li>\n\n\n\n<li>monitory aktywno\u015bci,<\/li>\n\n\n\n<li>maty do jogi z monogramem,<\/li>\n\n\n\n<li>podr\u00f3\u017cne torby sportowe,<\/li>\n\n\n\n<li>plecaki rowerowe,<\/li>\n\n\n\n<li>butelki ze stali nierdzewnej monitoruj\u0105ce ilo\u015b\u0107 wypitej wody,<\/li>\n\n\n\n<li>wielog\u0142owicowe urz\u0105dzenia do masa\u017cu mi\u0119\u015bni.<\/li>\n<\/ul>\n\n\n\n<p>Tego typu gad\u017cety z logo s\u0105 eleganckie i funkcjonalne. Nie tylko promuj\u0105 zdrowy styl \u017cycia, ale mog\u0105 by\u0107 tak\u017ce wykorzystane do budowania d\u0142ugotrwa\u0142ych relacji z uczestnikami targ\u00f3w, event\u00f3w czy konferencji.<\/p>\n\n\n\n<figure class=\"wp-block-image size-large\"><img decoding=\"async\" width=\"530\" height=\"388\" src=\"https:\/\/sprawnymarketing.pl\/wp-content\/uploads\/2024\/04\/MO6267_13_BO_P-530x388.jpg\" alt=\"gad\u017cet na konferencj\u0119\" class=\"wp-image-48154\" srcset=\"https:\/\/sprawnymarketing.pl\/wp-content\/uploads\/2024\/04\/MO6267_13_BO_P-530x388.jpg 530w, https:\/\/sprawnymarketing.pl\/wp-content\/uploads\/2024\/04\/MO6267_13_BO_P-300x220.jpg 300w, https:\/\/sprawnymarketing.pl\/wp-content\/uploads\/2024\/04\/MO6267_13_BO_P-768x563.jpg 768w, https:\/\/sprawnymarketing.pl\/wp-content\/uploads\/2024\/04\/MO6267_13_BO_P-1536x1125.jpg 1536w, https:\/\/sprawnymarketing.pl\/wp-content\/uploads\/2024\/04\/MO6267_13_BO_P-2048x1501.jpg 2048w\" sizes=\"(max-width: 530px) 100vw, 530px\" \/><figcaption class=\"wp-element-caption\">Je\u015bli chcesz postawi\u0107 na sportowy gad\u017cet konferencyjny, sprawdzi\u0107 mo\u017ce si\u0119 mata do jogi z monogramem<\/figcaption><\/figure>\n\n\n\n<h2 class=\"wp-block-heading\" id=\"h-jak-stworzyc-idealny-gadzet-na-konferencje\">Jak stworzy\u0107 idealny gad\u017cet na konferencj\u0119?<\/h2>\n\n\n\n<p>Na rynku s\u0105 tysi\u0105ce gad\u017cet\u00f3w reklamowych. Pami\u0119taj jednak, \u017ce wyb\u00f3r konkretnego rozwi\u0105zania nie mo\u017ce sprowadza\u0107 si\u0119 do oceny: \u201epodoba mi si\u0119\u201d \u2013 \u201enie podoba mi si\u0119\u201d. Upominki reklamowe musz\u0105 wspiera\u0107 realizacj\u0119 konkretnych cel\u00f3w (takich jak zwi\u0119kszenie rozpoznawalno\u015bci marki lub lojalizacja dotychczasowych klient\u00f3w). Musz\u0105 by\u0107 te\u017c dopasowane do konkretnej grupy docelowej.<\/p>\n\n\n<p id=\"text-block_7c4672d8bc93cac8f0de57b170fe3474\" class=\"text-frame\">\n    Pami\u0119taj, \u017ce uniwersalny gad\u017cet nie istnieje. To, co w jednej bran\u017cy zostanie \u015bwietnie odebrane, w innej mo\u017ce okaza\u0107 si\u0119 kompletnym niewypa\u0142em.<\/p>\n\n\n<p>I podobnie \u2013 to, co doskonale sprawdzi si\u0119 jako upominek dla klient\u00f3w, nie b\u0119dzie odpowiada\u0142o na potrzeby partner\u00f3w biznesowych. O wyborze gad\u017cet\u00f3w reklamowych nale\u017cy pomy\u015ble\u0107 z odpowiednim wyprzedzeniem (uwzgl\u0119dniaj\u0105c czas na testowanie i ewentualne fakapy) \u2013 dlatego tak wa\u017cne jest stworzenie precyzyjnego harmonogramu dzia\u0142a\u0144. Oczywi\u015bcie inwestycja w gad\u017cety reklamowe musi by\u0107 op\u0142acalna. Dlatego przy planowaniu upomink\u00f3w na konferencj\u0119 trzeba pami\u0119ta\u0107 o racjonalnym gospodarowaniu bud\u017cetem reklamowym \u2013 <strong>nie po kosztach, ale bez rozrzutno\u015bci.<\/strong><\/p>\n\n\n<div id=\"text-block_f9b12a05d7e5c312572793adc8f821e7\" class=\"frame-border\" >\n        <p><strong>7 kluczowych pyta\u0144, kt\u00f3re warto sobie zada\u0107, zanim wybierzesz gad\u017cet konferencyjny:<\/strong><\/p>\n<p><strong>1. Jakie cele chc\u0119 osi\u0105gn\u0105\u0107, oferuj\u0105c ten gad\u017cet?<\/strong><br \/>\nZastan\u00f3w si\u0119, co chcesz osi\u0105gn\u0105\u0107: zwi\u0119kszy\u0107 rozpoznawalno\u015b\u0107 marki, wzmocni\u0107 relacje z klientami czy mo\u017ce co\u015b innego? Upewnij si\u0119, \u017ce wybrany gad\u017cet wspiera te cele.<\/p>\n<p><strong>2. Czy gad\u017cet odzwierciedla warto\u015bci i wizerunek mojej marki?<\/strong><br \/>\nWybieraj gad\u017cety, kt\u00f3re s\u0105 zgodne z charakterem Twojej firmy i przekazuj\u0105 odpowiedni obraz marki.<\/p>\n<p><strong>3. Czy gad\u017cet jest praktyczny i atrakcyjny dla mojej grupy docelowej?<\/strong><br \/>\nPami\u0119taj, \u017ce gad\u017cet, kt\u00f3ry ma by\u0107 u\u017cywany, a nie tylko trzymany w szufladzie, zwi\u0119ksza szanse na utrzymanie Twojej marki w \u015bwiadomo\u015bci odbiorcy.<\/p>\n<p><strong>4. Jakie s\u0105 ekologiczne alternatywy?<\/strong><br \/>\nRozwa\u017c wyb\u00f3r gad\u017cet\u00f3w, kt\u00f3re s\u0105 przyjazne dla \u015brodowiska. Sprawd\u017a, czy produkt posiada certyfikaty ekologiczne takie jak Euro-li\u015b\u0107, EU Ecolabel, czy Certyfikat FSC.<\/p>\n<p><strong>5. Czy gad\u017cet jest unikatowy?<\/strong><br \/>\nUnikaj standardowych rozwi\u0105za\u0144, kt\u00f3re s\u0105 powszechnie dost\u0119pne. Wybierz co\u015b, co wyr\u00f3\u017cni Twoj\u0105 mark\u0119 na tle konkurencji.<\/p>\n<p><strong>6. Czy przewidzia\u0142em odpowiedni bud\u017cet?<\/strong><br \/>\nZadbaj o to, aby gad\u017cet by\u0142 nie tylko efektywny, ale te\u017c uzasadniony kosztowo. Dobrze przemy\u015blany wyb\u00f3r mo\u017ce znacz\u0105co zwi\u0119kszy\u0107 ROI (zwrot z inwestycji).<\/p>\n<p><strong>7. Czy jestem w stanie zapewni\u0107 odpowiedni\u0105 jako\u015b\u0107?<\/strong><br \/>\nUpewnij si\u0119, \u017ce produkty, kt\u00f3re oferujesz jako gad\u017cety, s\u0105 wysokiej jako\u015bci. Tanie, \u0142atwo psuj\u0105ce si\u0119 przedmioty mog\u0105 negatywnie wp\u0142yn\u0105\u0107 na wizerunek Twojej marki.<\/p>\n<\/div>\n\n\n<h2 class=\"wp-block-heading\" id=\"h-dlaczego-wybor-gadzetu-na-twoje-wydarzenie-jest-tak-istotny\">Dlaczego wyb\u00f3r gad\u017cetu na Twoje wydarzenie jest tak istotny?<\/h2>\n\n\n\n<p><strong>Gad\u017cety nios\u0105 mark\u0119 oraz jej idee<\/strong> \u2013 dzi\u0119ki nim informacja o firmie mo\u017ce dotrze\u0107 do szerszego grona odbiorc\u00f3w bez dodatkowego wk\u0142adu finansowego czy czasowego. To sprawia, \u017ce inwestycja w upominki reklamowe szybko si\u0119 zwraca. Upominki dopasowane do oczekiwa\u0144 konkretnej grupy docelowej maj\u0105 du\u017cy wp\u0142yw na lojalizacj\u0119 odbiorc\u00f3w. <strong>Moc gad\u017cetu b\u0119dzie tym silniejsza, im bardziej uda nam si\u0119 \u201ewstrzeli\u0107\u201d w potrzeby klient\u00f3w czy partner\u00f3w biznesowych<\/strong>.<\/p>\n\n\n\n<p>Pami\u0119taj, \u017ce ludzie b\u0119d\u0105 uto\u017csamia\u0107 <a href=\"https:\/\/www.opengift.pl\/\">gad\u017cety reklamowe<\/a> sygnowane Twoim logo z ca\u0142\u0105 mark\u0105. Dlatego u\u017cyteczne, przemy\u015blane i kreatywne upominki mog\u0105 pozytywnie wp\u0142yn\u0105\u0107 na brand experience (pami\u0119taj jednak, \u017ce dzia\u0142a to tak\u017ce w drug\u0105 stron\u0119). Oczywi\u015bcie sam gad\u017cet nie za\u0142atwi Ci lukratywnego kontraktu czy nag\u0142ego wzrostu sprzeda\u017cy. Mo\u017ce jednak wp\u0142yn\u0105\u0107 na zainteresowanie mark\u0105. A to pierwszy krok do budowania rozpoznawalno\u015bci.<\/p>\n\n\n\n<h2 class=\"wp-block-heading\" id=\"h-jak-bedzie-wygladal-twoj-gadzet-na-konferencje\">Jak b\u0119dzie wygl\u0105da\u0142 Tw\u00f3j gad\u017cet na konferencj\u0119?<\/h2>\n\n\n\n<p>Przygotowuj\u0105c si\u0119 do kolejnej konferencji, <strong>zastan\u00f3w si\u0119, jakie gad\u017cety najlepiej odzwierciedl\u0105 charakter i warto\u015bci Twojej marki<\/strong>. Uwzgl\u0119dnij najnowsze trendy i przeanalizuj dzia\u0142ania konkurencji. Je\u015bli nie masz czasu na projektowanie upomink\u00f3w, mo\u017cesz skorzysta\u0107 ze wsparcia agencji kreatywnej lub firmy zajmuj\u0105cej si\u0119 doradztwem gad\u017cetowym.<\/p>\n","protected":false},"excerpt":{"rendered":"<p>W marketingu nie ma ju\u017c miejsca na \u015bciem\u0119. Je\u015bli chcesz, \u017ceby Twoja marka by\u0142a postrzegana jako innowacyjna i kreatywna, musisz udowodni\u0107, \u017ce rzeczywi\u015bcie taka jest. I to na wielu p\u0142aszczyznach \u2013 tak\u017ce gad\u017cetu. Wykorzystaj upominki reklamowe do stworzenia opowie\u015bci o marce i zwi\u0119ksz si\u0142\u0119 swojego brandu. Materia\u0142 partnerski o gad\u017cetach konferencyjnych zosta\u0142 stworzony przez firm\u0119 [&hellip;]<\/p>\n","protected":false},"author":389,"featured_media":0,"comment_status":"open","ping_status":"closed","sticky":false,"template":"","format":"standard","meta":{"_acf_changed":false,"footnotes":""},"categories":[1161,1162],"tags":[],"coauthors":[7946],"acf":[],"yoast_head":"<!-- This site is optimized with the Yoast SEO Premium plugin v24.1 (Yoast SEO v24.4) - https:\/\/yoast.com\/wordpress\/plugins\/seo\/ -->\n<title>Jakie gad\u017cety konferencyjne wybra\u0107? 5 kreatywnych pomys\u0142\u00f3w<\/title>\n<meta name=\"description\" content=\"Sprawd\u017a, jakie gad\u017cety konferencyjne wybra\u0107, aby wyr\u00f3\u017cni\u0107 si\u0119 na tle konkurencji i sprawi\u0107, by klienci Ci\u0119 zapami\u0119tali i ch\u0119tnie ich u\u017cywali\" \/>\n<meta name=\"robots\" content=\"index, follow, max-snippet:-1, max-image-preview:large, max-video-preview:-1\" \/>\n<link rel=\"canonical\" href=\"https:\/\/sprawnymarketing.pl\/blog\/jakie-gadzety-konferencyjne-wybrac\/\" \/>\n<meta property=\"og:locale\" content=\"pl_PL\" \/>\n<meta property=\"og:type\" content=\"article\" \/>\n<meta property=\"og:title\" content=\"Poka\u017c mi swoje gad\u017cety konferencyjne, a powiem Ci, czy umiesz w marketing B2B\" \/>\n<meta property=\"og:description\" content=\"Sprawd\u017a, jakie gad\u017cety konferencyjne wybra\u0107, aby wyr\u00f3\u017cni\u0107 si\u0119 na tle konkurencji i sprawi\u0107, by klienci Ci\u0119 zapami\u0119tali i ch\u0119tnie ich u\u017cywali\" \/>\n<meta property=\"og:url\" content=\"https:\/\/sprawnymarketing.pl\/blog\/jakie-gadzety-konferencyjne-wybrac\/\" \/>\n<meta property=\"og:site_name\" content=\"sprawny.marketing \u2022 Szkolenia \u2022 Konferencje \u2022 Magazyn\" \/>\n<meta property=\"article:publisher\" content=\"https:\/\/www.facebook.com\/SprawnyMarketing\/\" \/>\n<meta property=\"article:published_time\" content=\"2024-04-25T08:01:51+00:00\" \/>\n<meta property=\"article:modified_time\" content=\"2024-04-26T14:20:07+00:00\" \/>\n<meta property=\"og:image\" content=\"https:\/\/sprawnymarketing.pl\/wp-content\/uploads\/2024\/04\/OG-CERAMIKA-TROJPAK-02-530x530.jpg\" \/>\n<meta name=\"author\" content=\"Piotr Kalewski\" \/>\n<meta name=\"twitter:card\" content=\"summary_large_image\" \/>\n<meta name=\"twitter:label1\" content=\"Napisane przez\" \/>\n\t<meta name=\"twitter:data1\" content=\"Piotr Kalewski\" \/>\n\t<meta name=\"twitter:label2\" content=\"Szacowany czas czytania\" \/>\n\t<meta name=\"twitter:data2\" content=\"8 minut\" \/>\n\t<meta name=\"twitter:label3\" content=\"Written by\" \/>\n\t<meta name=\"twitter:data3\" content=\"Piotr Kalewski\" \/>\n<!-- \/ Yoast SEO Premium plugin. -->","yoast_head_json":{"title":"Jakie gad\u017cety konferencyjne wybra\u0107? 5 kreatywnych pomys\u0142\u00f3w","description":"Sprawd\u017a, jakie gad\u017cety konferencyjne wybra\u0107, aby wyr\u00f3\u017cni\u0107 si\u0119 na tle konkurencji i sprawi\u0107, by klienci Ci\u0119 zapami\u0119tali i ch\u0119tnie ich u\u017cywali","robots":{"index":"index","follow":"follow","max-snippet":"max-snippet:-1","max-image-preview":"max-image-preview:large","max-video-preview":"max-video-preview:-1"},"canonical":"https:\/\/sprawnymarketing.pl\/blog\/jakie-gadzety-konferencyjne-wybrac\/","og_locale":"pl_PL","og_type":"article","og_title":"Poka\u017c mi swoje gad\u017cety konferencyjne, a powiem Ci, czy umiesz w marketing B2B","og_description":"Sprawd\u017a, jakie gad\u017cety konferencyjne wybra\u0107, aby wyr\u00f3\u017cni\u0107 si\u0119 na tle konkurencji i sprawi\u0107, by klienci Ci\u0119 zapami\u0119tali i ch\u0119tnie ich u\u017cywali","og_url":"https:\/\/sprawnymarketing.pl\/blog\/jakie-gadzety-konferencyjne-wybrac\/","og_site_name":"sprawny.marketing \u2022 Szkolenia \u2022 Konferencje \u2022 Magazyn","article_publisher":"https:\/\/www.facebook.com\/SprawnyMarketing\/","article_published_time":"2024-04-25T08:01:51+00:00","article_modified_time":"2024-04-26T14:20:07+00:00","og_image":[{"url":"https:\/\/sprawnymarketing.pl\/wp-content\/uploads\/2024\/04\/OG-CERAMIKA-TROJPAK-02-530x530.jpg","type":"","width":"","height":""}],"author":"Piotr Kalewski","twitter_card":"summary_large_image","twitter_misc":{"Napisane przez":"Piotr Kalewski","Szacowany czas czytania":"8 minut","Written by":"Piotr Kalewski"},"schema":{"@context":"https:\/\/schema.org","@graph":[{"@type":"Article","@id":"https:\/\/sprawnymarketing.pl\/blog\/jakie-gadzety-konferencyjne-wybrac\/#article","isPartOf":{"@id":"https:\/\/sprawnymarketing.pl\/blog\/jakie-gadzety-konferencyjne-wybrac\/"},"author":{"name":"Piotr Kalewski","@id":"https:\/\/sprawnymarketing.pl\/#\/schema\/person\/7ebdf8a9bbd3b5eb03bce14f9d382ca7"},"headline":"Poka\u017c mi swoje gad\u017cety konferencyjne, a powiem Ci, czy umiesz w marketing B2B","datePublished":"2024-04-25T08:01:51+00:00","dateModified":"2024-04-26T14:20:07+00:00","mainEntityOfPage":{"@id":"https:\/\/sprawnymarketing.pl\/blog\/jakie-gadzety-konferencyjne-wybrac\/"},"wordCount":1364,"commentCount":0,"publisher":{"@id":"https:\/\/sprawnymarketing.pl\/#organization"},"image":{"@id":"https:\/\/sprawnymarketing.pl\/blog\/jakie-gadzety-konferencyjne-wybrac\/#primaryimage"},"thumbnailUrl":"https:\/\/sprawnymarketing.pl\/wp-content\/uploads\/2024\/04\/OG-CERAMIKA-TROJPAK-02-530x530.jpg","articleSection":["Wyr\u00f3\u017cnione","Wyr\u00f3\u017cniony"],"inLanguage":"pl-PL","potentialAction":[{"@type":"CommentAction","name":"Comment","target":["https:\/\/sprawnymarketing.pl\/blog\/jakie-gadzety-konferencyjne-wybrac\/#respond"]}]},{"@type":"WebPage","@id":"https:\/\/sprawnymarketing.pl\/blog\/jakie-gadzety-konferencyjne-wybrac\/","url":"https:\/\/sprawnymarketing.pl\/blog\/jakie-gadzety-konferencyjne-wybrac\/","name":"Jakie gad\u017cety konferencyjne wybra\u0107? 5 kreatywnych pomys\u0142\u00f3w","isPartOf":{"@id":"https:\/\/sprawnymarketing.pl\/#website"},"primaryImageOfPage":{"@id":"https:\/\/sprawnymarketing.pl\/blog\/jakie-gadzety-konferencyjne-wybrac\/#primaryimage"},"image":{"@id":"https:\/\/sprawnymarketing.pl\/blog\/jakie-gadzety-konferencyjne-wybrac\/#primaryimage"},"thumbnailUrl":"https:\/\/sprawnymarketing.pl\/wp-content\/uploads\/2024\/04\/OG-CERAMIKA-TROJPAK-02-530x530.jpg","datePublished":"2024-04-25T08:01:51+00:00","dateModified":"2024-04-26T14:20:07+00:00","description":"Sprawd\u017a, jakie gad\u017cety konferencyjne wybra\u0107, aby wyr\u00f3\u017cni\u0107 si\u0119 na tle konkurencji i sprawi\u0107, by klienci Ci\u0119 zapami\u0119tali i ch\u0119tnie ich u\u017cywali","breadcrumb":{"@id":"https:\/\/sprawnymarketing.pl\/blog\/jakie-gadzety-konferencyjne-wybrac\/#breadcrumb"},"inLanguage":"pl-PL","potentialAction":[{"@type":"ReadAction","target":["https:\/\/sprawnymarketing.pl\/blog\/jakie-gadzety-konferencyjne-wybrac\/"]}]},{"@type":"ImageObject","inLanguage":"pl-PL","@id":"https:\/\/sprawnymarketing.pl\/blog\/jakie-gadzety-konferencyjne-wybrac\/#primaryimage","url":"https:\/\/sprawnymarketing.pl\/wp-content\/uploads\/2024\/04\/OG-CERAMIKA-TROJPAK-02.jpg","contentUrl":"https:\/\/sprawnymarketing.pl\/wp-content\/uploads\/2024\/04\/OG-CERAMIKA-TROJPAK-02.jpg","width":850,"height":850},{"@type":"BreadcrumbList","@id":"https:\/\/sprawnymarketing.pl\/blog\/jakie-gadzety-konferencyjne-wybrac\/#breadcrumb","itemListElement":[{"@type":"ListItem","position":1,"name":"Strona g\u0142\u00f3wna","item":"https:\/\/sprawnymarketing.pl\/"},{"@type":"ListItem","position":2,"name":"Poka\u017c mi swoje gad\u017cety konferencyjne, a powiem Ci, czy umiesz w marketing B2B"}]},{"@type":"WebSite","@id":"https:\/\/sprawnymarketing.pl\/#website","url":"https:\/\/sprawnymarketing.pl\/","name":"sprawny.marketing \u2022 Szkolenia \u2022 Konferencje \u2022 Magazyn","description":"","publisher":{"@id":"https:\/\/sprawnymarketing.pl\/#organization"},"potentialAction":[{"@type":"SearchAction","target":{"@type":"EntryPoint","urlTemplate":"https:\/\/sprawnymarketing.pl\/?s={search_term_string}"},"query-input":{"@type":"PropertyValueSpecification","valueRequired":true,"valueName":"search_term_string"}}],"inLanguage":"pl-PL"},{"@type":"Organization","@id":"https:\/\/sprawnymarketing.pl\/#organization","name":"sprawny.marketing \u2022 Szkolenia \u2022 Konferencje \u2022 Magazyn","url":"https:\/\/sprawnymarketing.pl\/","logo":{"@type":"ImageObject","inLanguage":"pl-PL","@id":"https:\/\/sprawnymarketing.pl\/#\/schema\/logo\/image\/","url":"https:\/\/sprawnymarketing.pl\/wp-content\/uploads\/2020\/07\/logo-3.png","contentUrl":"https:\/\/sprawnymarketing.pl\/wp-content\/uploads\/2020\/07\/logo-3.png","width":512,"height":106,"caption":"sprawny.marketing \u2022 Szkolenia \u2022 Konferencje \u2022 Magazyn"},"image":{"@id":"https:\/\/sprawnymarketing.pl\/#\/schema\/logo\/image\/"},"sameAs":["https:\/\/www.facebook.com\/SprawnyMarketing\/"]},{"@type":"Person","@id":"https:\/\/sprawnymarketing.pl\/#\/schema\/person\/7ebdf8a9bbd3b5eb03bce14f9d382ca7","name":"Piotr Kalewski","image":{"@type":"ImageObject","inLanguage":"pl-PL","@id":"https:\/\/sprawnymarketing.pl\/#\/schema\/person\/image\/9b4209d06cde99292e7c12e8c26fbfab","url":"https:\/\/sprawnymarketing.pl\/wp-content\/uploads\/2024\/04\/Open-Gift-150x150.png","contentUrl":"https:\/\/sprawnymarketing.pl\/wp-content\/uploads\/2024\/04\/Open-Gift-150x150.png","caption":"Piotr Kalewski"},"description":"Manager&amp;PR Manager w OpenGift.pl. Strateg marketingu, praktyk event marketingu i pasjonat projektowania do\u015bwiadcze\u0144. Od 12 lat uk\u0142ada procesy i uzupe\u0142nia to\u017csamo\u015b\u0107 marek o dobr\u0105 komunikacj\u0119 i marketing do\u015bwiadcze\u0144. Wyk\u0142adowca, prelegent, ekspert w Sektorowej Radzie Komunikacji Marketingowej. Na co dzie\u0144 Gad\u017cetowy Ekspert i stra\u017cnik komunikacji w magentowym zespole #openPEOPLE.","url":"https:\/\/sprawnymarketing.pl\/blog\/autor\/piotr-kalewski\/"}]}},"_links":{"self":[{"href":"https:\/\/sprawnymarketing.pl\/smblog-api\/wp\/v2\/posts\/48153"}],"collection":[{"href":"https:\/\/sprawnymarketing.pl\/smblog-api\/wp\/v2\/posts"}],"about":[{"href":"https:\/\/sprawnymarketing.pl\/smblog-api\/wp\/v2\/types\/post"}],"author":[{"embeddable":true,"href":"https:\/\/sprawnymarketing.pl\/smblog-api\/wp\/v2\/users\/389"}],"replies":[{"embeddable":true,"href":"https:\/\/sprawnymarketing.pl\/smblog-api\/wp\/v2\/comments?post=48153"}],"version-history":[{"count":4,"href":"https:\/\/sprawnymarketing.pl\/smblog-api\/wp\/v2\/posts\/48153\/revisions"}],"predecessor-version":[{"id":48186,"href":"https:\/\/sprawnymarketing.pl\/smblog-api\/wp\/v2\/posts\/48153\/revisions\/48186"}],"wp:attachment":[{"href":"https:\/\/sprawnymarketing.pl\/smblog-api\/wp\/v2\/media?parent=48153"}],"wp:term":[{"taxonomy":"category","embeddable":true,"href":"https:\/\/sprawnymarketing.pl\/smblog-api\/wp\/v2\/categories?post=48153"},{"taxonomy":"post_tag","embeddable":true,"href":"https:\/\/sprawnymarketing.pl\/smblog-api\/wp\/v2\/tags?post=48153"},{"taxonomy":"author","embeddable":true,"href":"https:\/\/sprawnymarketing.pl\/smblog-api\/wp\/v2\/coauthors?post=48153"}],"curies":[{"name":"wp","href":"https:\/\/api.w.org\/{rel}","templated":true}]}}