{"id":47737,"date":"2024-01-17T10:32:55","date_gmt":"2024-01-17T09:32:55","guid":{"rendered":"https:\/\/sprawnymarketing.pl\/?p=47737"},"modified":"2024-01-17T10:32:56","modified_gmt":"2024-01-17T09:32:56","slug":"najciekawsze-kampanie-2023-roku-wedlug-prelegentow-ilovemkt","status":"publish","type":"post","link":"https:\/\/sprawnymarketing.pl\/blog\/najciekawsze-kampanie-2023-roku-wedlug-prelegentow-ilovemkt\/","title":{"rendered":"Najciekawsze kampanie reklamowe i spo\u0142eczne z 2023 r. wed\u0142ug prelegent\u00f3w #ilovemkt"},"content":{"rendered":"\n<p>Jakie kampanie reklamowe lub spo\u0142eczne z 2023 roku sprawi\u0142y, \u017ce serca prelegent\u00f3w i prelegentek konferencji <a href=\"https:\/\/sprawnymarketing.pl\/konferencja\/\" target=\"_blank\" rel=\"noreferrer noopener\">I Love Marketing &amp; Technology<\/a> zabi\u0142y szybciej? Sprawd\u017a opinie 19 ekspert\u00f3w i poznaj subiektywne zestawienie najciekawszych kampanii 2023!<\/p>\n\n\n\n<h2 class=\"wp-block-heading\" id=\"h-ktora-z-reklam-lub-kampanii-spolecznych-z-2023-r-wywarla-na-tobie-najwieksze-wrazenie\">Kt\u00f3ra z reklam lub kampanii spo\u0142ecznych z 2023 r. wywar\u0142a na Tobie najwi\u0119ksze wra\u017cenie?<\/h2>\n\n\n\n<div class=\"wp-block-media-text is-stacked-on-mobile\" style=\"grid-template-columns:20% auto\"><figure class=\"wp-block-media-text__media\"><img decoding=\"async\" width=\"530\" height=\"530\" src=\"https:\/\/sprawnymarketing.pl\/wp-content\/uploads\/2019\/01\/Anna-Ledwon-Blacha-530x530.png\" alt=\"\" class=\"wp-image-42391 size-full\"\/><\/figure><div class=\"wp-block-media-text__content\">\n<h2 class=\"wp-block-heading\" id=\"h-anna-ledwon-blacha\">Anna Ledwo\u0144-Blacha<\/h2>\n\n\n\n<p><em>Co-founder &amp; Creative Director w agencji More Bananas oraz co-founder i g\u0142\u00f3wny organizator CRASH Mondays<\/em>.<\/p>\n<\/div><\/div>\n\n\n\n<p>W\u015br\u00f3d najciekawszych kampanii 2023 zdecydowanie by\u0142a reklama\u00a0 \/ inicjatywa Wsch\u00f3d, zach\u0119caj\u0105ca kobiety do g\u0142osowania, czyli \u201eCicho ju\u017c by\u0142y\u015bmy\u201d \u2013 c\u00f3\u017c, przynios\u0142a rezultaty i do\u0142o\u017cy\u0142a swoj\u0105 cegie\u0142k\u0119!\u00a0<\/p>\n\n\n\n<figure class=\"wp-block-embed is-type-video is-provider-youtube wp-block-embed-youtube wp-embed-aspect-16-9 wp-has-aspect-ratio\"><div class=\"wp-block-embed__wrapper\">\n<iframe title=\"Cicho ju\u017c by\u0142y\u015bmy\" width=\"640\" height=\"360\" src=\"https:\/\/www.youtube.com\/embed\/3D4p1q-wuhM?feature=oembed\" frameborder=\"0\" allow=\"accelerometer; autoplay; clipboard-write; encrypted-media; gyroscope; picture-in-picture; web-share\" referrerpolicy=\"strict-origin-when-cross-origin\" allowfullscreen><\/iframe>\n<\/div><\/figure>\n\n\n\n<p>Po drugie, <strong>dokarmianie zwierzaczk\u00f3w w OLX<\/strong>. Zawsze powtarzam, \u017ce smutne tre\u015bci dla fundacji to skutek odwrotny do wirusowo\u015bci. Im rado\u015bniej, tym paradoksalnie wed\u0142ug mnie wi\u0119cej pieni\u0119dzy. Kampania OLX mia\u0142a to wszystko. I nade wszystko ponownie by\u0142a efektywna: wszystkie psie (i kocie) ziomki dokarmione. \ud83d\ude42<\/p>\n\n\n\n<p>Do kampanii spo\u0142ecznych 2023, kt\u00f3re wywar\u0142y na mnie spore wra\u017cenie, doda\u0142abym r\u00f3wnie\u017c kampani\u0119 Fundacji Panoptykon \u201e<strong>Scrolluj wi\u0119cej, \u015bpij mniej\u201d<\/strong> i <a href=\"https:\/\/panoptykon.org\/vlop-me-kampania-fundacji-panoptykon-dsa\" target=\"_blank\" rel=\"noreferrer noopener nofollow\">promocj\u0119 fikcyjnej platformy Vlop!<\/a> Od Very Large Online Platforms, zwracaj\u0105c\u0105 uwag\u0119 na problem przebod\u017acowania, braku koncentracji a nawet depresji ze wzgl\u0119du na nieodpowiedzialne korzystanie z social medi\u00f3w, jak i samo nieetyczne projektowanie tych platform.\u00a0<\/p>\n\n\n\n<p>A najbardziej rozczuli\u0142a mnie, oczywi\u015bcie nadal zwracaj\u0105c uwag\u0119 na powa\u017cny problem, kampania Podlaskie <strong>#wPodlaskiemJe\u017cd\u017c\u0119zKaskiem<\/strong> ze zwierz\u0119cymi celebrytami.\u00a0<\/p>\n\n\n\n<figure class=\"wp-block-image size-full\"><img decoding=\"async\" width=\"668\" height=\"747\" src=\"https:\/\/sprawnymarketing.pl\/wp-content\/uploads\/2024\/01\/w-podlaskiem-jezdze-z-kaskiem.png\" alt=\"\" class=\"wp-image-47827\" srcset=\"https:\/\/sprawnymarketing.pl\/wp-content\/uploads\/2024\/01\/w-podlaskiem-jezdze-z-kaskiem.png 668w, https:\/\/sprawnymarketing.pl\/wp-content\/uploads\/2024\/01\/w-podlaskiem-jezdze-z-kaskiem-300x335.png 300w, https:\/\/sprawnymarketing.pl\/wp-content\/uploads\/2024\/01\/w-podlaskiem-jezdze-z-kaskiem-530x593.png 530w\" sizes=\"(max-width: 668px) 100vw, 668px\" \/><\/figure>\n\n\n\n<div class=\"wp-block-media-text is-stacked-on-mobile\" style=\"grid-template-columns:20% auto\"><figure class=\"wp-block-media-text__media\"><img decoding=\"async\" width=\"200\" height=\"200\" src=\"https:\/\/sprawnymarketing.pl\/wp-content\/uploads\/2022\/05\/Michal-Sadowski.png\" alt=\"\" class=\"wp-image-44769 size-full\" srcset=\"https:\/\/sprawnymarketing.pl\/wp-content\/uploads\/2022\/05\/Michal-Sadowski.png 200w, https:\/\/sprawnymarketing.pl\/wp-content\/uploads\/2022\/05\/Michal-Sadowski-150x150.png 150w\" sizes=\"(max-width: 200px) 100vw, 200px\" \/><\/figure><div class=\"wp-block-media-text__content\">\n<h2 class=\"wp-block-heading\" id=\"h-michal-sadowski\">Micha\u0142 Sadowski<\/h2>\n\n\n\n<p><em>Za\u0142o\u017cyciel&nbsp;Brand24&nbsp;\u2013 narz\u0119dzia internetowego do ochrony reputacji w internecie, z tysi\u0105cami klient\u00f3w z ponad 120 kraj\u00f3w.<\/em><\/p>\n<\/div><\/div>\n\n\n\n<p>Dla mnie absolutnym hitem by\u0142a kampania <a href=\"https:\/\/www.fiverr.com\/news\/power-of-humanity-campaign\" target=\"_blank\" rel=\"noreferrer noopener nofollow\" class=\"broken_link\">Fiverr \u201eAI took my job\u201d<\/a>. \u015awietnie pokaza\u0142a, \u017ce AI nie jest tu, aby nas zast\u0105pi\u0107, a \u017ceby przenie\u015b\u0107 nasz\u0105 prac\u0119 na nowy poziom. Widzimy prawdziwo\u015b\u0107 tych s\u0142\u00f3w w naszej codziennej pracy w B24, bo dzi\u0119ki sztucznej inteligencji osoby na ka\u017cdym poziomie zaanwansowania s\u0105 w stanie wskoczy\u0107 level wy\u017cej.<\/p>\n\n\n\n<div class=\"wp-block-media-text is-stacked-on-mobile\" style=\"grid-template-columns:20% auto\"><figure class=\"wp-block-media-text__media\"><img decoding=\"async\" width=\"200\" height=\"200\" src=\"https:\/\/sprawnymarketing.pl\/wp-content\/uploads\/2022\/05\/Kamil-Bolek.png\" alt=\"\" class=\"wp-image-44140 size-full\" srcset=\"https:\/\/sprawnymarketing.pl\/wp-content\/uploads\/2022\/05\/Kamil-Bolek.png 200w, https:\/\/sprawnymarketing.pl\/wp-content\/uploads\/2022\/05\/Kamil-Bolek-150x150.png 150w\" sizes=\"(max-width: 200px) 100vw, 200px\" \/><\/figure><div class=\"wp-block-media-text__content\">\n<h2 class=\"wp-block-heading\" id=\"h-kamil-bolek\">Kamil Bolek<\/h2>\n\n\n\n<p><em>Influencer marketing, YouTube &amp; MCN expert&nbsp;<\/em><\/p>\n<\/div><\/div>\n\n\n\n<p>Bezdyskusyjnie<strong> jednymi z najciekawszych kampanii 2023 by\u0142y te wok\u00f3\u0142 \u201eBarbie\u201d, no i sam film<\/strong>. Tak jak kiedy\u015b LEGO, tak w minionym roku Mattel udowodni\u0142, \u017ce da si\u0119 robi\u0107 taki content marketingowy, za ogl\u0105danie kt\u00f3rego ludzie b\u0119d\u0105 jeszcze chcieli zap\u0142aci\u0107 (mam na my\u015bli sam film oczywi\u015bcie \ud83d\ude0a). Do tego doszed\u0142 popkulturowy fenomen kultowej lalki i okaza\u0142o si\u0119, \u017ce nagle wszystko wok\u00f3\u0142 jest r\u00f3\u017cowe, a influencerzy, u\u017cytkownicy, a nawet inne marki prze\u015bcigaj\u0105 si\u0119 w kolejnych pomys\u0142ach na tre\u015bci, filtry, trendy, memy i wszystko co tylko si\u0119 da wok\u00f3\u0142 Barbie. Spodziewam si\u0119, \u017ce m\u00f3g\u0142 to by\u0107 rekord w obszarze UGC (user-generated content) \u2013 nie tylko w skali tego roku. \ud83d\ude09<\/p>\n\n\n\n<div class=\"wp-block-media-text is-stacked-on-mobile\" style=\"grid-template-columns:20% auto\"><figure class=\"wp-block-media-text__media\"><img decoding=\"async\" width=\"200\" height=\"200\" src=\"https:\/\/sprawnymarketing.pl\/wp-content\/uploads\/2023\/12\/pawel-sala.webp\" alt=\"\" class=\"wp-image-47770 size-full\" srcset=\"https:\/\/sprawnymarketing.pl\/wp-content\/uploads\/2023\/12\/pawel-sala.webp 200w, https:\/\/sprawnymarketing.pl\/wp-content\/uploads\/2023\/12\/pawel-sala-150x150.webp 150w\" sizes=\"(max-width: 200px) 100vw, 200px\" \/><\/figure><div class=\"wp-block-media-text__content\">\n<h2 class=\"wp-block-heading\" id=\"h-pawel-sala\">Pawe\u0142 Sala<\/h2>\n\n\n\n<p><em>Co-founder FreshMail. Ekspert e-mail marketingu. Podcaster i autor artyku\u0142\u00f3w bran\u017cowych. M\u00f3wca na licznych konferencjach.<\/em><\/p>\n<\/div><\/div>\n\n\n\n<p>Chyba pierwszy raz umiem odpowiedzie\u0107 na to pytanie bez specjalnego zastanowienia. W mojej ocenie w 2023 roku <strong>kampania\u00a0\u201eBarbie\u201d by\u0142a doskona\u0142ym przyk\u0142adem tego, jak strategiczne planowanie, kreatywno\u015b\u0107 i zaanga\u017cowanie odbiorc\u00f3w mog\u0105 przekszta\u0142ci\u0107 promocj\u0119 filmu w globalne zjawisko kulturowe<\/strong>. W 2023 roku sta\u0142a si\u0119 ona wzorem do na\u015bladowania w bran\u017cy marketingowej, demonstruj\u0105c, jak mo\u017cna wykorzysta\u0107 r\u00f3\u017cnorodne kana\u0142y i narz\u0119dzia do stworzenia niezapomnianej kampanii reklamowej. Co wi\u0119cej, kampania ta da\u0142a szans\u0119 na popisy innych marketer\u00f3w w ramach dzia\u0142a\u0144 <a href=\"https:\/\/sprawnymarketing.pl\/blog\/real-time-marketing-wszystko-co-musisz-o-nim-wiedziec-by-wykorzystac-go-w-marketingu\/\" target=\"_blank\" rel=\"noreferrer noopener\">Real Time Marketing<\/a>, co tylko jeszcze bardziej zwi\u0119ksza\u0142o jej zasi\u0119g.\u00a0<\/p>\n\n\n\n<div class=\"wp-block-media-text is-stacked-on-mobile\" style=\"grid-template-columns:20% auto\"><figure class=\"wp-block-media-text__media\"><img decoding=\"async\" width=\"300\" height=\"300\" src=\"https:\/\/sprawnymarketing.pl\/wp-content\/uploads\/2019\/01\/janina-bak_300x300.webp\" alt=\"\" class=\"wp-image-47719 size-full\" srcset=\"https:\/\/sprawnymarketing.pl\/wp-content\/uploads\/2019\/01\/janina-bak_300x300.webp 300w, https:\/\/sprawnymarketing.pl\/wp-content\/uploads\/2019\/01\/janina-bak_300x300-150x150.webp 150w\" sizes=\"(max-width: 300px) 100vw, 300px\" \/><\/figure><div class=\"wp-block-media-text__content\">\n<h2 class=\"wp-block-heading\" id=\"h-janina-bak\">Janina B\u0105k<\/h2>\n\n\n\n<p><em>Statystyczka, blogerka, influencerka, autorka ksi\u0105\u017cek (\u201eStatystycznie rzecz bior\u0105c. Czyli ile trzeba zje\u015b\u0107 czekolady, \u017ceby dosta\u0107 Nobla\u201d oraz \u201eStatystycznie rzecz bior\u0105c 2. Czyli jak zmierzy\u0107 si\u0142\u0119 tornada za pomoc\u0105 gofra\u201d)<\/em><\/p>\n<\/div><\/div>\n\n\n\n<p>Wszystkie kampanie spo\u0142eczne i akcje social mediowe, kt\u00f3re doprowadzi\u0142y do <strong>rekordowej frekwencji w tegorocznych wyborach parlamentarnych<\/strong>. Ten wynik to dow\u00f3d na to, \u017ce social media i influencerzy niekoniecznie s\u0105 jak lotnisko w Radomiu \u2013 ca\u0142kowicie bezu\u017cyteczni \u2013 a ich si\u0142a i wp\u0142yw, je\u015bli s\u0105 dobrze wykorzystane, mog\u0105 dos\u0142ownie zmieni\u0107 \u015bwiat.<\/p>\n\n\n\n<div class=\"wp-block-media-text is-stacked-on-mobile\" style=\"grid-template-columns:20% auto\"><figure class=\"wp-block-media-text__media\"><img decoding=\"async\" width=\"200\" height=\"200\" src=\"https:\/\/sprawnymarketing.pl\/wp-content\/uploads\/2023\/04\/Alek-Cierniewski.png.webp\" alt=\"\" class=\"wp-image-46242 size-full\" srcset=\"https:\/\/sprawnymarketing.pl\/wp-content\/uploads\/2023\/04\/Alek-Cierniewski.png.webp 200w, https:\/\/sprawnymarketing.pl\/wp-content\/uploads\/2023\/04\/Alek-Cierniewski.png-150x150.webp 150w\" sizes=\"(max-width: 200px) 100vw, 200px\" \/><\/figure><div class=\"wp-block-media-text__content\">\n<h2 class=\"wp-block-heading\" id=\"h-aleksander-cierniewski\">Aleksander Cierniewski<\/h2>\n\n\n\n<p><em>CEO Semcore. Pe\u0142en energii lider. Dba o kluczowe procesy, kultur\u0119 organizacyjn\u0105 i wsp\u00f3\u0142prac\u0119 ze wszystkimi zespo\u0142ami w firmie<\/em>.<\/p>\n<\/div><\/div>\n\n\n\n<p>Dla mnie, jako fana sport\u00f3w, w pami\u0119ci mocno zapad\u0142 <strong>spot informuj\u0105cy o tym, \u017ce InPost sta\u0142 si\u0119 oficjalnym partnerem angielskiego klubu Newcastle United<\/strong>. To taka ma\u0142a duma z rodzimego biznesu, kt\u00f3ry komunikacyjnie jest bardzo sp\u00f3jny i ca\u0142y czas konsekwentnie gra o wi\u0119cej.<\/p>\n\n\n\n<figure class=\"wp-block-embed is-type-rich is-provider-twitter wp-block-embed-twitter\"><div class=\"wp-block-embed__wrapper\">\n<blockquote class=\"twitter-tweet\" data-width=\"550\" data-dnt=\"true\"><p lang=\"pl\" dir=\"ltr\">Paczkomat kibicuje Srokom! \u26bd\ud83c\udff4\udb40\udc67\udb40\udc62\udb40\udc65\udb40\udc6e\udb40\udc67\udb40\udc7f Jeste\u015bmy oficjalnym partnerem Newcastle United <a href=\"https:\/\/t.co\/Qzrr5lTRUx\">pic.twitter.com\/Qzrr5lTRUx<\/a><\/p>&mdash; Paczkomat, Kurier (@InPostPL) <a href=\"https:\/\/twitter.com\/InPostPL\/status\/1730893453934940571?ref_src=twsrc%5Etfw\">December 2, 2023<\/a><\/blockquote><script async src=\"https:\/\/platform.twitter.com\/widgets.js\" charset=\"utf-8\"><\/script>\n<\/div><\/figure>\n\n\n\n<p>Oczywi\u015bcie w 2023 na uwag\u0119 zas\u0142ugiwa\u0142y tak\u017ce wszelkie pr\u00f3by anga\u017cowania AI w kreacje. Ciekawym przyk\u0142adem, tak\u017ce z rodzinnego podw\u00f3rka, jest<strong> Spadiora i wykorzystanie sztucznej inteligencji do wygenerowania wsp\u00f3\u0142czesnych interpretacji s\u0142ynnych dzie\u0142 sztuki, w kt\u00f3re wkomponowany zosta\u0142 produkt marki<\/strong>.<\/p>\n\n\n\n<figure class=\"wp-block-image size-full\"><img decoding=\"async\" width=\"861\" height=\"544\" src=\"https:\/\/sprawnymarketing.pl\/wp-content\/uploads\/2023\/12\/spadiora.png\" alt=\"kampanie reklamowe 2023\" class=\"wp-image-47738\" srcset=\"https:\/\/sprawnymarketing.pl\/wp-content\/uploads\/2023\/12\/spadiora.png 861w, https:\/\/sprawnymarketing.pl\/wp-content\/uploads\/2023\/12\/spadiora-300x190.png 300w, https:\/\/sprawnymarketing.pl\/wp-content\/uploads\/2023\/12\/spadiora-530x335.png 530w, https:\/\/sprawnymarketing.pl\/wp-content\/uploads\/2023\/12\/spadiora-768x485.png 768w\" sizes=\"(max-width: 861px) 100vw, 861px\" \/><figcaption class=\"wp-element-caption\">\u0179r\u00f3d\u0142o: spadiora.pl<\/figcaption><\/figure>\n\n\n\n<p>My\u015bl\u0119 r\u00f3wnie\u017c, \u017ce warto przyjrze\u0107 si\u0119 kampanii B2B <strong>\u201eEarth4\u201d UN Global Compact i B3, kt\u00f3ra zgarn\u0119\u0142a Grand Prix za kreatywne podej\u015bcie B2B<\/strong>. Dzia\u0142aj\u0105cy w czasie rzeczywistym symulator pokazuje nasz\u0105 planet\u0119 jako firm\u0119 z 8 miliardami u\u017cytkownik\u00f3w, kt\u00f3rej notowania na gie\u0142dzie zale\u017cne s\u0105 od tego, co dzieje si\u0119 dooko\u0142a.<\/p>\n\n\n\n<figure class=\"wp-block-embed is-type-video is-provider-youtube wp-block-embed-youtube wp-embed-aspect-16-9 wp-has-aspect-ratio\"><div class=\"wp-block-embed__wrapper\">\n<iframe title=\"B3 Stock Exchange &amp; United Nations Global Compact - EART4\/ TERR4 (Case Study) | 2023 Campaign\" width=\"640\" height=\"360\" src=\"https:\/\/www.youtube.com\/embed\/2PKMNmWpNFI?start=119&#038;feature=oembed\" frameborder=\"0\" allow=\"accelerometer; autoplay; clipboard-write; encrypted-media; gyroscope; picture-in-picture; web-share\" referrerpolicy=\"strict-origin-when-cross-origin\" allowfullscreen><\/iframe>\n<\/div><\/figure>\n\n\n\n<div class=\"wp-block-media-text is-stacked-on-mobile\" style=\"grid-template-columns:20% auto\"><figure class=\"wp-block-media-text__media\"><img decoding=\"async\" width=\"200\" height=\"200\" src=\"https:\/\/sprawnymarketing.pl\/wp-content\/uploads\/2023\/04\/Bartosz-Walat.webp\" alt=\"\" class=\"wp-image-46238 size-full\" srcset=\"https:\/\/sprawnymarketing.pl\/wp-content\/uploads\/2023\/04\/Bartosz-Walat.webp 200w, https:\/\/sprawnymarketing.pl\/wp-content\/uploads\/2023\/04\/Bartosz-Walat-150x150.webp 150w\" sizes=\"(max-width: 200px) 100vw, 200px\" \/><\/figure><div class=\"wp-block-media-text__content\">\n<h2 class=\"wp-block-heading\" id=\"h-bartosz-walat\">Bartosz Walat<\/h2>\n\n\n\n<p><em>Creative Lead w Tears of Joy<\/em><\/p>\n<\/div><\/div>\n\n\n\n<p>Najciekawsze by\u0142y dla mnie <strong>nap\u0119dzaj\u0105ce si\u0119 nawzajem dzia\u0142ania promocyjne film\u00f3w \u201eBarbie\u201d i \u201eOppenheimer\u201d<\/strong>. Popkultura po raz kolejny pokaza\u0142a, w jaki spos\u00f3b powinni\u015bmy budowa\u0107 pozytywne konotacje mi\u0119dzy brandami \u2013 nawet o odleg\u0142ych <a href=\"https:\/\/sprawnymarketing.pl\/blog\/archetypy-marki\/\" target=\"_blank\" rel=\"noreferrer noopener\">archetypach marki<\/a>. Zaanga\u017cowanie widz\u00f3w w mediach spo\u0142eczno\u015bciowych prze\u0142o\u017cy\u0142o si\u0119 na popularno\u015b\u0107 obu tytu\u0142\u00f3w, a reakcje marek pokaza\u0142y, \u017ce o wiele bardziej lubimy rywalizowa\u0107 na kreatywno\u015b\u0107, gdy pojawia si\u0119 do tego pretekst. Po Warszawie je\u017adzi\u0142o Uber Pink, w Zarze czy w Primarku pojawi\u0142y si\u0119 kolekcje ubra\u0144, a kontekstowe produkty trafi\u0142y na p\u00f3\u0142ki Pepco, Biedronki i osiedlowego warzywniaka. \u017be o serii post\u00f3w RTM w wykonaniu InPost, IKEA czy Tyskie nie wspomn\u0119. <\/p>\n\n\n<p id=\"text-block_cc3c1bf85153d2710b88bce974eb8e96\" class=\"text-frame\">\n    Pr\u00f3\u017cno szuka\u0107 podobnego rozmachu w wykonaniu jakiejkolwiek kampanii, co daje do my\u015blenia i od razu podsuwa rozwi\u0105zanie: prowad\u017amy dialog, podkre\u015blajmy wyr\u00f3\u017cniki, miejmy dystans do marki.<\/p>\n\n\n<div class=\"wp-block-media-text is-stacked-on-mobile\" style=\"grid-template-columns:20% auto\"><figure class=\"wp-block-media-text__media\"><img decoding=\"async\" width=\"150\" height=\"150\" src=\"https:\/\/sprawnymarketing.pl\/wp-content\/uploads\/2023\/12\/kamila-kotowska.webp\" alt=\"\" class=\"wp-image-47769 size-full\"\/><\/figure><div class=\"wp-block-media-text__content\">\n<h2 class=\"wp-block-heading\" id=\"h-kamila-kotowska\">Kamila Kotowska<\/h2>\n\n\n\n<p><em>Head of Marketing w cux.io. Jako entuzjastka content i growth marketingu skupia si\u0119 przede wszystkim na nieszablonowym podej\u015bciu do rozwi\u0105zywania problem\u00f3w komunikacyjnych oraz budowaniu strategii kreatywnych.<\/em><\/p>\n<\/div><\/div>\n\n\n\n<p>Od lat kocham i wspieram wszystkie akcje zwi\u0105zane z pieskami! Tak wi\u0119c niezmienne wymieni\u0119 <strong>akcj\u0119 OLX \u201eNakarm Psa\u201d, <a href=\"https:\/\/www.pracuj.pl\/pieski\/\" target=\"_blank\" rel=\"noreferrer noopener nofollow\" class=\"broken_link\">wsp\u00f3\u0142prac\u0119 Kasi Gandor z Pracuj.pl<\/a> czy kampani\u0119 \u0141ukasza Litewki z Lewicy<\/strong>, kt\u00f3ry na swoich plakatach wyborczych prezentowa\u0142 psiaki z sosnowieckiego schroniska czekaj\u0105ce na adopcj\u0119.<\/p>\n\n\n\n<div class=\"wp-block-media-text is-stacked-on-mobile\" style=\"grid-template-columns:20% auto\"><figure class=\"wp-block-media-text__media\"><img decoding=\"async\" width=\"300\" height=\"300\" src=\"https:\/\/sprawnymarketing.pl\/wp-content\/uploads\/2023\/12\/dominik-krabowski.webp\" alt=\"\" class=\"wp-image-47768 size-full\" srcset=\"https:\/\/sprawnymarketing.pl\/wp-content\/uploads\/2023\/12\/dominik-krabowski.webp 300w, https:\/\/sprawnymarketing.pl\/wp-content\/uploads\/2023\/12\/dominik-krabowski-150x150.webp 150w\" sizes=\"(max-width: 300px) 100vw, 300px\" \/><\/figure><div class=\"wp-block-media-text__content\">\n<h2 class=\"wp-block-heading\" id=\"h-dominik-karbowski\">Dominik Karbowski<\/h2>\n\n\n\n<p><em>Wiceprezes i wsp\u00f3\u0142za\u0142o\u017cyciel firmy Selectivv<\/em><\/p>\n<\/div><\/div>\n\n\n\n<p>Najwa\u017cniejsz\u0105 kampani\u0105 spo\u0142eczn\u0105 w 2023 roku by\u0142a inicjatywa <strong>#TataTe\u017cCzyta, promuj\u0105ca czytanie dzieciom przez ojc\u00f3w<\/strong>. Ta akcja, zorganizowana przez Fundacj\u0119 Powszechnego Czytania, wyeksponowa\u0142a znaczenie czytania dla rozwoju dzieci, szczeg\u00f3lnie w kontek\u015bcie wk\u0142adu ojc\u00f3w w ten proces.<\/p>\n\n\n\n<p>Kampania skupi\u0142a uwag\u0119 na istotnym fakcie, \u017ce u dzieci, kt\u00f3rym czyta si\u0119 ksi\u0105\u017cki ju\u017c od najm\u0142odszych lat, umiej\u0119tno\u015bci poznawcze rozwijaj\u0105 si\u0119 znacznie szybciej ni\u017c u ich r\u00f3wie\u015bnik\u00f3w. To co uczyni\u0142o t\u0119 inicjatyw\u0119 wyj\u0105tkow\u0105, to nacisk na zaanga\u017cowanie ojc\u00f3w w ten proces. Statystyki pokazuj\u0105, \u017ce udzia\u0142 ojc\u00f3w w czytaniu dzieciom jest znacz\u0105co mniejszy ni\u017c matek, co czyni t\u0119 kampani\u0119 niezwykle potrzebn\u0105.<\/p>\n\n\n\n<p>Dodatkowo zaanga\u017cowanie znanych osobowo\u015bci, takich jak \u0141ukasz \u201eJuras\u201d Jurkowski \u2013 zawodnik MMA, Zygmunt Mi\u0142oszewski \u2013 ceniony autor ksi\u0105\u017cek i powie\u015bci czy Wies\u0142aw Nowobilski \u2013 szef ekipy remontowej programu \u201eNasz nowy dom\u201d, jako ambasador\u00f3w tej akcji, pokaza\u0142o, \u017ce <strong>czytanie dzieciom powinno by\u0107 akceptowane i praktykowane przez wszystkich, niezale\u017cnie od zawodu, wieku czy pasji<\/strong>. To uwydatni\u0142o uniwersalno\u015b\u0107 i znaczenie tej inicjatywy spo\u0142ecznej dla ca\u0142ego spo\u0142ecze\u0144stwa.<\/p>\n\n\n<div id=\"text-block_100e8af8b50bc3f18c37784a9279f8d4\" class=\"frame-border\" >\n        <p>Wprowadzenie takiej kampanii na szerok\u0105 skal\u0119 mia\u0142o na celu nie tylko zwi\u0119kszenie \u015bwiadomo\u015bci na temat czytania dzieciom, ale r\u00f3wnie\u017c zmian\u0119 spo\u0142ecznych norm, zach\u0119caj\u0105c ojc\u00f3w do aktywnego udzia\u0142u w tej wa\u017cnej sferze \u017cycia dzieci. To zdecydowanie jedna z najwa\u017cniejszych inicjatyw spo\u0142ecznych, kt\u00f3ra dotar\u0142a do serc wielu ludzi i zmieni\u0142a spos\u00f3b, w jaki spo\u0142ecze\u0144stwo postrzega rol\u0119 ojc\u00f3w w czytaniu dzieciom.<\/p>\n<\/div>\n\n\n<div class=\"wp-block-media-text is-stacked-on-mobile\" style=\"grid-template-columns:20% auto\"><figure class=\"wp-block-media-text__media\"><img decoding=\"async\" width=\"200\" height=\"200\" src=\"https:\/\/sprawnymarketing.pl\/wp-content\/uploads\/2023\/01\/Piotr-Bucki.png\" alt=\"\" class=\"wp-image-45488 size-full\" srcset=\"https:\/\/sprawnymarketing.pl\/wp-content\/uploads\/2023\/01\/Piotr-Bucki.png 200w, https:\/\/sprawnymarketing.pl\/wp-content\/uploads\/2023\/01\/Piotr-Bucki-150x150.png 150w\" sizes=\"(max-width: 200px) 100vw, 200px\" \/><\/figure><div class=\"wp-block-media-text__content\">\n<h2 class=\"wp-block-heading\" id=\"h-piotr-bucki\">Piotr Bucki<\/h2>\n\n\n\n<p><em>Od kilkunastu lat pomaga ludziom szlifowa\u0107 komunikacj\u0119. Autor takich ksi\u0105\u017cek, jak \u201ePorozmawiajmy o komunikacji\u201d, \u201eLife\u2019s a pitch and then you die\u201d, \u201eSapiens na zakupach. O tym jak i dlaczego wybieramy, oceniamy, kupujemy\u201d, \u201eViral. Jak zara\u017ca\u0107 ideami i tworzy\u0107 wirusowe tre\u015bci\u201d czy \u201ePrezentacje. Po prostu!\u201d.<\/em><\/p>\n<\/div><\/div>\n\n\n\n<p>Niezmiennie <strong>RTM od IKEA<\/strong> i do\u015b\u0107 nieoczekiwanie \u2013 wszystkie parodie reklam na SNL. Bo um\u00f3wmy si\u0119, wi\u0119kszo\u015b\u0107 reklam&nbsp;zas\u0142uguje tylko na parodi\u0119 i \u015bmiech.&nbsp;<\/p>\n\n\n\n<div class=\"wp-block-media-text is-stacked-on-mobile\" style=\"grid-template-columns:20% auto\"><figure class=\"wp-block-media-text__media\"><img decoding=\"async\" width=\"530\" height=\"530\" src=\"https:\/\/sprawnymarketing.pl\/wp-content\/uploads\/2023\/12\/James-Behr-2-530x530.png\" alt=\"\" class=\"wp-image-47756 size-full\" srcset=\"https:\/\/sprawnymarketing.pl\/wp-content\/uploads\/2023\/12\/James-Behr-2-530x530.png 530w, https:\/\/sprawnymarketing.pl\/wp-content\/uploads\/2023\/12\/James-Behr-2-300x300.png 300w, https:\/\/sprawnymarketing.pl\/wp-content\/uploads\/2023\/12\/James-Behr-2-150x150.png 150w, https:\/\/sprawnymarketing.pl\/wp-content\/uploads\/2023\/12\/James-Behr-2-768x768.png 768w, https:\/\/sprawnymarketing.pl\/wp-content\/uploads\/2023\/12\/James-Behr-2-1536x1536.png 1536w, https:\/\/sprawnymarketing.pl\/wp-content\/uploads\/2023\/12\/James-Behr-2.png 1896w\" sizes=\"(max-width: 530px) 100vw, 530px\" \/><\/figure><div class=\"wp-block-media-text__content\">\n<h2 class=\"wp-block-heading\" id=\"h-james-behr\">James Behr<\/h2>\n\n\n\n<p><em>Zarz\u0105dza agencj\u0105 AdFather, kt\u00f3rej dzia\u0142ania obejmuj\u0105 takie obszary jak strategia, branding, social media, design oraz produkcja contentu.<\/em><\/p>\n<\/div><\/div>\n\n\n\n<p>W swoim wyst\u0105pieniu na majowej edycji <a href=\"https:\/\/sprawnymarketing.pl\/konferencja\/\" target=\"_blank\" rel=\"noreferrer noopener\">I Love Marketing &amp; Technology <\/a>wspomnia\u0142em o tym, \u017ce nale\u017cy zwr\u00f3ci\u0107 uwag\u0119 na <strong>zmian\u0119 postrzegania i komunikowania si\u0119 z tzw. Silversami<\/strong>. W 2023 roku widzia\u0142em kampani\u0119 agencji Grey, kt\u00f3ra zrobi\u0142a to wzorowo dla mBanku.\u00a0\u201eSzcz\u0119\u015bliwi z wiekiem\u201d\u00a0to w\u0142a\u015bnie odpowied\u017a na stereotypowe postrzeganie \u017cycia na emeryturze.\u00a0<\/p>\n\n\n\n<figure class=\"wp-block-embed is-type-video is-provider-youtube wp-block-embed-youtube wp-embed-aspect-16-9 wp-has-aspect-ratio\"><div class=\"wp-block-embed__wrapper\">\n<iframe title=\"Szcz\u0119\u015bliwi z wiekiem\" width=\"640\" height=\"360\" src=\"https:\/\/www.youtube.com\/embed\/vEYiAAo15P8?feature=oembed\" frameborder=\"0\" allow=\"accelerometer; autoplay; clipboard-write; encrypted-media; gyroscope; picture-in-picture; web-share\" referrerpolicy=\"strict-origin-when-cross-origin\" allowfullscreen><\/iframe>\n<\/div><\/figure>\n\n\n\n<div class=\"wp-block-media-text is-stacked-on-mobile\" style=\"grid-template-columns:20% auto\"><figure class=\"wp-block-media-text__media\"><img decoding=\"async\" width=\"530\" height=\"530\" src=\"https:\/\/sprawnymarketing.pl\/wp-content\/uploads\/2023\/11\/franciszek-georgiew-530x530.png\" alt=\"\" class=\"wp-image-47567 size-full\" srcset=\"https:\/\/sprawnymarketing.pl\/wp-content\/uploads\/2023\/11\/franciszek-georgiew-530x530.png 530w, https:\/\/sprawnymarketing.pl\/wp-content\/uploads\/2023\/11\/franciszek-georgiew-300x300.png 300w, https:\/\/sprawnymarketing.pl\/wp-content\/uploads\/2023\/11\/franciszek-georgiew-150x150.png 150w, https:\/\/sprawnymarketing.pl\/wp-content\/uploads\/2023\/11\/franciszek-georgiew-768x768.png 768w, https:\/\/sprawnymarketing.pl\/wp-content\/uploads\/2023\/11\/franciszek-georgiew-1536x1536.png 1536w, https:\/\/sprawnymarketing.pl\/wp-content\/uploads\/2023\/11\/franciszek-georgiew.png 1896w\" sizes=\"(max-width: 530px) 100vw, 530px\" \/><\/figure><div class=\"wp-block-media-text__content\">\n<h2 class=\"wp-block-heading\" id=\"h-franciszek-georgiew\">Franciszek Georgiew<\/h2>\n\n\n\n<p><em>Owner of XXII Ventures: Tigers, Automation House, Huqiao \u7425\u6865<\/em><\/p>\n<\/div><\/div>\n\n\n\n<p>Chcia\u0142bym wyrazi\u0107 uznanie dla zespo\u0142u Tigers, kt\u00f3ry poprzez szereg dzia\u0142a\u0144 kierowanych do Gen Z, w tym kampani\u0119 <strong>\u201eNie daj si\u0119 zdefiniowa\u0107\u201d<\/strong>, pom\u00f3g\u0142 Motoroli znacz\u0105co zwi\u0119kszy\u0107 udzia\u0142 w rynku, mimo du\u017co mniejszych nak\u0142ad\u00f3w reklamowych ni\u017c przepot\u0119\u017cna konkurencja. Kampania zosta\u0142a zreszt\u0105 nagrodzona Effie, a Anna Staszy\u0144ska wyr\u00f3\u017cniona tytu\u0142em Dyrektorki Marketingu Roku, co w obliczu rezultat\u00f3w kampanii jest bardzo uzasadnione!<\/p>\n\n\n\n<div class=\"wp-block-media-text is-stacked-on-mobile\" style=\"grid-template-columns:20% auto\"><figure class=\"wp-block-media-text__media\"><img decoding=\"async\" width=\"300\" height=\"300\" src=\"https:\/\/sprawnymarketing.pl\/wp-content\/uploads\/2023\/04\/Wojciech-Zywolt.png.webp\" alt=\"\" class=\"wp-image-46311 size-full\" srcset=\"https:\/\/sprawnymarketing.pl\/wp-content\/uploads\/2023\/04\/Wojciech-Zywolt.png.webp 300w, https:\/\/sprawnymarketing.pl\/wp-content\/uploads\/2023\/04\/Wojciech-Zywolt.png-150x150.webp 150w\" sizes=\"(max-width: 300px) 100vw, 300px\" \/><\/figure><div class=\"wp-block-media-text__content\">\n<h2 class=\"wp-block-heading\" id=\"h-wojciech-zywolt\">Wojciech \u017bywolt<\/h2>\n\n\n\n<p><em>Social media specialist, wyk\u0142adowca i szkoleniowiec<\/em>.<\/p>\n<\/div><\/div>\n\n\n\n<p>Kampanie spo\u0142eczne, kt\u00f3re wywar\u0142y na mnie najwi\u0119ksze wra\u017cenie, to <strong>\u201eNie \u015bpij, bo ci\u0119 przeg\u0142osuj\u0105\u201d, \u201eTO TW\u00d3J WYB\u00d3R\u201d oraz \u201eKobiety na wybory\u201d<\/strong>. Zwr\u00f3ci\u0142em na nie uwag\u0119, poniewa\u017c w r\u00f3\u017cnych social mediach publikowano statyczne posty, wideo czy relacje, by zach\u0119ci\u0107 jak najwi\u0119ksz\u0105 liczb\u0119 os\u00f3b do udzia\u0142u w g\u0142osowaniu podczas wybor\u00f3w. Cel zosta\u0142 osi\u0105gni\u0119ty \u2013 frekwencja z 2023 by\u0142a najwy\u017csza w historii (74,38%).<\/p>\n\n\n\n<p>Ze wzgl\u0119du na premier\u0119 filmu \u201eBarbie\u201d by\u0142o r\u00f3wnie\u017c r\u00f3\u017cowo! Internauci mogli wygenerowa\u0107 selfie za pomoc\u0105 <a href=\"https:\/\/www.barbieselfie.ai\/intl\/\" target=\"_blank\" rel=\"noreferrer noopener nofollow\">Barbie Selfie Generatora<\/a>, korzysta\u0107 z promocji oraz obserwowa\u0107 RTM-y czy r\u00f3\u017cowo-czarne wpisy \u2013 wiele marek tworzy\u0142o dwukolorowe kola\u017ce zdj\u0119\u0107, kt\u00f3re nawi\u0105zywa\u0142y do premiery \u201eBarbie\u201d oraz \u201eOppenheimera\u201d. Do przyk\u0142ad\u00f3w nale\u017c\u0105 posty <a href=\"https:\/\/www.facebook.com\/BiedronkaCodziennie\/posts\/pfbid02X1D3Q2eu5y4Cfh3dVWPrezpMWGiDvpqrBXLFe5c4Z9DAdtazC7RUp2kZar4vbRwyl\" target=\"_blank\" rel=\"noreferrer noopener nofollow\">Biedronki<\/a>, <a href=\"https:\/\/www.facebook.com\/Tymbark\/posts\/pfbid02RcyQUikSAFBasATGsSo8A3iVm9xa4uEtd7fYujsFkYY1snenXzz5z7JGtbRXoeJPl\" target=\"_blank\" rel=\"noreferrer noopener nofollow\">Tymbarka<\/a> i <a href=\"https:\/\/www.facebook.com\/getSharebee\/posts\/pfbid0nUb5wLa56PNXJTC3hUdiwaUjCqZWSxf9DDCU4LHjtLvdfckr1nswmPxwMHoAHE6al\" target=\"_blank\" rel=\"noreferrer noopener nofollow\">Sharebee<\/a> na Facebooku. Najbardziej zafascynowa\u0142o mnie te\u017c to, \u017ce tylu ludzi posz\u0142o na premier\u0119 filmu w r\u00f3\u017cowych ubraniach.<\/p>\n\n\n\n<div class=\"wp-block-media-text is-stacked-on-mobile\" style=\"grid-template-columns:20% auto\"><figure class=\"wp-block-media-text__media\"><img decoding=\"async\" width=\"300\" height=\"300\" src=\"https:\/\/sprawnymarketing.pl\/wp-content\/uploads\/2023\/12\/fediukovich.webp\" alt=\"\" class=\"wp-image-47774 size-full\" srcset=\"https:\/\/sprawnymarketing.pl\/wp-content\/uploads\/2023\/12\/fediukovich.webp 300w, https:\/\/sprawnymarketing.pl\/wp-content\/uploads\/2023\/12\/fediukovich-150x150.webp 150w\" sizes=\"(max-width: 300px) 100vw, 300px\" \/><\/figure><div class=\"wp-block-media-text__content\">\n<h2 class=\"wp-block-heading\" id=\"h-mikhail-fediukovich\">Mikhail Fediukovich<\/h2>\n\n\n\n<p><em>Senior Performance Specialist, Digital Consulting, Performance Lead w Kerris<\/em><\/p>\n<\/div><\/div>\n\n\n\n<p><strong>Najciekawsz\u0105 kampani\u0119 reklamow\u0105 mia\u0142o narz\u0119dzie internetowe do analizy statystyk serwis\u00f3w, znane jako <a href=\"https:\/\/sprawnymarketing.pl\/szkolenia\/ga4-2\/\" target=\"_blank\" rel=\"noreferrer noopener\">Google Analytics 4<\/a><\/strong> \u2013 jestem pewien, \u017ce te\u017c o nim s\u0142yszeli\u015bcie! \ud83d\ude09 Podobnie jak \u201eBarbie\u201d czy \u201eOppenheimer\u201d, GA4 szybko sta\u0142o si\u0119 bohaterem mem\u00f3w na LinkedInie i g\u0142\u00f3wnym tematem rozm\u00f3w na korytarzach biur marketingowych. Niekt\u00f3rzy starali si\u0119 by\u0107 \u201ena czasie\u201d, samodzielnie robi\u0105c przej\u015bcie na GA4, ale w rzeczywisto\u015bci nie wykorzystywali w pe\u0142ni potencja\u0142u tego narz\u0119dzia. Jak kula \u015bnie\u017cna, GA4 narasta\u0142 mitami i legendami, a 1 lipca Google wprowadzi\u0142o ostatni\u0105 faz\u0119 kampanii reklamowej, zatrzymuj\u0105c przetwarzanie danych poprzez Universal Analytics. Czy w tym roku by\u0142o co\u015b pi\u0119kniejszego ni\u017c ta kampania?<\/p>\n\n\n\n<div class=\"wp-block-media-text is-stacked-on-mobile\" style=\"grid-template-columns:20% auto\"><figure class=\"wp-block-media-text__media\"><img decoding=\"async\" width=\"200\" height=\"200\" src=\"https:\/\/sprawnymarketing.pl\/wp-content\/uploads\/2024\/01\/Dominika-Bucholc.webp\" alt=\"\" class=\"wp-image-47790 size-full\" srcset=\"https:\/\/sprawnymarketing.pl\/wp-content\/uploads\/2024\/01\/Dominika-Bucholc.webp 200w, https:\/\/sprawnymarketing.pl\/wp-content\/uploads\/2024\/01\/Dominika-Bucholc-150x150.webp 150w\" sizes=\"(max-width: 200px) 100vw, 200px\" \/><\/figure><div class=\"wp-block-media-text__content\">\n<h2 class=\"wp-block-heading\" id=\"h-dominika-bucholc\">Dominika Bucholc<\/h2>\n\n\n\n<p><em>Konsultantka i ekspertka w zakresie AI i strategii<\/em><\/p>\n<\/div><\/div>\n\n\n\n<p>Najciekawsza wydawa\u0142a mi si\u0119 kampania\u00a0<strong><a href=\"https:\/\/www.coca-colacompany.com\/media-center\/coca-cola-invites-digital-artists-to-create-real-magic-using-new-ai-platform\" target=\"_blank\" rel=\"noreferrer noopener nofollow\">Coca-Cola \u201eCreate Real Magic&#8221;<\/a>.<\/strong>\u00a0Wsp\u00f3\u0142praca z OpenAI i Bain &amp; Company, kt\u00f3ra wykorzystywa\u0142a GPT-4 i DALL-E do tworzenia obraz\u00f3w na podstawie tekstu. Fani mogli przesy\u0142a\u0107 swoje prace, a najlepsze z nich pojawi\u0142y si\u0119 na billboardach w Nowym Jorku i Londynie.\u00a0<\/p>\n\n\n\n<p>Jednak du\u017ce wra\u017cenie na \u201enaszym ogr\u00f3dku\u201d wywar\u0142y na mnie wszystkie&nbsp;<strong>kampanie profrekwencyjne<\/strong>&nbsp;zwi\u0105zane z wyborami parlamentarnymi, maj\u0105ce na celu zwi\u0119kszenie frekwencji wyborczej. Jak pokaza\u0142y liczby, to nie tylko moje wra\u017cenie, ale realne wyniki. \ud83d\ude0a&nbsp;<\/p>\n\n\n\n<div class=\"wp-block-media-text is-stacked-on-mobile\" style=\"grid-template-columns:20% auto\"><figure class=\"wp-block-media-text__media\"><img decoding=\"async\" width=\"150\" height=\"150\" src=\"https:\/\/sprawnymarketing.pl\/wp-content\/uploads\/2024\/01\/mick-griffin.webp\" alt=\"\" class=\"wp-image-47794 size-full\"\/><\/figure><div class=\"wp-block-media-text__content\">\n<h2 class=\"wp-block-heading\" id=\"h-mick-griffin\">Mick Griffin<\/h2>\n\n\n\n<p><em>Chief Growth Officer at TRAFFIT, Digital Recruitment Expert, Angel Investor, Curator of Growth<\/em><\/p>\n<\/div><\/div>\n\n\n\n<p>Z pewno\u015bci\u0105 w 2023 roku pojawi\u0142o si\u0119 kilka \u015bwietnych kampanii, ale najbli\u017csza mojemu sercu by\u0142a kampania marki Surreal Cereal z Wielkiej Brytanii. Wiedzieli, \u017ce nie mog\u0105 sobie pozwoli\u0107 na zakup poparcia prawdziwych celebryt\u00f3w. Przeszukali wi\u0119c Wielk\u0105 Brytani\u0119 <strong>w poszukiwaniu os\u00f3b o takich samych nazwiskach jak czo\u0142owi celebryci, tacy jak Dwayne Johnson i Michael Jordan, i zap\u0142acili im za rekomendacje<\/strong>.&nbsp;<\/p>\n\n\n\n<figure class=\"wp-block-image size-full\"><img decoding=\"async\" width=\"2335\" height=\"1585\" src=\"https:\/\/sprawnymarketing.pl\/wp-content\/uploads\/2024\/01\/Surreal-Cereal.png\" alt=\"kampanie 2023\" class=\"wp-image-47821\" srcset=\"https:\/\/sprawnymarketing.pl\/wp-content\/uploads\/2024\/01\/Surreal-Cereal.png 2335w, https:\/\/sprawnymarketing.pl\/wp-content\/uploads\/2024\/01\/Surreal-Cereal-300x204.png 300w, https:\/\/sprawnymarketing.pl\/wp-content\/uploads\/2024\/01\/Surreal-Cereal-530x360.png 530w, https:\/\/sprawnymarketing.pl\/wp-content\/uploads\/2024\/01\/Surreal-Cereal-768x521.png 768w, https:\/\/sprawnymarketing.pl\/wp-content\/uploads\/2024\/01\/Surreal-Cereal-1536x1043.png 1536w, https:\/\/sprawnymarketing.pl\/wp-content\/uploads\/2024\/01\/Surreal-Cereal-2048x1390.png 2048w\" sizes=\"(max-width: 2335px) 100vw, 2335px\" \/><\/figure>\n\n\n\n<p>Ostatecznie zosta\u0142o to zakazane w wielu lokalizacjach, ale wierz\u0119, \u017ce by\u0142o to nawet cz\u0119\u015bci\u0105 ich planu. To fantastyczna kampania obejmuj\u0105ca zar\u00f3wno ekspozycj\u0119 reklam, jak i ogromn\u0105 ekspozycj\u0119 PR ze wzgl\u0119du na kontrowersyjn\u0105 taktyk\u0119.<\/p>\n\n\n\n<p>Wniosek z tej kampanii, kt\u00f3ry tak bardzo mi si\u0119 podoba, polega na tym, \u017ce musimy stale kwestionowa\u0107 zasady, do kt\u00f3rych jeste\u015bmy zobowi\u0105zani jako marketerzy. <\/p>\n\n\n<p id=\"text-block_934796f24e07e5305153cdfa88ebb656\" class=\"text-frame\">\n    To, co by\u0142o zbyt ryzykowne rok temu lub w Twojej poprzedniej firmie, mo\u017ce by\u0107 dok\u0142adnie tym, co kocha Tw\u00f3j obecny pracodawca. To, co w 2021 r. uznawano za tandetne, w 2024 r. mo\u017ce by\u0107 w\u0142a\u015bnie tym, czego b\u0119d\u0105 potrzebowa\u0107 Twoi odbiorcy.<\/p>\n\n\n<p>Nadszed\u0142 czas, aby\u015b znowu pobawi\u0142 si\u0119 marketingiem, poniewa\u017c zazwyczaj je\u015bli Ty dobrze si\u0119 bawisz podczas tworzenia czego\u015b, kto\u015b b\u0119dzie si\u0119 dobrze bawi\u0142 konsumuj\u0105c to.<\/p>\n\n\n\n<div class=\"wp-block-media-text is-stacked-on-mobile\" style=\"grid-template-columns:20% auto\"><figure class=\"wp-block-media-text__media\"><img decoding=\"async\" width=\"150\" height=\"150\" src=\"https:\/\/sprawnymarketing.pl\/wp-content\/uploads\/2024\/01\/Zack-Deris.webp\" alt=\"\" class=\"wp-image-47796 size-full\"\/><\/figure><div class=\"wp-block-media-text__content\">\n<h2 class=\"wp-block-heading\" id=\"h-zack-deris\">Zack Deris<\/h2>\n\n\n\n<p><em>Founder &amp; CEO&nbsp;@ ZDTS<\/em><\/p>\n<\/div><\/div>\n\n\n\n<p>Zar\u00f3wno w 2022, jak i 2023 roku Liquid Death by\u0142o pionierem zwyci\u0119skich kampanii marketingowych, rewolucjonizuj\u0105c podej\u015bcie do promowania wody. <strong>Odwa\u017cnie podejmuj\u0105 kontrowersyjne kwestie, aby sprzeda\u0107 sw\u00f3j produkt, \u201epakuj\u0105c\u201d wod\u0119 w puszk\u0119 przypominaj\u0105c\u0105 puszk\u0119 piwa.<\/strong> Pomimo pozornie w\u0105tpliwego charakteru ich reklam, skutecznie bawi\u0105 si\u0119 i przyci\u0105gaj\u0105 uwag\u0119 potencjalnych nabywc\u00f3w.<\/p>\n\n\n\n<figure class=\"wp-block-image size-full\"><img decoding=\"async\" width=\"854\" height=\"480\" src=\"https:\/\/sprawnymarketing.pl\/wp-content\/uploads\/2024\/01\/Liquiddeath.webp\" alt=\"kampanie 2023\" class=\"wp-image-47820\" srcset=\"https:\/\/sprawnymarketing.pl\/wp-content\/uploads\/2024\/01\/Liquiddeath.webp 854w, https:\/\/sprawnymarketing.pl\/wp-content\/uploads\/2024\/01\/Liquiddeath-300x169.webp 300w, https:\/\/sprawnymarketing.pl\/wp-content\/uploads\/2024\/01\/Liquiddeath-530x298.webp 530w, https:\/\/sprawnymarketing.pl\/wp-content\/uploads\/2024\/01\/Liquiddeath-768x432.webp 768w\" sizes=\"(max-width: 854px) 100vw, 854px\" \/><figcaption class=\"wp-element-caption\">\u0179r\u00f3d\u0142o: liquiddeath.com<\/figcaption><\/figure>\n\n\n\n<p>W 2023 r. firma z powodzeniem przeprowadzi\u0142a viralowe kampanie partnerskie ze znanymi markami i osobisto\u015bciami, takimi jak Fortnite, Burton Snowboard, Nixon, Call of Duty, Steve-O, Travis Barker, Martha Stewart i nie tylko, co zaowocowa\u0142o wzrostem przychod\u00f3w o 92,31% (250 mln USD) w por\u00f3wnaniu z 2022 r. (130 mln USD).&nbsp;<\/p>\n\n\n\n<p>Ich prowokacyjne przes\u0142anie \u201eZabij swoje pragnienie\u201d przekszta\u0142ci\u0142o wod\u0119 w seksowny i ekscytuj\u0105cy produkt konsumpcyjny. Jest to przekonuj\u0105ce \u015bwiadectwo pot\u0119gi marketingu, pokazuj\u0105ce, \u017ce przy odpowiedniej strategii mo\u017cna sprzeda\u0107 wszystko.<\/p>\n\n\n\n<div class=\"wp-block-media-text is-stacked-on-mobile\" style=\"grid-template-columns:20% auto\"><figure class=\"wp-block-media-text__media\"><img decoding=\"async\" width=\"150\" height=\"150\" src=\"https:\/\/sprawnymarketing.pl\/wp-content\/uploads\/2024\/01\/Konstantin-Yevishkin.webp\" alt=\"\" class=\"wp-image-47797 size-full\"\/><\/figure><div class=\"wp-block-media-text__content\">\n<h2 class=\"wp-block-heading\" id=\"h-konstantin-yevishkin\">Konstantin Yevishkin<\/h2>\n\n\n\n<p><em>Founder &amp; CEOFounder &amp; CEO Content Loop<\/em><\/p>\n<\/div><\/div>\n\n\n\n<p>Jako fanowi muzyki zdecydowanie spodoba\u0142a mi si\u0119 <strong>kampania aktywizuj\u0105ca fan\u00f3w przeprowadzona przez Drake&#8217;a podczas jego koncertu. By\u0142a to kampania we wsp\u00f3\u0142pracy z Shopify<\/strong>. Po koncercie pokazali kod QR geo-fenced na \u015bcianie stadionu. Fani, kt\u00f3rzy zeskanowali kod QR i wprowadzili dane do wysy\u0142ki, otrzymali niespodziank\u0119 w postaci niewydanych jeszcze gad\u017cet\u00f3w Drake\u2019a, a tak\u017ce got\u00f3wk\u0119.<\/p>\n\n\n\n<p>Wierz\u0119, \u017ce wkr\u00f3tce pojawi si\u0119 wi\u0119cej tak interaktywnych i wci\u0105gaj\u0105cych do\u015bwiadcze\u0144, poniewa\u017c pr\u00f3g wej\u015bcia jest ni\u017cszy ni\u017c wcze\u015bniej. B\u0119dzie to mieszanka do\u015bwiadcze\u0144 URL i IRL.<\/p>\n\n\n\n<div class=\"wp-block-media-text is-stacked-on-mobile\" style=\"grid-template-columns:20% auto\"><figure class=\"wp-block-media-text__media\"><img decoding=\"async\" width=\"150\" height=\"150\" src=\"https:\/\/sprawnymarketing.pl\/wp-content\/uploads\/2024\/01\/Lohi-Omo-Ezomo.webp\" alt=\"\" class=\"wp-image-47793 size-full\"\/><\/figure><div class=\"wp-block-media-text__content\">\n<h2 class=\"wp-block-heading\" id=\"h-lohi-omo-ezomo\">Lohi Omo-Ezomo<\/h2>\n\n\n\n<p><em>Hawking creativity &amp; brand equity @comtrade360<\/em><\/p>\n<\/div><\/div>\n\n\n\n<p>Po pierwsze, wielkie brawa dla wszystkich marketer\u00f3w i mened\u017cer\u00f3w marek na ca\u0142ym \u015bwiecie za kreatywno\u015b\u0107, kt\u00f3r\u0105 wnosz\u0105 do strategii, scenariuszy, planowania i wdra\u017cania swoich reklam \/ kampanii \u2013 wszyscy naprawd\u0119 dali\u015bcie czadu! Chocia\u017c wyb\u00f3r by\u0142 dla mnie nieco trudny, oto kilka kampanii, kt\u00f3re naprawd\u0119 trafi\u0142y do mnie w 2023 roku:<\/p>\n\n\n\n<ul>\n<li>Kampania IKEA <em>Proudly Second Best<\/em><\/li>\n<\/ul>\n\n\n\n<figure class=\"wp-block-embed is-type-video is-provider-youtube wp-block-embed-youtube wp-embed-aspect-16-9 wp-has-aspect-ratio\"><div class=\"wp-block-embed__wrapper\">\n<iframe title=\"IKEA Proudly Second Best Cot\" width=\"640\" height=\"360\" src=\"https:\/\/www.youtube.com\/embed\/heWqsC4e2vA?feature=oembed\" frameborder=\"0\" allow=\"accelerometer; autoplay; clipboard-write; encrypted-media; gyroscope; picture-in-picture; web-share\" referrerpolicy=\"strict-origin-when-cross-origin\" allowfullscreen><\/iframe>\n<\/div><\/figure>\n\n\n\n<figure class=\"wp-block-embed is-type-video is-provider-youtube wp-block-embed-youtube wp-embed-aspect-16-9 wp-has-aspect-ratio\"><div class=\"wp-block-embed__wrapper\">\n<iframe title=\"ANTILOP\" width=\"640\" height=\"360\" src=\"https:\/\/www.youtube.com\/embed\/hqTd25meDEc?feature=oembed\" frameborder=\"0\" allow=\"accelerometer; autoplay; clipboard-write; encrypted-media; gyroscope; picture-in-picture; web-share\" referrerpolicy=\"strict-origin-when-cross-origin\" allowfullscreen><\/iframe>\n<\/div><\/figure>\n\n\n\n<ul>\n<li>Program <a href=\"https:\/\/www.dove.com\/us\/en\/dove-self-esteem-project\/dove-x-nike-our-body-confident-sport-program.html\">Dove i Nike Our Body Confident Sport<\/a>.<\/li>\n<\/ul>\n\n\n\n<ul>\n<li>Kampania Airbnb <em>Live there<\/em>.<\/li>\n<\/ul>\n\n\n\n<p>Konkretne powody, dla kt\u00f3rych te kampanie do mnie przem\u00f3wi\u0142y:<\/p>\n\n\n\n<ul>\n<li><strong>Wykorzystanie kombinacji emocji:<\/strong> sprawili, \u017ce ka\u017cdy atut kampanii by\u0142 bardzo relacyjny, dzi\u0119ki czemu docelowi odbiorcy mogli dos\u0142ownie si\u0119 w nich zobaczy\u0107 i natychmiast nawi\u0105za\u0107 kontakt z zakotwiczonymi emocjami przekazywanymi za po\u015brednictwem reklam \/ kampanii! W\u0142a\u015bnie do tego powinny d\u0105\u017cy\u0107 marki. Gdy uda si\u0119 stworzy\u0107 po\u0142\u0105czenie poprzez emocje i teori\u0119 wzgl\u0119dno\u015bci, w ponad 50% uda si\u0119 zyska\u0107 przyczepno\u015b\u0107 do inspiruj\u0105cych dzia\u0142a\u0144.<\/li>\n\n\n\n<li><strong>Kreatywno\u015b\u0107:<\/strong> niezale\u017cnie od zwi\u0119z\u0142o\u015bci materia\u0142\u00f3w kampanii wykorzystywanych przez te marki, uda\u0142o im si\u0119 osi\u0105gn\u0105\u0107 zamierzone efekty.<\/li>\n\n\n\n<li><strong>Podj\u0119cie ryzyka:<\/strong> ryzykuj\u0105c mo\u017cliwo\u015b\u0107 niezrozumienia przez odbiorc\u00f3w za\u0142o\u017ce\u0144 komunikacji, marki odwa\u017cy\u0142y si\u0119 jednak rozpocz\u0105\u0107 kampanie zgodnie ze swoimi ideami, co zaowocowa\u0142o efektem \u201eawww\u201d. ;)<\/li>\n<\/ul>\n\n\n<p id=\"text-block_54539995e239169d1abb2eac1ca3306e\" class=\"text-frame\">\n    W 2024 roku odwa\u017cmy si\u0119 tworzy\u0107 wspania\u0142e marketingowe koktajle sk\u0142adaj\u0105ce si\u0119 z emocji, kreatywno\u015bci i ryzyka!<\/p>\n\n\n<p><\/p>\n","protected":false},"excerpt":{"rendered":"<p>Jakie kampanie reklamowe lub spo\u0142eczne z 2023 roku sprawi\u0142y, \u017ce serca prelegent\u00f3w i prelegentek konferencji I Love Marketing &amp; Technology zabi\u0142y szybciej? Sprawd\u017a opinie 19 ekspert\u00f3w i poznaj subiektywne zestawienie najciekawszych kampanii 2023! Kt\u00f3ra z reklam lub kampanii spo\u0142ecznych z 2023 r. wywar\u0142a na Tobie najwi\u0119ksze wra\u017cenie? Anna Ledwo\u0144-Blacha Co-founder &amp; Creative Director w agencji [&hellip;]<\/p>\n","protected":false},"author":1,"featured_media":0,"comment_status":"open","ping_status":"closed","sticky":false,"template":"","format":"standard","meta":{"_acf_changed":false,"footnotes":""},"categories":[1161,1162],"tags":[],"coauthors":[1349],"acf":[],"yoast_head":"<!-- This site is optimized with the Yoast SEO Premium plugin v24.1 (Yoast SEO v24.4) - https:\/\/yoast.com\/wordpress\/plugins\/seo\/ -->\n<title>Najciekawsze kampanie 2023 roku wed\u0142ug prelegent\u00f3w #ilovemkt<\/title>\n<meta name=\"description\" content=\"Kt\u00f3re kampanie 2023 roku - te reklamowe, jak i spo\u0142eczne - skrad\u0142y serca ekspertek i ekspert\u00f3w? Sprawd\u017a opinie 19 prelegent\u00f3w ilovemkt\" \/>\n<meta name=\"robots\" content=\"index, follow, max-snippet:-1, max-image-preview:large, max-video-preview:-1\" \/>\n<link rel=\"canonical\" href=\"https:\/\/sprawnymarketing.pl\/blog\/najciekawsze-kampanie-2023-roku-wedlug-prelegentow-ilovemkt\/\" \/>\n<meta property=\"og:locale\" content=\"pl_PL\" \/>\n<meta property=\"og:type\" content=\"article\" \/>\n<meta property=\"og:title\" content=\"Najciekawsze kampanie reklamowe i spo\u0142eczne z 2023 r. wed\u0142ug prelegent\u00f3w #ilovemkt\" \/>\n<meta property=\"og:description\" content=\"Kt\u00f3re kampanie 2023 roku - te reklamowe, jak i spo\u0142eczne - skrad\u0142y serca ekspertek i ekspert\u00f3w? Sprawd\u017a opinie 19 prelegent\u00f3w ilovemkt\" \/>\n<meta property=\"og:url\" content=\"https:\/\/sprawnymarketing.pl\/blog\/najciekawsze-kampanie-2023-roku-wedlug-prelegentow-ilovemkt\/\" \/>\n<meta property=\"og:site_name\" content=\"sprawny.marketing \u2022 Szkolenia \u2022 Konferencje \u2022 Magazyn\" \/>\n<meta property=\"article:publisher\" content=\"https:\/\/www.facebook.com\/SprawnyMarketing\/\" \/>\n<meta property=\"article:published_time\" content=\"2024-01-17T09:32:55+00:00\" \/>\n<meta property=\"article:modified_time\" content=\"2024-01-17T09:32:56+00:00\" \/>\n<meta property=\"og:image\" content=\"https:\/\/sprawnymarketing.pl\/wp-content\/uploads\/2019\/01\/Anna-Ledwon-Blacha-530x530.png\" \/>\n<meta name=\"author\" content=\"Redakcja\" \/>\n<meta name=\"twitter:card\" content=\"summary_large_image\" \/>\n<meta name=\"twitter:label1\" content=\"Napisane przez\" \/>\n\t<meta name=\"twitter:data1\" content=\"Redakcja\" \/>\n\t<meta name=\"twitter:label2\" content=\"Szacowany czas czytania\" \/>\n\t<meta name=\"twitter:data2\" content=\"18 minut\" \/>\n\t<meta name=\"twitter:label3\" content=\"Written by\" \/>\n\t<meta name=\"twitter:data3\" content=\"Redakcja\" \/>\n<!-- \/ Yoast SEO Premium plugin. -->","yoast_head_json":{"title":"Najciekawsze kampanie 2023 roku wed\u0142ug prelegent\u00f3w #ilovemkt","description":"Kt\u00f3re kampanie 2023 roku - te reklamowe, jak i spo\u0142eczne - skrad\u0142y serca ekspertek i ekspert\u00f3w? Sprawd\u017a opinie 19 prelegent\u00f3w ilovemkt","robots":{"index":"index","follow":"follow","max-snippet":"max-snippet:-1","max-image-preview":"max-image-preview:large","max-video-preview":"max-video-preview:-1"},"canonical":"https:\/\/sprawnymarketing.pl\/blog\/najciekawsze-kampanie-2023-roku-wedlug-prelegentow-ilovemkt\/","og_locale":"pl_PL","og_type":"article","og_title":"Najciekawsze kampanie reklamowe i spo\u0142eczne z 2023 r. wed\u0142ug prelegent\u00f3w #ilovemkt","og_description":"Kt\u00f3re kampanie 2023 roku - te reklamowe, jak i spo\u0142eczne - skrad\u0142y serca ekspertek i ekspert\u00f3w? Sprawd\u017a opinie 19 prelegent\u00f3w ilovemkt","og_url":"https:\/\/sprawnymarketing.pl\/blog\/najciekawsze-kampanie-2023-roku-wedlug-prelegentow-ilovemkt\/","og_site_name":"sprawny.marketing \u2022 Szkolenia \u2022 Konferencje \u2022 Magazyn","article_publisher":"https:\/\/www.facebook.com\/SprawnyMarketing\/","article_published_time":"2024-01-17T09:32:55+00:00","article_modified_time":"2024-01-17T09:32:56+00:00","og_image":[{"url":"https:\/\/sprawnymarketing.pl\/wp-content\/uploads\/2019\/01\/Anna-Ledwon-Blacha-530x530.png","type":"","width":"","height":""}],"author":"Redakcja","twitter_card":"summary_large_image","twitter_misc":{"Napisane przez":"Redakcja","Szacowany czas czytania":"18 minut","Written by":"Redakcja"},"schema":{"@context":"https:\/\/schema.org","@graph":[{"@type":"Article","@id":"https:\/\/sprawnymarketing.pl\/blog\/najciekawsze-kampanie-2023-roku-wedlug-prelegentow-ilovemkt\/#article","isPartOf":{"@id":"https:\/\/sprawnymarketing.pl\/blog\/najciekawsze-kampanie-2023-roku-wedlug-prelegentow-ilovemkt\/"},"author":{"name":"Redakcja","@id":"https:\/\/sprawnymarketing.pl\/#\/schema\/person\/b60bf54254cf4c3a11d2bcea31a1e46f"},"headline":"Najciekawsze kampanie reklamowe i spo\u0142eczne z 2023 r. wed\u0142ug prelegent\u00f3w #ilovemkt","datePublished":"2024-01-17T09:32:55+00:00","dateModified":"2024-01-17T09:32:56+00:00","mainEntityOfPage":{"@id":"https:\/\/sprawnymarketing.pl\/blog\/najciekawsze-kampanie-2023-roku-wedlug-prelegentow-ilovemkt\/"},"wordCount":2652,"commentCount":0,"publisher":{"@id":"https:\/\/sprawnymarketing.pl\/#organization"},"image":{"@id":"https:\/\/sprawnymarketing.pl\/blog\/najciekawsze-kampanie-2023-roku-wedlug-prelegentow-ilovemkt\/#primaryimage"},"thumbnailUrl":"https:\/\/sprawnymarketing.pl\/wp-content\/uploads\/2019\/01\/Anna-Ledwon-Blacha-530x530.png","articleSection":["Wyr\u00f3\u017cnione","Wyr\u00f3\u017cniony"],"inLanguage":"pl-PL","potentialAction":[{"@type":"CommentAction","name":"Comment","target":["https:\/\/sprawnymarketing.pl\/blog\/najciekawsze-kampanie-2023-roku-wedlug-prelegentow-ilovemkt\/#respond"]}]},{"@type":"WebPage","@id":"https:\/\/sprawnymarketing.pl\/blog\/najciekawsze-kampanie-2023-roku-wedlug-prelegentow-ilovemkt\/","url":"https:\/\/sprawnymarketing.pl\/blog\/najciekawsze-kampanie-2023-roku-wedlug-prelegentow-ilovemkt\/","name":"Najciekawsze kampanie 2023 roku wed\u0142ug prelegent\u00f3w #ilovemkt","isPartOf":{"@id":"https:\/\/sprawnymarketing.pl\/#website"},"primaryImageOfPage":{"@id":"https:\/\/sprawnymarketing.pl\/blog\/najciekawsze-kampanie-2023-roku-wedlug-prelegentow-ilovemkt\/#primaryimage"},"image":{"@id":"https:\/\/sprawnymarketing.pl\/blog\/najciekawsze-kampanie-2023-roku-wedlug-prelegentow-ilovemkt\/#primaryimage"},"thumbnailUrl":"https:\/\/sprawnymarketing.pl\/wp-content\/uploads\/2019\/01\/Anna-Ledwon-Blacha-530x530.png","datePublished":"2024-01-17T09:32:55+00:00","dateModified":"2024-01-17T09:32:56+00:00","description":"Kt\u00f3re kampanie 2023 roku - te reklamowe, jak i spo\u0142eczne - skrad\u0142y serca ekspertek i ekspert\u00f3w? Sprawd\u017a opinie 19 prelegent\u00f3w ilovemkt","breadcrumb":{"@id":"https:\/\/sprawnymarketing.pl\/blog\/najciekawsze-kampanie-2023-roku-wedlug-prelegentow-ilovemkt\/#breadcrumb"},"inLanguage":"pl-PL","potentialAction":[{"@type":"ReadAction","target":["https:\/\/sprawnymarketing.pl\/blog\/najciekawsze-kampanie-2023-roku-wedlug-prelegentow-ilovemkt\/"]}]},{"@type":"ImageObject","inLanguage":"pl-PL","@id":"https:\/\/sprawnymarketing.pl\/blog\/najciekawsze-kampanie-2023-roku-wedlug-prelegentow-ilovemkt\/#primaryimage","url":"https:\/\/sprawnymarketing.pl\/wp-content\/uploads\/2019\/01\/Anna-Ledwon-Blacha-530x530.png","contentUrl":"https:\/\/sprawnymarketing.pl\/wp-content\/uploads\/2019\/01\/Anna-Ledwon-Blacha-530x530.png"},{"@type":"BreadcrumbList","@id":"https:\/\/sprawnymarketing.pl\/blog\/najciekawsze-kampanie-2023-roku-wedlug-prelegentow-ilovemkt\/#breadcrumb","itemListElement":[{"@type":"ListItem","position":1,"name":"Strona g\u0142\u00f3wna","item":"https:\/\/sprawnymarketing.pl\/"},{"@type":"ListItem","position":2,"name":"Najciekawsze kampanie reklamowe i spo\u0142eczne z 2023 r. wed\u0142ug prelegent\u00f3w #ilovemkt"}]},{"@type":"WebSite","@id":"https:\/\/sprawnymarketing.pl\/#website","url":"https:\/\/sprawnymarketing.pl\/","name":"sprawny.marketing \u2022 Szkolenia \u2022 Konferencje \u2022 Magazyn","description":"","publisher":{"@id":"https:\/\/sprawnymarketing.pl\/#organization"},"potentialAction":[{"@type":"SearchAction","target":{"@type":"EntryPoint","urlTemplate":"https:\/\/sprawnymarketing.pl\/?s={search_term_string}"},"query-input":{"@type":"PropertyValueSpecification","valueRequired":true,"valueName":"search_term_string"}}],"inLanguage":"pl-PL"},{"@type":"Organization","@id":"https:\/\/sprawnymarketing.pl\/#organization","name":"sprawny.marketing \u2022 Szkolenia \u2022 Konferencje \u2022 Magazyn","url":"https:\/\/sprawnymarketing.pl\/","logo":{"@type":"ImageObject","inLanguage":"pl-PL","@id":"https:\/\/sprawnymarketing.pl\/#\/schema\/logo\/image\/","url":"https:\/\/sprawnymarketing.pl\/wp-content\/uploads\/2020\/07\/logo-3.png","contentUrl":"https:\/\/sprawnymarketing.pl\/wp-content\/uploads\/2020\/07\/logo-3.png","width":512,"height":106,"caption":"sprawny.marketing \u2022 Szkolenia \u2022 Konferencje \u2022 Magazyn"},"image":{"@id":"https:\/\/sprawnymarketing.pl\/#\/schema\/logo\/image\/"},"sameAs":["https:\/\/www.facebook.com\/SprawnyMarketing\/"]},{"@type":"Person","@id":"https:\/\/sprawnymarketing.pl\/#\/schema\/person\/b60bf54254cf4c3a11d2bcea31a1e46f","name":"Redakcja","image":{"@type":"ImageObject","inLanguage":"pl-PL","@id":"https:\/\/sprawnymarketing.pl\/#\/schema\/person\/image\/d1dd11b311c6adf089c09ce949269555","url":"https:\/\/sprawnymarketing.pl\/wp-content\/uploads\/2020\/07\/Redakcja-1-150x150.png","contentUrl":"https:\/\/sprawnymarketing.pl\/wp-content\/uploads\/2020\/07\/Redakcja-1-150x150.png","caption":"Redakcja"},"description":"Wpis autorstwa redakcji serwisu SprawnyMarketing.pl Nasz serwis dzia\u0142a od 2005 roku, publikuj\u0105c artyku\u0142y na temat pozycjonowania, marketingu internetowego, analityki internetowej, reklamy online oraz powi\u0105zanych dziedzin. Sprawny Marketing to tak\u017ce szkolenia marketingowe, kt\u00f3re pomog\u0105 wznie\u015b\u0107 promocj\u0119 Twojej firmy na wy\u017cszy poziom. Sprawny Marketing jest g\u0142\u00f3wnym organizatorem konferencji I Love Marketing, kt\u00f3rej najbli\u017cszy termin przypada na 15-19 maja 2023 roku","url":"https:\/\/sprawnymarketing.pl\/blog\/autor\/admin\/"}]}},"_links":{"self":[{"href":"https:\/\/sprawnymarketing.pl\/smblog-api\/wp\/v2\/posts\/47737"}],"collection":[{"href":"https:\/\/sprawnymarketing.pl\/smblog-api\/wp\/v2\/posts"}],"about":[{"href":"https:\/\/sprawnymarketing.pl\/smblog-api\/wp\/v2\/types\/post"}],"author":[{"embeddable":true,"href":"https:\/\/sprawnymarketing.pl\/smblog-api\/wp\/v2\/users\/1"}],"replies":[{"embeddable":true,"href":"https:\/\/sprawnymarketing.pl\/smblog-api\/wp\/v2\/comments?post=47737"}],"version-history":[{"count":17,"href":"https:\/\/sprawnymarketing.pl\/smblog-api\/wp\/v2\/posts\/47737\/revisions"}],"predecessor-version":[{"id":47830,"href":"https:\/\/sprawnymarketing.pl\/smblog-api\/wp\/v2\/posts\/47737\/revisions\/47830"}],"wp:attachment":[{"href":"https:\/\/sprawnymarketing.pl\/smblog-api\/wp\/v2\/media?parent=47737"}],"wp:term":[{"taxonomy":"category","embeddable":true,"href":"https:\/\/sprawnymarketing.pl\/smblog-api\/wp\/v2\/categories?post=47737"},{"taxonomy":"post_tag","embeddable":true,"href":"https:\/\/sprawnymarketing.pl\/smblog-api\/wp\/v2\/tags?post=47737"},{"taxonomy":"author","embeddable":true,"href":"https:\/\/sprawnymarketing.pl\/smblog-api\/wp\/v2\/coauthors?post=47737"}],"curies":[{"name":"wp","href":"https:\/\/api.w.org\/{rel}","templated":true}]}}