{"id":46713,"date":"2023-07-21T14:36:56","date_gmt":"2023-07-21T12:36:56","guid":{"rendered":"https:\/\/sprawnymarketing.pl\/?p=46713"},"modified":"2023-07-21T14:36:57","modified_gmt":"2023-07-21T12:36:57","slug":"grupy-na-linkedin","status":"publish","type":"post","link":"https:\/\/sprawnymarketing.pl\/blog\/grupy-na-linkedin\/","title":{"rendered":"Grupy na LinkedIn \u2013 dowiedz si\u0119, jak wyprzedzi\u0107 swoj\u0105 konkurencj\u0119!"},"content":{"rendered":"\n<p>Masz grup\u0119 na LinkedIn? Je\u015bli tak, to czy jest odpowiednio zoptymalizowana i prawid\u0142owo prowadzona? No w\u0142a\u015bnie\u2026 i tu pojawia si\u0119 tak wiele pyta\u0144, a tak ma\u0142o odpowiedzi\u2026 Na ten moment! Bo cho\u0107 grupy na Linkedin istniej\u0105 od dawna, to wci\u0105\u017c nie maj\u0105 tylu funkcji, ile oferuj\u0105 na przyk\u0142ad <a href=\"https:\/\/sprawnymarketing.pl\/blog\/grupy-na-facebooku-wszystko-co-powinienes-o-nich-wiedziec\/\" target=\"_blank\" rel=\"noreferrer noopener\">grupy na Facebooku<\/a>, ale\u2026<\/p>\n\n\n\n<p>Warto pami\u0119ta\u0107, \u017ce grupy na tej platformie s\u0105 miejscem, gdzie przede wszystkim specjali\u015bci z danej bran\u017cy lub o podobnych zainteresowaniach mog\u0105 si\u0119 spotka\u0107, udost\u0119pnia\u0107 tre\u015bci, zadawa\u0107 pytania i nawi\u0105zywa\u0107 kontakty biznesowe. I to jest clou grup na Linkedin!<\/p>\n\n\n\n<h2 class=\"wp-block-heading\" id=\"h-wszystko-co-dobre-kiedys-sie-konczy\">Wszystko, co dobre, kiedy\u015b si\u0119 ko\u0144czy<\/h2>\n\n\n\n<p>Tak jak zasi\u0119gi organiczne tre\u015bci, kt\u00f3re pojawiaj\u0105 si\u0119 na profilach stron. Nie wrzucajmy jednak wszystkich do jednego worka! Prawid\u0142owa strategia dzia\u0142ania i odpowiednio dobrane tre\u015bci zawsze anga\u017cuj\u0105 odbiorc\u00f3w, a co za tym idzie \u2013 zasi\u0119gi skacz\u0105 w g\u00f3r\u0119. Na szcz\u0119\u015bcie na LinkedInie sytuacja wygl\u0105da nieco inaczej \u2013 na razie. Dlatego warto wykorzysta\u0107 ten potencja\u0142, p\u00f3ki mamy tak\u0105 mo\u017cliwo\u015b\u0107.<\/p>\n\n\n\n<p>Czy LinkedIn i Facebook w takim razie s\u0142u\u017c\u0105 do prowadzenia tych samych dzia\u0142a\u0144? Wbrew pozorom fundamentalna r\u00f3\u017cnica mi\u0119dzy tymi dwiema platformami nie jest dla wszystkich do ko\u0144ca oczywista. St\u0105d w\u0142a\u015bnie bierze si\u0119 wiele b\u0142\u0119d\u00f3w podczas u\u017cytkowania ka\u017cdej z nich. Nawet w ramach samego Facebooka nie zawsze potrafimy dobrze rozr\u00f3\u017cni\u0107, co nale\u017cy wrzuca\u0107 na profil osobisty, a co na fanpage. Kiedy za\u015b do arsena\u0142u naszych narz\u0119dzi dok\u0142adamy konto na LinkedIn, sytuacja jeszcze dodatkowo si\u0119 komplikuje\u2026<\/p>\n\n\n\n<p>Warto jednak mie\u0107 \u015bwiadomo\u015b\u0107, \u017ce medium spo\u0142eczno\u015bciowe Microsoftu do\u0142\u0105czy\u0142o do grona \u201esytych\u201d, rozwijaj\u0105cych si\u0119 powoli portali. Platforma nieustannie si\u0119 rozwija i w swojej biznesowej specjalizacji zdaje si\u0119, \u017ce nie ma godnego siebie rywala.<\/p>\n\n\n\n<p>O uzupe\u0142nianiu profilu osobistego czy prowadzeniu company page napisano ju\u017c wiele dobrych artyku\u0142\u00f3w. Ja natomiast przyjrz\u0119 si\u0119 grupom na LinkedIn.<\/p>\n\n\n\n<h2 class=\"wp-block-heading\">The Next Big Thing<\/h2>\n\n\n\n<p>LinkedIn umo\u017cliwia u\u017cytkownikom tworzenie grup. Dzi\u0119ki temu mo\u017cna zgromadzi\u0107 u\u017cytkownik\u00f3w zainteresowanych poszczeg\u00f3lnym tematem lub bran\u017c\u0105 w jednym miejscu. Dlaczego warto zainteresowa\u0107 si\u0119 t\u0105 funkcjonalno\u015bci\u0105?<\/p>\n\n\n\n<p>Na grupach pojawia si\u0119 coraz wi\u0119cej opcji, a zasi\u0119gi LinkedIna pokazuj\u0105, \u017ce warto zacz\u0105\u0107 udziela\u0107 si\u0119 na tej platformie, a co za tym idzie \u2013 zaj\u0105\u0107 si\u0119 tworzeniem spo\u0142eczno\u015bci lub zaanga\u017cowa\u0107 w istniej\u0105ce.<\/p>\n\n\n\n<p><strong>Dla firm posiadanie aktywnej grupy na LinkedIn stanowi szans\u0119 na nawi\u0105zanie kontaktu z klientami<\/strong>. Poprzez tworzenie grupy na LinkedIn, firma tworzy platform\u0119, na kt\u00f3rej klienci i odbiorcy mog\u0105 komunikowa\u0107 si\u0119 ze sob\u0105. Daje to mo\u017cliwo\u015b\u0107 dotarcia do okre\u015blonej grupy profesjonalist\u00f3w z danej bran\u017cy i nawi\u0105zania autentycznych relacji.<\/p>\n\n\n<p id=\"text-block_aaa71445f59a679aee73d359cbcb7404\" class=\"text-frame\">\n    Je\u015bli jest ma\u0142o grup, kt\u00f3re s\u0105 zwi\u0105zane z tematem Twojej niszy, to warto zaj\u0105\u0107 si\u0119 ich budow\u0105 ju\u017c teraz, \u017ceby by\u0107 najwi\u0119kszym graczem, gdy inni dopiero do\u0142\u0105cz\u0105.<\/p>\n\n\n<p>Dodam, \u017ce posty opublikowane w grupie przez osoby, kt\u00f3re dodali\u015bmy do kontakt\u00f3w, wida\u0107 tak\u017ce w feedzie. Jest to wi\u0119c dodatkowe \u017ar\u00f3d\u0142o zasi\u0119g\u00f3w (i argument za budowaniem sieci kontakt\u00f3w).<\/p>\n\n\n\n<figure class=\"wp-block-image size-full\"><img decoding=\"async\" width=\"560\" height=\"901\" src=\"https:\/\/sprawnymarketing.pl\/wp-content\/uploads\/2023\/07\/rysunek-do-dodania.png\" alt=\"\" class=\"wp-image-46714\" srcset=\"https:\/\/sprawnymarketing.pl\/wp-content\/uploads\/2023\/07\/rysunek-do-dodania.png 560w, https:\/\/sprawnymarketing.pl\/wp-content\/uploads\/2023\/07\/rysunek-do-dodania-300x483.png 300w, https:\/\/sprawnymarketing.pl\/wp-content\/uploads\/2023\/07\/rysunek-do-dodania-530x853.png 530w\" sizes=\"(max-width: 560px) 100vw, 560px\" \/><\/figure>\n\n\n\n<p>Ponadto grupy na LinkedInie umo\u017cliwiaj\u0105 dost\u0119p do kilku dodatkowych opcji, normalnie niedost\u0119pnych na portalu. Ale o tym opowiem na ko\u0144cu. Zacznijmy od podstaw.<\/p>\n\n\n\n<h2 class=\"wp-block-heading\">Jak stworzy\u0107 grup\u0119 na LinkedIn?<\/h2>\n\n\n\n<p>Przejd\u017amy wi\u0119c do konkret\u00f3w. Grup\u0119 mo\u017cemy stworzy\u0107 zar\u00f3wno z poziomu desktopu, jak i aplikacji mobilnej. Wystarczy wej\u015b\u0107 w zak\u0142adk\u0119 \u201eGrupy\u201d, kt\u00f3r\u0105 znajdziemy w rozwijanym Menu po lewej stronie lub w aplikacji mobilnej \u2013 w menu po lewej stronie&nbsp; Grupy -&gt;&nbsp; Utw\u00f3rz grup\u0119.<\/p>\n\n\n\n<figure class=\"wp-block-image size-full\"><img decoding=\"async\" width=\"625\" height=\"1357\" src=\"https:\/\/sprawnymarketing.pl\/wp-content\/uploads\/2023\/07\/rys.2.png\" alt=\"\" class=\"wp-image-46716\" srcset=\"https:\/\/sprawnymarketing.pl\/wp-content\/uploads\/2023\/07\/rys.2.png 625w, https:\/\/sprawnymarketing.pl\/wp-content\/uploads\/2023\/07\/rys.2-300x651.png 300w, https:\/\/sprawnymarketing.pl\/wp-content\/uploads\/2023\/07\/rys.2-530x1151.png 530w\" sizes=\"(max-width: 625px) 100vw, 625px\" \/><figcaption class=\"wp-element-caption\"><em>Widok tworzenia grupy na LinkedInie na mobile<\/em><\/figcaption><\/figure>\n\n\n\n<figure class=\"wp-block-image size-full\"><img decoding=\"async\" width=\"657\" height=\"700\" src=\"https:\/\/sprawnymarketing.pl\/wp-content\/uploads\/2023\/07\/rys.1.png\" alt=\"\" class=\"wp-image-46715\" srcset=\"https:\/\/sprawnymarketing.pl\/wp-content\/uploads\/2023\/07\/rys.1.png 657w, https:\/\/sprawnymarketing.pl\/wp-content\/uploads\/2023\/07\/rys.1-300x320.png 300w, https:\/\/sprawnymarketing.pl\/wp-content\/uploads\/2023\/07\/rys.1-530x565.png 530w\" sizes=\"(max-width: 657px) 100vw, 657px\" \/><figcaption class=\"wp-element-caption\"><em>Widok tworzenia grupy na LinkedInie na desktopie<\/em><\/figcaption><\/figure>\n\n\n\n<p>Kiedy ju\u017c znajdziesz si\u0119 w odpowiedniej sekcji, wybierz \u201eUtw\u00f3rz grup\u0119\u201d i przejd\u017a do w\u0142a\u015bciwej cz\u0119\u015bci konfigurowania Twojej grupy. W tym miejscu proces wygl\u0105da dos\u0142ownie identycznie, dlatego om\u00f3wi\u0119 go na zrzutach ekranu z desktopu.<\/p>\n\n\n\n<figure class=\"wp-block-image size-full\"><img decoding=\"async\" width=\"698\" height=\"597\" src=\"https:\/\/sprawnymarketing.pl\/wp-content\/uploads\/2023\/07\/rys.3.png\" alt=\"\" class=\"wp-image-46717\" srcset=\"https:\/\/sprawnymarketing.pl\/wp-content\/uploads\/2023\/07\/rys.3.png 698w, https:\/\/sprawnymarketing.pl\/wp-content\/uploads\/2023\/07\/rys.3-300x257.png 300w, https:\/\/sprawnymarketing.pl\/wp-content\/uploads\/2023\/07\/rys.3-530x453.png 530w\" sizes=\"(max-width: 698px) 100vw, 698px\" \/><\/figure>\n\n\n\n<figure class=\"wp-block-image size-full is-resized\"><img decoding=\"async\" src=\"https:\/\/sprawnymarketing.pl\/wp-content\/uploads\/2023\/07\/rys.4.png\" alt=\"\" class=\"wp-image-46718\" width=\"702\" height=\"600\" srcset=\"https:\/\/sprawnymarketing.pl\/wp-content\/uploads\/2023\/07\/rys.4.png 1234w, https:\/\/sprawnymarketing.pl\/wp-content\/uploads\/2023\/07\/rys.4-300x256.png 300w, https:\/\/sprawnymarketing.pl\/wp-content\/uploads\/2023\/07\/rys.4-530x453.png 530w, https:\/\/sprawnymarketing.pl\/wp-content\/uploads\/2023\/07\/rys.4-768x657.png 768w\" sizes=\"(max-width: 702px) 100vw, 702px\" \/><\/figure>\n\n\n\n<p>Standardowo zaczynasz od to\u017csamo\u015bci grupy, czyli strony wizualnej (logo, zdj\u0119cie t\u0142a) i tekstowej (nazwa, opis). Po uzupe\u0142nieniu tych informacji i wgraniu grafik mo\u017cesz okre\u015bli\u0107 do trzech bran\u017c, wok\u00f3\u0142 kt\u00f3rych obraca\u0107 si\u0119 b\u0119dzie tematyka Twojej grupy (mo\u017ce to by\u0107 np. marketing i reklama, sprzeda\u017c detaliczna oraz handel i wsp\u00f3\u0142praca mi\u0119dzynarodowa). Wybierasz te\u017c lokalizacj\u0119. O ile nie jest to grupa lokalna, proponuj\u0119 wpisa\u0107 Polsk\u0119.<\/p>\n\n\n<div id=\"text-block_0b4e0182b84cd34c1a7d4bb4cbe152d5\" class=\"frame-border\" >\n        <p>Czas na zasady. Tutaj mo\u017cesz wklei\u0107 regulamin grupy. Do dyspozycji jest a\u017c 4000 znak\u00f3w. Warto wi\u0119c mo\u017cliwie szczeg\u00f3\u0142owo opisa\u0107, co mo\u017cna, a czego nie mo\u017cna robi\u0107. Przyk\u0142adowo mo\u017cesz doda\u0107 zakaz wrzucania og\u0142osze\u0144 o prac\u0119, SPAMu, tre\u015bci niezwi\u0105zanych z tematyk\u0105 grupy itd.<\/p>\n<\/div>\n\n\n<p>Nast\u0119pnie okre\u015blasz, czy grupa ma by\u0107 <strong>jawna, czy te\u017c niejawna<\/strong>. W przypadku pierwszej ka\u017cdy u\u017cytkownik mo\u017ce j\u0105 wyszuka\u0107 oraz zobaczy\u0107, kto z jego kontakt\u00f3w do niej nale\u017cy. Nie mo\u017ce natomiast wy\u015bwietli\u0107 post\u00f3w zamieszczonych na grupie. Z kolei w przypadku grupy niejawnej nie mo\u017ce jej nawet wyszuka\u0107.<\/p>\n\n\n\n<p>Na LinkedInie nie da si\u0119 utworzy\u0107 grupy, do kt\u00f3rej u\u017cytkownicy b\u0119d\u0105 mogli samodzielnie do\u0142\u0105cza\u0107. <strong>Zawsze wymagany jest proces akceptacji przez administratora\/moderatora.<\/strong><\/p>\n\n\n\n<p>Mo\u017cemy natomiast wybra\u0107, czy cz\u0142onkowie mog\u0105 zaprasza\u0107 osoby ze swojej sieci kontakt\u00f3w, czy te\u017c nie. Na ko\u0144cu pozostaje Ci zadecydowa\u0107, czy chcesz akceptowa\u0107 tak\u017ce tre\u015bci, czy dodane osoby mog\u0105 postowa\u0107, co chc\u0105.<\/p>\n\n\n<div id=\"text-block_b78c3395124ae94e0ad461be3f73093c\" class=\"frame-border frame-border--advice\" >\n            <p class=\"title-tertiary frame-border__light d-block\">PORADA<\/p>\n        <p>Pami\u0119taj o mo\u017cliwo\u015bci przypisania innym cz\u0142onkom r\u00f3l. Jako tw\u00f3rca grupy b\u0119dziesz W\u0142a\u015bcicielem, ale mo\u017cesz mianowa\u0107 tak\u017ce Administrator\u00f3w (dost\u0119p do edycji ustawie\u0144 i moderacji grupy) oraz Moderator\u00f3w (dost\u0119p do moderacji grupy). B\u0119dzie to szczeg\u00f3lnie pomocne w rozwijaniu i prowadzeniu du\u017cych grup.<\/p>\n<\/div>\n\n\n<h1 class=\"wp-block-heading\">Co zyskujesz?<\/h1>\n\n\n\n<p>Poza zebraniem grupy docelowej zyskujesz dost\u0119p do interesuj\u0105cych opcji. Przede wszystkim mo\u017cesz wys\u0142a\u0107 wiadomo\u015b\u0107 prywatn\u0105 do cz\u0142onk\u00f3w grupy, nawet je\u015bli nie masz ich w\u015br\u00f3d kontakt\u00f3w. Te r\u00f3wnie\u017c mo\u017cesz \u0142atwo nawi\u0105zywa\u0107, poniewa\u017c grupa tematyczna podaje na tacy osoby, kt\u00f3rymi mo\u017cesz zasili\u0107 sie\u0107 i po\u0142\u0105czy\u0107 si\u0119 z nimi na LinkedIn.<\/p>\n\n\n\n<p>Ciekaw\u0105 opcj\u0105 jest te\u017c <strong>mo\u017cliwo\u015b\u0107 zarekomendowania cz\u0142onkom grupy wybranego postu<\/strong>. Mo\u017cesz tego dokona\u0107, klikaj\u0105c trzy kropki przy interesuj\u0105cej Ci\u0119 tre\u015bci, a nast\u0119pnie skorzysta\u0107 z opcji z ikonk\u0105 dzwonka. W\u00f3wczas wszyscy cz\u0142onkowie grupy dostan\u0105 powiadomienie z bezpo\u015bredni\u0105 mo\u017cliwo\u015bci\u0105 przej\u015bcia do polecanego posta. Tej funkcji mo\u017cna u\u017cy\u0107 raz na siedem dni dla wybranej grupy.<\/p>\n\n\n\n<figure class=\"wp-block-image size-full\"><img decoding=\"async\" width=\"931\" height=\"730\" src=\"https:\/\/sprawnymarketing.pl\/wp-content\/uploads\/2023\/07\/rys.5.png\" alt=\"\" class=\"wp-image-46719\" srcset=\"https:\/\/sprawnymarketing.pl\/wp-content\/uploads\/2023\/07\/rys.5.png 931w, https:\/\/sprawnymarketing.pl\/wp-content\/uploads\/2023\/07\/rys.5-300x235.png 300w, https:\/\/sprawnymarketing.pl\/wp-content\/uploads\/2023\/07\/rys.5-530x416.png 530w, https:\/\/sprawnymarketing.pl\/wp-content\/uploads\/2023\/07\/rys.5-768x602.png 768w\" sizes=\"(max-width: 931px) 100vw, 931px\" \/><\/figure>\n\n\n\n<h2 class=\"wp-block-heading\">Jak promowa\u0107 grup\u0119?<\/h2>\n\n\n\n<p>Skoro masz ju\u017c grup\u0119, czas zadba\u0107 o to, by do\u0142\u0105czali do niej ludzie. Promocja grup na LinkedIn jest ograniczona, ale nie niemo\u017cliwa. Przede wszystkim warto grup\u0119 udost\u0119pnia\u0107. Po prostu. Regularnie. Brzmi banalnie, a daje \u015bwietne efekty.<\/p>\n\n\n\n<p>Z moich obserwacji wynika, \u017ce przy stale rozwijaj\u0105cym si\u0119 profilu algorytm jest w stanie skierowa\u0107 post do nowych u\u017cytkownik\u00f3w, nawet je\u015bli co tydzie\u0144 b\u0119dziesz udost\u0119pnia\u0107 praktycznie identyczn\u0105 tre\u015b\u0107. Mo\u017cesz zastosowa\u0107 zar\u00f3wno post z standardowym udost\u0119pnieniem, jak i grafik\u0119 + link w opisie (przykuwa wi\u0119ksz\u0105 uwag\u0119).<\/p>\n\n\n\n<figure class=\"wp-block-image size-full\"><img decoding=\"async\" width=\"1042\" height=\"955\" src=\"https:\/\/sprawnymarketing.pl\/wp-content\/uploads\/2023\/07\/rys.7.png\" alt=\"\" class=\"wp-image-46721\" srcset=\"https:\/\/sprawnymarketing.pl\/wp-content\/uploads\/2023\/07\/rys.7.png 1042w, https:\/\/sprawnymarketing.pl\/wp-content\/uploads\/2023\/07\/rys.7-300x275.png 300w, https:\/\/sprawnymarketing.pl\/wp-content\/uploads\/2023\/07\/rys.7-530x486.png 530w, https:\/\/sprawnymarketing.pl\/wp-content\/uploads\/2023\/07\/rys.7-768x704.png 768w\" sizes=\"(max-width: 1042px) 100vw, 1042px\" \/><\/figure>\n\n\n\n<p>Kiedy zgromadzisz ju\u017c pocz\u0105tkow\u0105 grup\u0119 odbiorc\u00f3w, warto poprosi\u0107 ich o zaproszenie swoich kontakt\u00f3w do grupy (pod warunkiem, \u017ce ta opcja w ustawieniach grupy zosta\u0142a umo\u017cliwiona). Warto pami\u0119ta\u0107 tak\u017ce o zewn\u0119trznych mo\u017cliwo\u015bciach promocji, np. w postaci mailingu. Mo\u017cesz cho\u0107by wspomnie\u0107 o grupie na ko\u0144cu ka\u017cdej wiadomo\u015bci do swojej bazy.<\/p>\n\n\n\n<h2 class=\"wp-block-heading\">S\u0142owo na koniec<\/h2>\n\n\n\n<p>Grupy na LinkedIn to temat, nad kt\u00f3rym warto si\u0119 pochyli\u0107. Niby wszyscy wiedz\u0105, \u017ce istniej\u0105, ale jednak stosunkowo ma\u0142o os\u00f3b z nich rzeczywi\u015bcie z nich korzysta \u2013 w przeciwie\u0144stwie do Facebooka, na kt\u00f3rym niekt\u00f3re grupy s\u0105 ogromne. Moim zdaniem warto, poniewa\u017c LinkedIn to platforma, na kt\u00f3rej znajduj\u0105 si\u0119 specjali\u015bci, a w zwi\u0105zku z tym ka\u017cdy znajdzie co\u015b w swoim obszarze. Warto wi\u0119c zaj\u0105\u0107 dogodn\u0105 pozycj\u0119 przed konkurentami. Wa\u017cna jednak jest systematyczno\u015b\u0107, w kt\u00f3rej sk\u0142ad wchodzi promocja grupy, aktywno\u015b\u0107 na niej, moderacja czy zach\u0119canie do do\u0142\u0105czenia. Ale uwierz, \u017ce warto! Kiedy zatem ruszy Twoja grupa?<\/p>\n\n\n\n<p>PS A je\u015bli chodzi o sprawny.marketing, to r\u00f3wnie\u017c ma w\u0142asne grupy na LinkedInie! <a href=\"https:\/\/www.linkedin.com\/groups\/6942578\/\" target=\"_blank\" rel=\"noreferrer noopener\">Specjali\u015bci marketingu w Polsce<\/a> to jedna z najwi\u0119kszych grup marketingowych w Polsce, w kt\u00f3rej to marketerzy mog\u0105 wymienia\u0107 si\u0119 spostrze\u017ceniami, ofertami czy w\u0105tpliwo\u015bciami dotycz\u0105cymi danego zagadnienia. \u2764\ufe0f<\/p>\n","protected":false},"excerpt":{"rendered":"<p>Masz grup\u0119 na LinkedIn? Je\u015bli tak, to czy jest odpowiednio zoptymalizowana i prawid\u0142owo prowadzona? No w\u0142a\u015bnie\u2026 i tu pojawia si\u0119 tak wiele pyta\u0144, a tak ma\u0142o odpowiedzi\u2026 Na ten moment! Bo cho\u0107 grupy na Linkedin istniej\u0105 od dawna, to wci\u0105\u017c nie maj\u0105 tylu funkcji, ile oferuj\u0105 na przyk\u0142ad grupy na Facebooku, ale\u2026 Warto pami\u0119ta\u0107, \u017ce [&hellip;]<\/p>\n","protected":false},"author":226,"featured_media":0,"comment_status":"open","ping_status":"closed","sticky":false,"template":"","format":"standard","meta":{"_acf_changed":false,"footnotes":""},"categories":[1149],"tags":[],"coauthors":[2542],"acf":[],"yoast_head":"<!-- This site is optimized with the Yoast SEO Premium plugin v24.1 (Yoast SEO v24.4) - https:\/\/yoast.com\/wordpress\/plugins\/seo\/ -->\n<title>Grupy na LinkedIn \u2013 sprawd\u017a, jak wyprzedzi\u0107 swoj\u0105 konkurencj\u0119<\/title>\n<meta name=\"description\" content=\"Grupy na LinkedIn mog\u0105 przynie\u015b\u0107 Twojej marce sporo korzy\u015bci! Sprawd\u017a, jak j\u0105 za\u0142o\u017cy\u0107 i promowa\u0107, aby wyprzedzi\u0107 konkurencj\u0119\" \/>\n<meta name=\"robots\" content=\"index, follow, max-snippet:-1, max-image-preview:large, max-video-preview:-1\" \/>\n<link rel=\"canonical\" href=\"https:\/\/sprawnymarketing.pl\/blog\/grupy-na-linkedin\/\" \/>\n<meta property=\"og:locale\" content=\"pl_PL\" \/>\n<meta property=\"og:type\" content=\"article\" \/>\n<meta property=\"og:title\" content=\"Grupy na LinkedIn \u2013 dowiedz si\u0119, jak wyprzedzi\u0107 swoj\u0105 konkurencj\u0119!\" \/>\n<meta property=\"og:description\" content=\"Grupy na LinkedIn mog\u0105 przynie\u015b\u0107 Twojej marce sporo korzy\u015bci! Sprawd\u017a, jak j\u0105 za\u0142o\u017cy\u0107 i promowa\u0107, aby wyprzedzi\u0107 konkurencj\u0119\" \/>\n<meta property=\"og:url\" content=\"https:\/\/sprawnymarketing.pl\/blog\/grupy-na-linkedin\/\" \/>\n<meta property=\"og:site_name\" content=\"sprawny.marketing \u2022 Szkolenia \u2022 Konferencje \u2022 Magazyn\" \/>\n<meta property=\"article:publisher\" content=\"https:\/\/www.facebook.com\/SprawnyMarketing\/\" \/>\n<meta property=\"article:published_time\" content=\"2023-07-21T12:36:56+00:00\" \/>\n<meta property=\"article:modified_time\" content=\"2023-07-21T12:36:57+00:00\" \/>\n<meta property=\"og:image\" content=\"https:\/\/sprawnymarketing.pl\/wp-content\/uploads\/2023\/07\/rysunek-do-dodania.png\" \/>\n<meta name=\"author\" content=\"Hubert Jezierski\" \/>\n<meta name=\"twitter:card\" content=\"summary_large_image\" \/>\n<meta name=\"twitter:label1\" content=\"Napisane przez\" \/>\n\t<meta name=\"twitter:data1\" content=\"Hubert Jezierski\" \/>\n\t<meta name=\"twitter:label2\" content=\"Szacowany czas czytania\" \/>\n\t<meta name=\"twitter:data2\" content=\"8 minut\" \/>\n\t<meta name=\"twitter:label3\" content=\"Written by\" \/>\n\t<meta name=\"twitter:data3\" content=\"Hubert Jezierski\" \/>\n<!-- \/ Yoast SEO Premium plugin. -->","yoast_head_json":{"title":"Grupy na LinkedIn \u2013 sprawd\u017a, jak wyprzedzi\u0107 swoj\u0105 konkurencj\u0119","description":"Grupy na LinkedIn mog\u0105 przynie\u015b\u0107 Twojej marce sporo korzy\u015bci! Sprawd\u017a, jak j\u0105 za\u0142o\u017cy\u0107 i promowa\u0107, aby wyprzedzi\u0107 konkurencj\u0119","robots":{"index":"index","follow":"follow","max-snippet":"max-snippet:-1","max-image-preview":"max-image-preview:large","max-video-preview":"max-video-preview:-1"},"canonical":"https:\/\/sprawnymarketing.pl\/blog\/grupy-na-linkedin\/","og_locale":"pl_PL","og_type":"article","og_title":"Grupy na LinkedIn \u2013 dowiedz si\u0119, jak wyprzedzi\u0107 swoj\u0105 konkurencj\u0119!","og_description":"Grupy na LinkedIn mog\u0105 przynie\u015b\u0107 Twojej marce sporo korzy\u015bci! Sprawd\u017a, jak j\u0105 za\u0142o\u017cy\u0107 i promowa\u0107, aby wyprzedzi\u0107 konkurencj\u0119","og_url":"https:\/\/sprawnymarketing.pl\/blog\/grupy-na-linkedin\/","og_site_name":"sprawny.marketing \u2022 Szkolenia \u2022 Konferencje \u2022 Magazyn","article_publisher":"https:\/\/www.facebook.com\/SprawnyMarketing\/","article_published_time":"2023-07-21T12:36:56+00:00","article_modified_time":"2023-07-21T12:36:57+00:00","og_image":[{"url":"https:\/\/sprawnymarketing.pl\/wp-content\/uploads\/2023\/07\/rysunek-do-dodania.png","type":"","width":"","height":""}],"author":"Hubert Jezierski","twitter_card":"summary_large_image","twitter_misc":{"Napisane przez":"Hubert Jezierski","Szacowany czas czytania":"8 minut","Written by":"Hubert Jezierski"},"schema":{"@context":"https:\/\/schema.org","@graph":[{"@type":"Article","@id":"https:\/\/sprawnymarketing.pl\/blog\/grupy-na-linkedin\/#article","isPartOf":{"@id":"https:\/\/sprawnymarketing.pl\/blog\/grupy-na-linkedin\/"},"author":{"name":"Hubert Jezierski","@id":"https:\/\/sprawnymarketing.pl\/#\/schema\/person\/ff77ecd40ef8c6dc4503b4321cae6263"},"headline":"Grupy na LinkedIn \u2013 dowiedz si\u0119, jak wyprzedzi\u0107 swoj\u0105 konkurencj\u0119!","datePublished":"2023-07-21T12:36:56+00:00","dateModified":"2023-07-21T12:36:57+00:00","mainEntityOfPage":{"@id":"https:\/\/sprawnymarketing.pl\/blog\/grupy-na-linkedin\/"},"wordCount":1294,"commentCount":0,"publisher":{"@id":"https:\/\/sprawnymarketing.pl\/#organization"},"image":{"@id":"https:\/\/sprawnymarketing.pl\/blog\/grupy-na-linkedin\/#primaryimage"},"thumbnailUrl":"https:\/\/sprawnymarketing.pl\/wp-content\/uploads\/2023\/07\/rysunek-do-dodania.png","articleSection":["Social Media"],"inLanguage":"pl-PL","potentialAction":[{"@type":"CommentAction","name":"Comment","target":["https:\/\/sprawnymarketing.pl\/blog\/grupy-na-linkedin\/#respond"]}]},{"@type":"WebPage","@id":"https:\/\/sprawnymarketing.pl\/blog\/grupy-na-linkedin\/","url":"https:\/\/sprawnymarketing.pl\/blog\/grupy-na-linkedin\/","name":"Grupy na LinkedIn \u2013 sprawd\u017a, jak wyprzedzi\u0107 swoj\u0105 konkurencj\u0119","isPartOf":{"@id":"https:\/\/sprawnymarketing.pl\/#website"},"primaryImageOfPage":{"@id":"https:\/\/sprawnymarketing.pl\/blog\/grupy-na-linkedin\/#primaryimage"},"image":{"@id":"https:\/\/sprawnymarketing.pl\/blog\/grupy-na-linkedin\/#primaryimage"},"thumbnailUrl":"https:\/\/sprawnymarketing.pl\/wp-content\/uploads\/2023\/07\/rysunek-do-dodania.png","datePublished":"2023-07-21T12:36:56+00:00","dateModified":"2023-07-21T12:36:57+00:00","description":"Grupy na LinkedIn mog\u0105 przynie\u015b\u0107 Twojej marce sporo korzy\u015bci! Sprawd\u017a, jak j\u0105 za\u0142o\u017cy\u0107 i promowa\u0107, aby wyprzedzi\u0107 konkurencj\u0119","breadcrumb":{"@id":"https:\/\/sprawnymarketing.pl\/blog\/grupy-na-linkedin\/#breadcrumb"},"inLanguage":"pl-PL","potentialAction":[{"@type":"ReadAction","target":["https:\/\/sprawnymarketing.pl\/blog\/grupy-na-linkedin\/"]}]},{"@type":"ImageObject","inLanguage":"pl-PL","@id":"https:\/\/sprawnymarketing.pl\/blog\/grupy-na-linkedin\/#primaryimage","url":"https:\/\/sprawnymarketing.pl\/wp-content\/uploads\/2023\/07\/rysunek-do-dodania.png","contentUrl":"https:\/\/sprawnymarketing.pl\/wp-content\/uploads\/2023\/07\/rysunek-do-dodania.png","width":560,"height":901},{"@type":"BreadcrumbList","@id":"https:\/\/sprawnymarketing.pl\/blog\/grupy-na-linkedin\/#breadcrumb","itemListElement":[{"@type":"ListItem","position":1,"name":"Strona g\u0142\u00f3wna","item":"https:\/\/sprawnymarketing.pl\/"},{"@type":"ListItem","position":2,"name":"Grupy na LinkedIn \u2013 dowiedz si\u0119, jak wyprzedzi\u0107 swoj\u0105 konkurencj\u0119!"}]},{"@type":"WebSite","@id":"https:\/\/sprawnymarketing.pl\/#website","url":"https:\/\/sprawnymarketing.pl\/","name":"sprawny.marketing \u2022 Szkolenia \u2022 Konferencje \u2022 Magazyn","description":"","publisher":{"@id":"https:\/\/sprawnymarketing.pl\/#organization"},"potentialAction":[{"@type":"SearchAction","target":{"@type":"EntryPoint","urlTemplate":"https:\/\/sprawnymarketing.pl\/?s={search_term_string}"},"query-input":{"@type":"PropertyValueSpecification","valueRequired":true,"valueName":"search_term_string"}}],"inLanguage":"pl-PL"},{"@type":"Organization","@id":"https:\/\/sprawnymarketing.pl\/#organization","name":"sprawny.marketing \u2022 Szkolenia \u2022 Konferencje \u2022 Magazyn","url":"https:\/\/sprawnymarketing.pl\/","logo":{"@type":"ImageObject","inLanguage":"pl-PL","@id":"https:\/\/sprawnymarketing.pl\/#\/schema\/logo\/image\/","url":"https:\/\/sprawnymarketing.pl\/wp-content\/uploads\/2020\/07\/logo-3.png","contentUrl":"https:\/\/sprawnymarketing.pl\/wp-content\/uploads\/2020\/07\/logo-3.png","width":512,"height":106,"caption":"sprawny.marketing \u2022 Szkolenia \u2022 Konferencje \u2022 Magazyn"},"image":{"@id":"https:\/\/sprawnymarketing.pl\/#\/schema\/logo\/image\/"},"sameAs":["https:\/\/www.facebook.com\/SprawnyMarketing\/"]},{"@type":"Person","@id":"https:\/\/sprawnymarketing.pl\/#\/schema\/person\/ff77ecd40ef8c6dc4503b4321cae6263","name":"Hubert Jezierski","image":{"@type":"ImageObject","inLanguage":"pl-PL","@id":"https:\/\/sprawnymarketing.pl\/#\/schema\/person\/image\/8bfae528c59c9a622482d1b923f87b16","url":"https:\/\/sprawnymarketing.pl\/wp-content\/uploads\/2020\/04\/jezierski-150x150.png","contentUrl":"https:\/\/sprawnymarketing.pl\/wp-content\/uploads\/2020\/04\/jezierski-150x150.png","caption":"Hubert Jezierski"},"description":"Social media &amp; e-commerce manager w Willisch, w\u0142a\u015bciciel sklepu internetowego Druga R\u0119ka, instruktor ZHP, student handlu i marketingu na Uniwersytecie Ekonomicznym w Poznaniu. Prywatnie amator sport\u00f3w wytrzyma\u0142o\u015bciowych i mi\u0142o\u015bnik dobrej literatury.","url":"https:\/\/sprawnymarketing.pl\/blog\/autor\/hubert\/"}]}},"_links":{"self":[{"href":"https:\/\/sprawnymarketing.pl\/smblog-api\/wp\/v2\/posts\/46713"}],"collection":[{"href":"https:\/\/sprawnymarketing.pl\/smblog-api\/wp\/v2\/posts"}],"about":[{"href":"https:\/\/sprawnymarketing.pl\/smblog-api\/wp\/v2\/types\/post"}],"author":[{"embeddable":true,"href":"https:\/\/sprawnymarketing.pl\/smblog-api\/wp\/v2\/users\/226"}],"replies":[{"embeddable":true,"href":"https:\/\/sprawnymarketing.pl\/smblog-api\/wp\/v2\/comments?post=46713"}],"version-history":[{"count":8,"href":"https:\/\/sprawnymarketing.pl\/smblog-api\/wp\/v2\/posts\/46713\/revisions"}],"predecessor-version":[{"id":46729,"href":"https:\/\/sprawnymarketing.pl\/smblog-api\/wp\/v2\/posts\/46713\/revisions\/46729"}],"wp:attachment":[{"href":"https:\/\/sprawnymarketing.pl\/smblog-api\/wp\/v2\/media?parent=46713"}],"wp:term":[{"taxonomy":"category","embeddable":true,"href":"https:\/\/sprawnymarketing.pl\/smblog-api\/wp\/v2\/categories?post=46713"},{"taxonomy":"post_tag","embeddable":true,"href":"https:\/\/sprawnymarketing.pl\/smblog-api\/wp\/v2\/tags?post=46713"},{"taxonomy":"author","embeddable":true,"href":"https:\/\/sprawnymarketing.pl\/smblog-api\/wp\/v2\/coauthors?post=46713"}],"curies":[{"name":"wp","href":"https:\/\/api.w.org\/{rel}","templated":true}]}}