{"id":44265,"date":"2023-05-10T13:11:49","date_gmt":"2023-05-10T11:11:49","guid":{"rendered":"https:\/\/sprawnymarketing.pl\/?p=44265"},"modified":"2023-05-26T15:03:45","modified_gmt":"2023-05-26T13:03:45","slug":"employee-advocacy-na-linkedin","status":"publish","type":"post","link":"https:\/\/sprawnymarketing.pl\/blog\/employee-advocacy-na-linkedin\/","title":{"rendered":"Employee advocacy na LinkedIn 2023"},"content":{"rendered":"\n<p>Ufamy ludziom, nie markom. To ju\u017c fakt. Dlatego od dawna odchodzi si\u0119 od komunikacji B2B i B2C na rzecz H2H. LinkedIn doskonale o tym wie i niemal co chwil\u0119 wzbogaca swoj\u0105 platform\u0119 o nowe narz\u0119dzia, kt\u00f3re maj\u0105 usprawni\u0107 dzia\u0142ania z zakresu employee advocacy. Nie robi tego jednak bez powodu&#8230;<\/p>\n\n\n\n<p><strong>Ten artyku\u0142 o employee advocacy na LinkedInie pojawi\u0142 si\u0119 w magazynie sprawny.marketing. Sprawd\u017a ofert\u0119 i&nbsp;<a href=\"https:\/\/sprawnymarketing.pl\/szkolenia\/magazyn\/?utm_source=google&amp;utm_medium=blog&amp;utm_campaign=artykul-pakulska\">zam\u00f3w swoj\u0105 prenumerat\u0119<\/a>!<\/strong><\/p>\n\n\n\n<h2 class=\"wp-block-heading\">Employee advocacy \u2013 co to jest?<\/h2>\n\n\n\n<p>Czym jest employee advocacy? Employee advocacy to zach\u0119cenie pracownik\u00f3w do tego, aby zostali swego rodzaju ambasadorami firmy. Aby im to u\u0142atwi\u0107, nale\u017cy tworzy\u0107 taki content, kt\u00f3ry b\u0119d\u0105 chcieli oni udost\u0119pni\u0107 na swoich profilach. Dlaczego to takie wa\u017cne?<\/p>\n\n\n\n<p>Z bada\u0144 serwisu wynika, \u017ce \u015brednio u\u017cytkownicy indywidualni maj\u0105 a\u017c dziesi\u0119\u0107 razy wi\u0119ksze sieci kontakt\u00f3w w por\u00f3wnaniu do liczby obserwuj\u0105cych profile firmowe na LinkedIn.<strong> <\/strong>W dodatku CTR publikacji pracowniczych jest <a href=\"https:\/\/business.linkedin.com\/content\/dam\/me\/business\/en-us\/elevate\/Resources\/pdf\/official-guide-to-employee-advocacy-ebook.pdf\" rel=\"nofollow\">dwa razy wy\u017cszy<\/a> ni\u017c CTR analogicznych tre\u015bci publikowanych na \u0142amach company pages. Widzisz ju\u017c wi\u0119c, \u017ce <strong>potencja\u0142 employee advocacy na LinkedInie jest naprawd\u0119 du\u017cy.<\/strong> Pod warunkiem, \u017ce wiesz, jak zabra\u0107 si\u0119 do prowadzenia dzia\u0142a\u0144 ambasadorskich w tym serwisie&#8230;<\/p>\n\n\n\n<h2 class=\"wp-block-heading\" id=\"h-employee-advocacy-zadbaj-o-fundamenty\">Employee advocacy&nbsp;\u2013 zadbaj o fundamenty<\/h2>\n\n\n\n<p>Budowanie profesjonalnej marki personalnej na LinkedInie nale\u017cy rozpocz\u0105\u0107 od stworzenia profilu i wype\u0142nienia go tre\u015bci\u0105 zgodn\u0105 z celami, kt\u00f3re pragnie si\u0119 osi\u0105gn\u0105\u0107 w tym medium. Pisa\u0142am o tym szczeg\u00f3\u0142owo w artykule <a href=\"https:\/\/sprawnymarketing.pl\/blog\/personal-employer-branding-w-2022-roku\/\">Personal branding &amp; employer branding w 2023 roku<\/a>.<\/p>\n\n\n\n<p><strong>Dzi\u015b skupimy si\u0119 na drugim fundamencie employee advocacy na LinkedIn, jakim jest company page<\/strong>, czyli po prostu strona firmowa, do kt\u00f3rej pracownicy b\u0119d\u0105 mogli podlinkowa\u0107 w swoich profilach w sekcji Do\u015bwiadczenie oraz oznacza\u0107 j\u0105 w swoich publikacjach.<\/p>\n\n\n\n<p><strong>Optymalizacja strony firmowej jest niemal bli\u017aniaczo podobna do procesu znanego ju\u017c z budowania profili personalnych,<\/strong> lecz tutaj do wype\u0142nienia jest zdecydowanie mniej sekcji. Przekonasz si\u0119 o tym ju\u017c za chwil\u0119.<\/p>\n\n\n\n<h2 class=\"wp-block-heading\">Liczy si\u0119 pierwsze wra\u017cenie<\/h2>\n\n\n\n<p>U\u017cytkownicy odwiedzaj\u0105cy Twoj\u0105 stron\u0119 firmow\u0105 w pierwszej kolejno\u015bci zobacz\u0105 dwa elementy graficzne: <strong>zdj\u0119cie profilowe (300 \u00d7 300 px) oraz zdj\u0119cie w tle (1128 \u00d7 191 px). <\/strong>Je\u015bli tutaj uda Ci si\u0119 zdoby\u0107 ich uwag\u0119, zyskasz szans\u0119 na to, \u017ce zapoznaj\u0105 si\u0119 z pozosta\u0142\u0105 zawarto\u015bci\u0105 company page.<\/p>\n\n\n\n<p>W sekcji przeznaczonej na dodanie zdj\u0119cia profilowego <strong>umie\u015b\u0107 po prostu logo swojej marki.<\/strong> Je\u015bli jednak jest zbyt du\u017ce lub zawiera d\u0142ugie napisy, mo\u017cesz postawi\u0107 tylko na najbardziej charakterystyczny element graficzny, tak jak zrobi\u0142a to marka Coffeedesk.<\/p>\n\n\n\n<figure class=\"wp-block-image size-full\"><img decoding=\"async\" width=\"881\" height=\"254\" src=\"https:\/\/sprawnymarketing.pl\/wp-content\/uploads\/2022\/06\/Rys1-1.png\" alt=\"zdj\u0119cie profilowe na linkedinie\" class=\"wp-image-44268\" srcset=\"https:\/\/sprawnymarketing.pl\/wp-content\/uploads\/2022\/06\/Rys1-1.png 881w, https:\/\/sprawnymarketing.pl\/wp-content\/uploads\/2022\/06\/Rys1-1-300x86.png 300w, https:\/\/sprawnymarketing.pl\/wp-content\/uploads\/2022\/06\/Rys1-1-530x153.png 530w, https:\/\/sprawnymarketing.pl\/wp-content\/uploads\/2022\/06\/Rys1-1-768x221.png 768w\" sizes=\"(max-width: 881px) 100vw, 881px\" \/><figcaption class=\"wp-element-caption\">CoffeDesk w swoim zdj\u0119ciu profilowym stawia na najbardziej charakterystyczny element swojej identyfikacji wizualnej<\/figcaption><\/figure>\n\n\n\n<p>Zdj\u0119cie w tle powinno z kolei korespondowa\u0107 z Twoim aktualnym priorytetem komunikacyjnym na LinkedInie. Je\u015bli wi\u0119c w danym okresie:<\/p>\n\n\n\n<ul>\n<li>chcesz sprzeda\u0107 konkretny produkt ze swojej oferty,<\/li>\n\n\n\n<li>prowadzisz rekrutacj\u0119 na wybrane stanowisko,<\/li>\n\n\n\n<li>organizujesz wydarzenie (online lub offline), poinformuj o tym z poziomu swojego cover photo.<\/li>\n<\/ul>\n\n\n\n<p>W sytuacji, w kt\u00f3rej nie planujesz \u017cadnych akcji specjalnych, zaprezentuj w tym miejscu swoje has\u0142o marketingowe lub nakre\u015bl skal\u0119 swojej dzia\u0142alno\u015bci, tak jak robi to \u017babka Polska.<\/p>\n\n\n\n<figure class=\"wp-block-image size-full\"><img decoding=\"async\" width=\"875\" height=\"254\" src=\"https:\/\/sprawnymarketing.pl\/wp-content\/uploads\/2022\/06\/Rys2-1.png\" alt=\" linkedin cover photo\" class=\"wp-image-44269\" srcset=\"https:\/\/sprawnymarketing.pl\/wp-content\/uploads\/2022\/06\/Rys2-1.png 875w, https:\/\/sprawnymarketing.pl\/wp-content\/uploads\/2022\/06\/Rys2-1-300x87.png 300w, https:\/\/sprawnymarketing.pl\/wp-content\/uploads\/2022\/06\/Rys2-1-530x154.png 530w, https:\/\/sprawnymarketing.pl\/wp-content\/uploads\/2022\/06\/Rys2-1-768x223.png 768w\" sizes=\"(max-width: 875px) 100vw, 875px\" \/><figcaption class=\"wp-element-caption\">\u017babka Polska za pomoc\u0105 LinkedIn cover photo podkre\u015bla sw\u00f3j rozw\u00f3j na rynku polskim pod wzgl\u0119dem liczby franczyzobiorc\u00f3w<\/figcaption><\/figure>\n\n\n\n<p>Robi\u0105c dobre pierwsze wra\u017cenie na swoim company page na LinkedInie,<strong> pami\u0119taj r\u00f3wnie\u017c o dodaniu sloganu<\/strong> (120 znak\u00f3w), kt\u00f3re wy\u015bwietli si\u0119 pod nazw\u0105 Twojej marki oraz o zdefiniowaniu przycisku CTA, za po\u015brednictwem kt\u00f3rego u\u017cytkownicy serwisu b\u0119d\u0105 mogli szybko przenie\u015b\u0107 si\u0119 na Twoj\u0105 stron\u0119 www lub zapisa\u0107 si\u0119 na organizowane przez Ciebie wydarzenie.<\/p>\n\n\n<div id=\"text-block_e94035db38995a2b8331b46bca76bac9\" class=\"frame-border frame-border--advice\" >\n            <p class=\"title-tertiary frame-border__light d-block\">PORADA<\/p>\n        <p>Nie zapomnij wzbogaci\u0107 swoj\u0105 stron\u0119 firmow\u0105 na LinkedInie o opis, za po\u015brednictwem kt\u00f3rego przedstawisz si\u0119 swoim odbiorcom i nakre\u015blisz specyfik\u0119 swojej dzia\u0142alno\u015bci, przedstawisz swoj\u0105 ofert\u0119 czy zaprezentujesz kluczowych klient\u00f3w, kt\u00f3rzy ju\u017c korzystaj\u0105 z Twoich produkt\u00f3w lub us\u0142ug. W przypadku profili nakierowanych na realizacj\u0119 cel\u00f3w employerbrandingowych, warto r\u00f3wnie\u017c w opisie zawrze\u0107 informacje o warto\u015bciach firmy i korzy\u015bciach wynikaj\u0105cych z do\u0142\u0105czenia do jej zespo\u0142u. Do dyspozycji masz a\u017c 2000 znak\u00f3w, wiec uwzgl\u0119dnij w nim r\u00f3wnie\u017c s\u0142owa kluczowe, na kt\u00f3re chcesz pozycjonowa\u0107 swoj\u0105 mark\u0119 w serwisie.<\/p>\n<\/div>\n\n\n<h2 class=\"wp-block-heading\">Publikuj&#8230; ale z g\u0142ow\u0105!<\/h2>\n\n\n\n<p>Wa\u017cnym aspektem dzia\u0142a\u0144 z zakresu employee advocacy jest wspieranie marki firmowej w dystrybucji jej contentu. Ten na company page powinien si\u0119 pojawia\u0107 w spos\u00f3b regularny, by pracownicy mieli czym si\u0119 dzieli\u0107 w swoich sieciach zawodowych. Tre\u015bci zamieszczane przez mark\u0119 musz\u0105 by\u0107 interesuj\u0105ce zar\u00f3wno dla nich, jak i dla ich odbiorc\u00f3w na LinkedInie. I tu pojawiaj\u0105 si\u0119 schody&#8230;<\/p>\n\n\n<p id=\"text-block_1092fd7ee5c96ab58474b304256f1610\" class=\"text-frame\">\n    Niestety, wci\u0105\u017c zbyt cz\u0119sto firmy w swoich kana\u0142ach komunikuj\u0105 to, co chc\u0105 napisa\u0107, bez zastanowienia si\u0119, czy aby na pewno s\u0105 to tre\u015bci, kt\u00f3re ich grupa docelowa pragnie czyta\u0107. Tak oto powstaj\u0105 swoiste s\u0142upy reklamowe lub rekrutacyjne, niewnosz\u0105ce \u017cadnej warto\u015bci w\u0142a\u015bciwie dla kogokolwiek.<\/p>\n\n\n<p><strong>Aby nie dopu\u015bci\u0107 do takiej sytuacji, przed rozpocz\u0119ciem dzia\u0142a\u0144 contentowych zastan\u00f3w si\u0119:<\/strong><\/p>\n\n\n\n<ul>\n<li>kto stanowi grup\u0119 docelow\u0105 Twojej marki na LinkedInie,<\/li>\n\n\n\n<li>jakie tematy mog\u0105 j\u0105 zainteresowa\u0107,<\/li>\n\n\n\n<li>jaki cel chcesz osi\u0105gn\u0105\u0107 za po\u015brednictwem swoich publikacji?<\/li>\n<\/ul>\n\n\n\n<p>Dzi\u0119ki temu Twoja komunikacja stanie si\u0119 lepsza z perspektywy odbiorc\u00f3w oraz pracownik\u00f3w, bo wyposa\u017cysz ich w tre\u015bci, kt\u00f3rymi ch\u0119tniej podziel\u0105 si\u0119 ze swoj\u0105 spo\u0142eczno\u015bci\u0105.<\/p>\n\n\n\n<p><strong>Na swoim company page mo\u017cesz dzieli\u0107 si\u0119:<\/strong><\/p>\n\n\n\n<ul>\n<li>tre\u015bciami medialnymi, pokazuj\u0105cymi, \u017ce o Twojej marce jest naprawd\u0119 g\u0142o\u015bno,<\/li>\n\n\n\n<li>wie\u015bciami z bran\u017cy, dzi\u0119ki kt\u00f3rym udowodnisz, \u017ce trzymasz r\u0119k\u0119 na pulsie,<\/li>\n\n\n\n<li>rozmaitymi case studies,<\/li>\n\n\n\n<li>tre\u015bciami eksperckimi pokazuj\u0105cymi wiedz\u0119 i do\u015bwiadczenie, kt\u00f3re stoj\u0105 za Twoj\u0105 mark\u0105,<\/li>\n\n\n\n<li>informacjami na temat Twoich produkt\u00f3w i us\u0142ug,<\/li>\n\n\n\n<li>sylwetkami pracownik\u00f3w,<\/li>\n\n\n\n<li>tre\u015bciami rekrutacyjnymi.<\/li>\n<\/ul>\n\n\n\n<h2 class=\"wp-block-heading\">Employee advocacy \u2013 wska\u017c kierunek<\/h2>\n\n\n\n<p>Nie da si\u0119 ukry\u0107, \u017ce najprostsz\u0105 i najbardziej intuicyjn\u0105 form\u0105 wsparcia dystrybucji firmowego contentu jest jego udost\u0119pnienie. Danym postem mo\u017cna si\u0119 podzieli\u0107 za pomoc\u0105 jednego przycisku lub \u2013 wk\u0142adaj\u0105c w to nieco wi\u0119cej pracy \u2013 dodaj\u0105c do niego r\u00f3wnie\u017c kilka zda\u0144 w\u0142asnego komentarza.<\/p>\n\n\n\n<figure class=\"wp-block-image size-full\"><img decoding=\"async\" width=\"540\" height=\"740\" src=\"https:\/\/sprawnymarketing.pl\/wp-content\/uploads\/2022\/06\/Rys3-1.png\" alt=\"Employee advocacy na LinkedIn\" class=\"wp-image-44267\" srcset=\"https:\/\/sprawnymarketing.pl\/wp-content\/uploads\/2022\/06\/Rys3-1.png 540w, https:\/\/sprawnymarketing.pl\/wp-content\/uploads\/2022\/06\/Rys3-1-300x411.png 300w, https:\/\/sprawnymarketing.pl\/wp-content\/uploads\/2022\/06\/Rys3-1-530x726.png 530w\" sizes=\"(max-width: 540px) 100vw, 540px\" \/><figcaption class=\"wp-element-caption\">Dodaj\u0105c kilka s\u0142\u00f3w do udost\u0119pnionej tre\u015bci, pracownicy mog\u0105 sprawi\u0107, \u017ce dany post b\u0119dzie bardziej \u201eich\u201d, a nie tylko firmowy<\/figcaption><\/figure>\n\n\n\n<p>W dodatku LinkedIn ju\u017c dawno temu wyposa\u017cy\u0142 administrator\u00f3w stron firmowych w przydatn\u0105 funkcj\u0119, pozwalaj\u0105c\u0105 raz na 24 godziny automatycznie powiadomi\u0107 wszystkich pracownik\u00f3w o nowych aktualno\u015bciach na stronie firmowej.<\/p>\n\n\n\n<figure class=\"wp-block-image size-full\"><img decoding=\"async\" width=\"608\" height=\"205\" src=\"https:\/\/sprawnymarketing.pl\/wp-content\/uploads\/2022\/06\/Rys4.png\" alt=\"Notify Employees linkedin\" class=\"wp-image-44266\" srcset=\"https:\/\/sprawnymarketing.pl\/wp-content\/uploads\/2022\/06\/Rys4.png 608w, https:\/\/sprawnymarketing.pl\/wp-content\/uploads\/2022\/06\/Rys4-300x101.png 300w, https:\/\/sprawnymarketing.pl\/wp-content\/uploads\/2022\/06\/Rys4-530x179.png 530w\" sizes=\"(max-width: 608px) 100vw, 608px\" \/><figcaption class=\"wp-element-caption\">Przycisk Notify Employees umo\u017cliwia szybkie informowanie pracownik\u00f3w o nowo\u015bciach na stronie firmowej<\/figcaption><\/figure>\n\n\n\n<p>Wielu ekspert\u00f3w twierdzi, \u017ce udost\u0119pnienia maj\u0105 najmniejszy potencja\u0142 zasi\u0119gowy na LinkedInie, ale z mojego do\u015bwiadczenia wynika, \u017ce <strong>je\u015bli dodamy do nich kilka autorskich (i ciekawych) zda\u0144, to dana publikacja ma szans\u0119 realnie zaistnie\u0107 w serwisie.<\/strong><\/p>\n\n\n<div id=\"text-block_b785d02ce8b31badc79ff476fb5bd436\" class=\"frame-border\" >\n        <p>Jakby tego by\u0142o ma\u0142o, w zak\u0142adce Content na profilach firmowych pojawi\u0142a si\u0119 mo\u017cliwo\u015b\u0107 tworzenia rekomendowanych post\u00f3w dla pracownik\u00f3w. W praktyce administrator strony mo\u017ce przygotowa\u0107 gotowe tre\u015bci, a pracownicy w ramach employee advocacy mog\u0105 si\u0119 nimi podzieli\u0107 1:1 lub zmodyfikowa\u0107 je zgodnie z w\u0142asnym stylem i j\u0119zykiem komunikacji.<\/p>\n<\/div>\n\n\n<p>To drugie rozwi\u0105zanie jest zdecydowanie bardziej korzystne, poniewa\u017c <strong>kilkukrotnie powielony content mo\u017ce by\u0107 przez LinkedIna oceniony jako SPAM i nie wnie\u015b\u0107 \u017cadnej warto\u015bci do komunikacji firmowej. <\/strong>W dodatku zawsze lepiej jest, gdy publikacje tworzone przez pracownik\u00f3w s\u0105 po prostu bardziej ludzkie, a nie sztucznie gloryfikuj\u0105 dan\u0105 firm\u0119, bo to nigdy si\u0119 nie sprawdza.<\/p>\n\n\n\n<p>Warto te\u017c wiedzie\u0107, \u017ce je\u015bli pracownicy skorzystaj\u0105 z contentowych sugestii, administratorzy stron firmowych w panelu analitycznym mog\u0105 sprawdzi\u0107, jak dane tre\u015bci performowa\u0142y na LinkedInie i do kogo za ich pomoc\u0105 uda\u0142o si\u0119 dotrze\u0107.<\/p>\n\n\n\n<figure class=\"wp-block-image size-full\"><img decoding=\"async\" width=\"600\" height=\"412\" src=\"https:\/\/sprawnymarketing.pl\/wp-content\/uploads\/2022\/06\/rys5.png\" alt=\"Employee Advocacy\" class=\"wp-image-44270\" srcset=\"https:\/\/sprawnymarketing.pl\/wp-content\/uploads\/2022\/06\/rys5.png 600w, https:\/\/sprawnymarketing.pl\/wp-content\/uploads\/2022\/06\/rys5-300x206.png 300w, https:\/\/sprawnymarketing.pl\/wp-content\/uploads\/2022\/06\/rys5-530x364.png 530w\" sizes=\"(max-width: 600px) 100vw, 600px\" \/><figcaption class=\"wp-element-caption\">Efektywno\u015b\u0107 rekomendowanego contentu mo\u017ce by\u0107 zweryfikowana przez administrator\u00f3w strony w zak\u0142adce Employee Advocacy<\/figcaption><\/figure>\n\n\n\n<p>Niestety, funkcja ta jest bezpo\u015brednio powi\u0105zana z tre\u015bciami przygotowanymi w zak\u0142adce Content. W praktyce oznacza to, \u017ce nie uwzgl\u0119dnia analizy wszystkich tre\u015bci, kt\u00f3rymi dziel\u0105 si\u0119 pracownicy firmy na swoich linkedinowych profilach.<\/p>\n\n\n\n<h2 class=\"wp-block-heading\">Doce\u0144 swoich ludzi<\/h2>\n\n\n\n<p>Je\u015bli chcesz w swojej firmie wdro\u017cy\u0107 dzia\u0142ania z zakresu employee advocacy, z pewno\u015bci\u0105 czujesz, \u017ce masz na pok\u0142adzie prawdziwych specjalist\u00f3w i ekspert\u00f3w, z kt\u00f3rych mo\u017cesz by\u0107 dumny.<\/p>\n\n\n\n<p>Od teraz zar\u00f3wno Ty, jak i pozostali cz\u0142onkowie organizacji, wchodz\u0105c na Wasz\u0105 stron\u0119 firmow\u0105, w zak\u0142adce My Company mo\u017cecie obserwowa\u0107 publikacje, kt\u00f3re na LinkedInie zamie\u015bcili Wasi koledzy i kole\u017canki z pracy.<\/p>\n\n\n\n<figure class=\"wp-block-image size-full\"><img decoding=\"async\" width=\"775\" height=\"578\" src=\"https:\/\/sprawnymarketing.pl\/wp-content\/uploads\/2022\/06\/Rys6.png\" alt=\"linkedin my company\" class=\"wp-image-44271\" srcset=\"https:\/\/sprawnymarketing.pl\/wp-content\/uploads\/2022\/06\/Rys6.png 775w, https:\/\/sprawnymarketing.pl\/wp-content\/uploads\/2022\/06\/Rys6-300x224.png 300w, https:\/\/sprawnymarketing.pl\/wp-content\/uploads\/2022\/06\/Rys6-530x395.png 530w, https:\/\/sprawnymarketing.pl\/wp-content\/uploads\/2022\/06\/Rys6-768x573.png 768w\" sizes=\"(max-width: 775px) 100vw, 775px\" \/><figcaption class=\"wp-element-caption\">Zak\u0142adka My Company daje dost\u0119p do najlepszych tre\u015bci tworzonych na LinkedInie przez pracownik\u00f3w firmy<\/figcaption><\/figure>\n\n\n\n<p>Dzi\u0119ki tej funkcji zyskujesz mo\u017cliwo\u015b\u0107 wsparcia ich tre\u015bci, np. poprzez pozostawienie pod nimi reakcji, jak r\u00f3wnie\u017c podzielenia si\u0119 nimi na \u0142amach strony firmowej w formie udost\u0119pnienia wraz z komentarzem. W ko\u0144cu nigdzie nie jest napisane, \u017ce to tylko pracownicy maj\u0105 dzieli\u0107 si\u0119 contentem firmowym, a nie odwrotnie, prawda? Taka wzajemno\u015b\u0107 mo\u017ce by\u0107 naprawd\u0119 korzystna i zach\u0119ci\u0107 pracownik\u00f3w do jeszcze wi\u0119kszego zaanga\u017cowania!<\/p>\n\n\n\n<h2 class=\"wp-block-heading\">\u017beby chcia\u0142o si\u0119 chcie\u0107<\/h2>\n\n\n\n<p>Znasz ju\u017c narz\u0119dzia, z kt\u00f3rych mo\u017cesz korzysta\u0107, wdra\u017caj\u0105c dzia\u0142ania z zakresu employee advocacy na LinkedIn. Pozostaje jednak pytanie: jak rozbudzi\u0107 zaanga\u017cowanie pracownik\u00f3w i sprawi\u0107, by byli oni realnymi ambasadorami marki w tym medium? Na to nie ma jednak jednoznacznej odpowiedzi, bo wszystko zale\u017cy od Ciebie, Twoich mo\u017cliwo\u015bci i kultury organizacyjnej.<\/p>\n\n\n\n<p>Na pewno warto na samym pocz\u0105tku zbada\u0107 grunt i zidentyfikowa\u0107 ewentualne w\u0105tpliwo\u015bci, kt\u00f3re mog\u0105 pojawi\u0107 si\u0119 w g\u0142owach cz\u0142onk\u00f3w Twojej firmy w zakresie programu employee advocacy. Najcz\u0119\u015bciej s\u0105 one zwi\u0105zane z tym, \u017ce pracownicy nie widz\u0105 interesu dla siebie wynikaj\u0105cego z dzielenia si\u0119 firmowym contentem lub po prostu nie wiedz\u0105, jak konstruowa\u0107 tre\u015bci na LinkedInie.<\/p>\n\n\n\n<p>Nast\u0119pnie warto zrobi\u0107 wszystko, by je rozwia\u0107, wskazuj\u0105c przy tym realne korzy\u015bci \u2013 tak\u017ce dla nich \u2013 z udzielania wsparcia marce firmowej.<\/p>\n\n\n<div id=\"text-block_821acd3acb05d43816f071fee1584ff6\" class=\"frame-border frame-border--advice\" >\n            <p class=\"title-tertiary frame-border__light d-block\">PORADA<\/p>\n        <p>Dobrym argumentem przemawiaj\u0105cym za employee advocacy jest zawsze podkre\u015blenie, \u017ce rozpoznawalna marka firmowa z dobr\u0105 reputacj\u0105 wp\u0142ywa tak\u017ce na presti\u017c jej pracownik\u00f3w, jak r\u00f3wnie\u017c na pojawianie si\u0119 nowych szans (awanse, podwy\u017cki) wewn\u0105trz organizacji.<\/p>\n<\/div>\n\n\n<p>Kolejnym etapem powinno by\u0107 wyr\u00f3wnanie wiedzy w zespole na temat dzia\u0142a\u0144 na LinkedInie, by wszyscy pracownicy zaanga\u017cowani w programy employee advocacy poczuli si\u0119 gotowi do dzia\u0142ania.<\/p>\n\n\n\n<p>Je\u015bli jest to mo\u017cliwe, warto zaanga\u017cowa\u0107 pracownik\u00f3w w proces tworzenia komunikacji w tym serwisie, by jeszcze mocniej poczuli, \u017ce ich zdanie jest wa\u017cne oraz \u017ce wszyscy gracie do jednej bramki.<\/p>\n\n\n\n<p><strong>No i w ko\u0144cu, gdy ju\u017c wystartujesz z programem employee advocacy w najwi\u0119kszym medium biznesowym w Polsce, pami\u0119taj, by:<\/strong><\/p>\n\n\n\n<ul>\n<li>ca\u0142y czas by\u0107 dost\u0119pnym dla swoich ludzi,<\/li>\n\n\n\n<li>wspiera\u0107 ich w dzia\u0142aniach,<\/li>\n\n\n\n<li>informowa\u0107 o nowo\u015bciach w serwisie, z kt\u00f3rych mog\u0105 skorzysta\u0107,<\/li>\n\n\n\n<li>docenia\u0107 dzia\u0142ania swoich pracownik\u00f3w.<\/li>\n<\/ul>\n\n\n\n<p>Dobrym pomys\u0142em jest za\u0142o\u017cenie grupy prywatnej na LinkedInie, gdzie wraz z ambasadorami marki b\u0119dziesz wymienia\u0107 si\u0119 do\u015bwiadczeniami i wskaz\u00f3wkami, jak usprawni\u0107 Wasze dzia\u0142ania oraz z jakich nowych funkcji warto skorzysta\u0107.<\/p>\n\n\n\n<p>Tylko dzi\u0119ki pracy zespo\u0142owej w stosunkowo kr\u00f3tkim czasie zobaczysz realne korzy\u015bci z dzia\u0142a\u0144 employee advocacy na LinkedInie!<\/p>\n\n\n\n<p><strong>Wi\u0119cej na temat tego, jak przekona\u0107 swoich pracownik\u00f3w lub szef\u00f3w do aktywno\u015bci w social mediach, dowiesz si\u0119 z prezentacji Dagmary Pakulskiej, kt\u00f3ra wyst\u0105pi\u0142a na konferencji I Love Marketing, na dniu I \u2764\ufe0f Social Media! Nagrania s\u0105 w sprzeda\u017cy na platformie <a href=\"https:\/\/video.sprawnymarketing.pl\/ilovemkt\/?utm_source=google&amp;utm_medium=blog&amp;utm_campaign=artykul-pakulska\" target=\"_blank\" rel=\"noreferrer noopener\">video.sprawny.marketing<\/a>.<\/strong><\/p>\n\n\n\n<p><strong>Mo\u017cesz te\u017c zapisa\u0107 si\u0119 na <a href=\"https:\/\/sprawnymarketing.pl\/szkolenia\/social-media-marketing\/\">szkolenie z LinkedIn<\/a>, w trakcie kt\u00f3rego nauczysz si\u0119, jak budowa\u0107 sie\u0107 kontakt\u00f3w biznesowych, jak dotrze\u0107 do nowych klient\u00f3w, a tak\u017ce jakie tre\u015bci publikowa\u0107, aby przyci\u0105gn\u0105\u0107 do siebie klient\u00f3w i partner\u00f3w biznesowych! <\/strong>\u2764\ufe0f<\/p>\n","protected":false},"excerpt":{"rendered":"<p>Ufamy ludziom, nie markom. To ju\u017c fakt. Dlatego od dawna odchodzi si\u0119 od komunikacji B2B i B2C na rzecz H2H. LinkedIn doskonale o tym wie i niemal co chwil\u0119 wzbogaca swoj\u0105 platform\u0119 o nowe narz\u0119dzia, kt\u00f3re maj\u0105 usprawni\u0107 dzia\u0142ania z zakresu employee advocacy. Nie robi tego jednak bez powodu&#8230; Ten artyku\u0142 o employee advocacy na [&hellip;]<\/p>\n","protected":false},"author":193,"featured_media":0,"comment_status":"open","ping_status":"closed","sticky":false,"template":"","format":"standard","meta":{"_acf_changed":false,"footnotes":""},"categories":[7852,1149],"tags":[],"coauthors":[1357],"acf":[],"yoast_head":"<!-- This site is optimized with the Yoast SEO Premium plugin v24.1 (Yoast SEO v24.4) - https:\/\/yoast.com\/wordpress\/plugins\/seo\/ -->\n<title>Employee advocacy na LinkedIn 2023<\/title>\n<meta name=\"description\" content=\"Wiesz, \u017ce CTR publikacji pracownik\u00f3w jest 2x wy\u017cszy ni\u017c CTR tre\u015bci na company pages? Sprawd\u017a, jak zadba\u0107 o employee advocacy na LinkedIn!\" \/>\n<meta name=\"robots\" content=\"index, follow, max-snippet:-1, max-image-preview:large, max-video-preview:-1\" \/>\n<link rel=\"canonical\" href=\"https:\/\/sprawnymarketing.pl\/blog\/employee-advocacy-na-linkedin\/\" \/>\n<meta property=\"og:locale\" content=\"pl_PL\" \/>\n<meta property=\"og:type\" content=\"article\" \/>\n<meta property=\"og:title\" content=\"Employee advocacy na LinkedIn 2023\" \/>\n<meta property=\"og:description\" content=\"Wiesz, \u017ce CTR publikacji pracownik\u00f3w jest 2x wy\u017cszy ni\u017c CTR tre\u015bci na company pages? Sprawd\u017a, jak zadba\u0107 o employee advocacy na LinkedIn!\" \/>\n<meta property=\"og:url\" content=\"https:\/\/sprawnymarketing.pl\/blog\/employee-advocacy-na-linkedin\/\" \/>\n<meta property=\"og:site_name\" content=\"sprawny.marketing \u2022 Szkolenia \u2022 Konferencje \u2022 Magazyn\" \/>\n<meta property=\"article:publisher\" content=\"https:\/\/www.facebook.com\/SprawnyMarketing\/\" \/>\n<meta property=\"article:published_time\" content=\"2023-05-10T11:11:49+00:00\" \/>\n<meta property=\"article:modified_time\" content=\"2023-05-26T13:03:45+00:00\" \/>\n<meta property=\"og:image\" content=\"https:\/\/sprawnymarketing.pl\/wp-content\/uploads\/2022\/06\/Rys1-1.png\" \/>\n<meta name=\"author\" content=\"Dagmara Pakulska\" \/>\n<meta name=\"twitter:card\" content=\"summary_large_image\" \/>\n<meta name=\"twitter:label1\" content=\"Napisane przez\" \/>\n\t<meta name=\"twitter:data1\" content=\"Dagmara Pakulska\" \/>\n\t<meta name=\"twitter:label2\" content=\"Szacowany czas czytania\" \/>\n\t<meta name=\"twitter:data2\" content=\"10 minut\" \/>\n\t<meta name=\"twitter:label3\" content=\"Written by\" \/>\n\t<meta name=\"twitter:data3\" content=\"Dagmara Pakulska\" \/>\n<!-- \/ Yoast SEO Premium plugin. -->","yoast_head_json":{"title":"Employee advocacy na LinkedIn 2023","description":"Wiesz, \u017ce CTR publikacji pracownik\u00f3w jest 2x wy\u017cszy ni\u017c CTR tre\u015bci na company pages? Sprawd\u017a, jak zadba\u0107 o employee advocacy na LinkedIn!","robots":{"index":"index","follow":"follow","max-snippet":"max-snippet:-1","max-image-preview":"max-image-preview:large","max-video-preview":"max-video-preview:-1"},"canonical":"https:\/\/sprawnymarketing.pl\/blog\/employee-advocacy-na-linkedin\/","og_locale":"pl_PL","og_type":"article","og_title":"Employee advocacy na LinkedIn 2023","og_description":"Wiesz, \u017ce CTR publikacji pracownik\u00f3w jest 2x wy\u017cszy ni\u017c CTR tre\u015bci na company pages? Sprawd\u017a, jak zadba\u0107 o employee advocacy na LinkedIn!","og_url":"https:\/\/sprawnymarketing.pl\/blog\/employee-advocacy-na-linkedin\/","og_site_name":"sprawny.marketing \u2022 Szkolenia \u2022 Konferencje \u2022 Magazyn","article_publisher":"https:\/\/www.facebook.com\/SprawnyMarketing\/","article_published_time":"2023-05-10T11:11:49+00:00","article_modified_time":"2023-05-26T13:03:45+00:00","og_image":[{"url":"https:\/\/sprawnymarketing.pl\/wp-content\/uploads\/2022\/06\/Rys1-1.png","type":"","width":"","height":""}],"author":"Dagmara Pakulska","twitter_card":"summary_large_image","twitter_misc":{"Napisane przez":"Dagmara Pakulska","Szacowany czas czytania":"10 minut","Written by":"Dagmara Pakulska"},"schema":{"@context":"https:\/\/schema.org","@graph":[{"@type":"Article","@id":"https:\/\/sprawnymarketing.pl\/blog\/employee-advocacy-na-linkedin\/#article","isPartOf":{"@id":"https:\/\/sprawnymarketing.pl\/blog\/employee-advocacy-na-linkedin\/"},"author":{"name":"Dagmara Pakulska","@id":"https:\/\/sprawnymarketing.pl\/#\/schema\/person\/067d205ec1eb419c3f58fb55903a7117"},"headline":"Employee advocacy na LinkedIn 2023","datePublished":"2023-05-10T11:11:49+00:00","dateModified":"2023-05-26T13:03:45+00:00","mainEntityOfPage":{"@id":"https:\/\/sprawnymarketing.pl\/blog\/employee-advocacy-na-linkedin\/"},"wordCount":1721,"commentCount":1,"publisher":{"@id":"https:\/\/sprawnymarketing.pl\/#organization"},"image":{"@id":"https:\/\/sprawnymarketing.pl\/blog\/employee-advocacy-na-linkedin\/#primaryimage"},"thumbnailUrl":"https:\/\/sprawnymarketing.pl\/wp-content\/uploads\/2022\/06\/Rys1-1.png","articleSection":["HR &amp; employer branding","Social Media"],"inLanguage":"pl-PL","potentialAction":[{"@type":"CommentAction","name":"Comment","target":["https:\/\/sprawnymarketing.pl\/blog\/employee-advocacy-na-linkedin\/#respond"]}]},{"@type":"WebPage","@id":"https:\/\/sprawnymarketing.pl\/blog\/employee-advocacy-na-linkedin\/","url":"https:\/\/sprawnymarketing.pl\/blog\/employee-advocacy-na-linkedin\/","name":"Employee advocacy na LinkedIn 2023","isPartOf":{"@id":"https:\/\/sprawnymarketing.pl\/#website"},"primaryImageOfPage":{"@id":"https:\/\/sprawnymarketing.pl\/blog\/employee-advocacy-na-linkedin\/#primaryimage"},"image":{"@id":"https:\/\/sprawnymarketing.pl\/blog\/employee-advocacy-na-linkedin\/#primaryimage"},"thumbnailUrl":"https:\/\/sprawnymarketing.pl\/wp-content\/uploads\/2022\/06\/Rys1-1.png","datePublished":"2023-05-10T11:11:49+00:00","dateModified":"2023-05-26T13:03:45+00:00","description":"Wiesz, \u017ce CTR publikacji pracownik\u00f3w jest 2x wy\u017cszy ni\u017c CTR tre\u015bci na company pages? Sprawd\u017a, jak zadba\u0107 o employee advocacy na LinkedIn!","breadcrumb":{"@id":"https:\/\/sprawnymarketing.pl\/blog\/employee-advocacy-na-linkedin\/#breadcrumb"},"inLanguage":"pl-PL","potentialAction":[{"@type":"ReadAction","target":["https:\/\/sprawnymarketing.pl\/blog\/employee-advocacy-na-linkedin\/"]}]},{"@type":"ImageObject","inLanguage":"pl-PL","@id":"https:\/\/sprawnymarketing.pl\/blog\/employee-advocacy-na-linkedin\/#primaryimage","url":"https:\/\/sprawnymarketing.pl\/wp-content\/uploads\/2022\/06\/Rys1-1.png","contentUrl":"https:\/\/sprawnymarketing.pl\/wp-content\/uploads\/2022\/06\/Rys1-1.png","width":881,"height":254,"caption":"zdj\u0119cie profilowe na linkedinie"},{"@type":"BreadcrumbList","@id":"https:\/\/sprawnymarketing.pl\/blog\/employee-advocacy-na-linkedin\/#breadcrumb","itemListElement":[{"@type":"ListItem","position":1,"name":"Strona g\u0142\u00f3wna","item":"https:\/\/sprawnymarketing.pl\/"},{"@type":"ListItem","position":2,"name":"Employee advocacy na LinkedIn 2023"}]},{"@type":"WebSite","@id":"https:\/\/sprawnymarketing.pl\/#website","url":"https:\/\/sprawnymarketing.pl\/","name":"sprawny.marketing \u2022 Szkolenia \u2022 Konferencje \u2022 Magazyn","description":"","publisher":{"@id":"https:\/\/sprawnymarketing.pl\/#organization"},"potentialAction":[{"@type":"SearchAction","target":{"@type":"EntryPoint","urlTemplate":"https:\/\/sprawnymarketing.pl\/?s={search_term_string}"},"query-input":{"@type":"PropertyValueSpecification","valueRequired":true,"valueName":"search_term_string"}}],"inLanguage":"pl-PL"},{"@type":"Organization","@id":"https:\/\/sprawnymarketing.pl\/#organization","name":"sprawny.marketing \u2022 Szkolenia \u2022 Konferencje \u2022 Magazyn","url":"https:\/\/sprawnymarketing.pl\/","logo":{"@type":"ImageObject","inLanguage":"pl-PL","@id":"https:\/\/sprawnymarketing.pl\/#\/schema\/logo\/image\/","url":"https:\/\/sprawnymarketing.pl\/wp-content\/uploads\/2020\/07\/logo-3.png","contentUrl":"https:\/\/sprawnymarketing.pl\/wp-content\/uploads\/2020\/07\/logo-3.png","width":512,"height":106,"caption":"sprawny.marketing \u2022 Szkolenia \u2022 Konferencje \u2022 Magazyn"},"image":{"@id":"https:\/\/sprawnymarketing.pl\/#\/schema\/logo\/image\/"},"sameAs":["https:\/\/www.facebook.com\/SprawnyMarketing\/"]},{"@type":"Person","@id":"https:\/\/sprawnymarketing.pl\/#\/schema\/person\/067d205ec1eb419c3f58fb55903a7117","name":"Dagmara Pakulska","image":{"@type":"ImageObject","inLanguage":"pl-PL","@id":"https:\/\/sprawnymarketing.pl\/#\/schema\/person\/image\/edab7f2c695c4ebcc9ee74c92436ca16","url":"https:\/\/sprawnymarketing.pl\/wp-content\/uploads\/2020\/03\/Pakulska-150x150.png","contentUrl":"https:\/\/sprawnymarketing.pl\/wp-content\/uploads\/2020\/03\/Pakulska-150x150.png","caption":"Dagmara Pakulska"},"description":"Zwi\u0105zana z marketingiem od 7 lat. Przez wielu nazywana kr\u00f3low\u0105 Twittera \u2013 zna ten kana\u0142 medi\u00f3w spo\u0142eczno\u015bciowych od podszewki. Wyk\u0142ada na AGH, Wy\u017cszej Szkole Europejskiej i Uniwersytecie \u0141\u00f3dzkim.","url":"https:\/\/sprawnymarketing.pl\/blog\/autor\/dagmara-pakulska\/"}]}},"_links":{"self":[{"href":"https:\/\/sprawnymarketing.pl\/smblog-api\/wp\/v2\/posts\/44265"}],"collection":[{"href":"https:\/\/sprawnymarketing.pl\/smblog-api\/wp\/v2\/posts"}],"about":[{"href":"https:\/\/sprawnymarketing.pl\/smblog-api\/wp\/v2\/types\/post"}],"author":[{"embeddable":true,"href":"https:\/\/sprawnymarketing.pl\/smblog-api\/wp\/v2\/users\/193"}],"replies":[{"embeddable":true,"href":"https:\/\/sprawnymarketing.pl\/smblog-api\/wp\/v2\/comments?post=44265"}],"version-history":[{"count":9,"href":"https:\/\/sprawnymarketing.pl\/smblog-api\/wp\/v2\/posts\/44265\/revisions"}],"predecessor-version":[{"id":46396,"href":"https:\/\/sprawnymarketing.pl\/smblog-api\/wp\/v2\/posts\/44265\/revisions\/46396"}],"wp:attachment":[{"href":"https:\/\/sprawnymarketing.pl\/smblog-api\/wp\/v2\/media?parent=44265"}],"wp:term":[{"taxonomy":"category","embeddable":true,"href":"https:\/\/sprawnymarketing.pl\/smblog-api\/wp\/v2\/categories?post=44265"},{"taxonomy":"post_tag","embeddable":true,"href":"https:\/\/sprawnymarketing.pl\/smblog-api\/wp\/v2\/tags?post=44265"},{"taxonomy":"author","embeddable":true,"href":"https:\/\/sprawnymarketing.pl\/smblog-api\/wp\/v2\/coauthors?post=44265"}],"curies":[{"name":"wp","href":"https:\/\/api.w.org\/{rel}","templated":true}]}}