{"id":42621,"date":"2021-09-29T15:23:32","date_gmt":"2021-09-29T13:23:32","guid":{"rendered":"https:\/\/sprawnymarketing.pl\/?p=42621"},"modified":"2021-09-29T15:23:34","modified_gmt":"2021-09-29T13:23:34","slug":"audyt-facebooka-jak-i-dlaczego-warto-go-przeprowadzic","status":"publish","type":"post","link":"https:\/\/sprawnymarketing.pl\/blog\/audyt-facebooka-jak-i-dlaczego-warto-go-przeprowadzic\/","title":{"rendered":"Audyt Facebooka \u2013 jak i dlaczego warto go przeprowadzi\u0107?"},"content":{"rendered":"\n<p>Chyba wszyscy jeste\u015bmy zgodni, \u017ce ma\u0142o co zmienia si\u0119 w internecie tak dynamicznie jak social media. Udost\u0119pniasz tre\u015bci w mediach spo\u0142eczno\u015bciowych lub te\u017c zlecasz dzia\u0142ania osobom trzecim i <strong>z w\u0105tpliwo\u015bciami przygl\u0105dasz si\u0119 efektom?<\/strong> W\u0142\u0105czy\u0142e\u015b kolejn\u0105 reklam\u0119 p\u0142atn\u0105, a <strong>wyniki nie spe\u0142niaj\u0105 Twoich oczekiwa\u0144?<\/strong> Uwa\u017casz, \u017ce wypadasz blado na tle konkurencji? Nie wyci\u0105gasz wniosk\u00f3w z w\u0142asnych dzia\u0142a\u0144? Je\u017celi na kt\u00f3re\u015b z pyta\u0144 odpowiedzia\u0142e\u015b twierdz\u0105co, znalaz\u0142e\u015b si\u0119 w dobrym miejscu. Pora na audyt Facebooka!<\/p>\n\n\n\n<p>Zacznijmy od definicji. Jak podaje Wikipedia, <strong>audytem nazywamy niezale\u017cn\u0105 ocen\u0119 danej organizacji, systemu, procesu, produktu lub projektu.<\/strong> Powinien by\u0107 on przeprowadzony pod wzgl\u0119dem zgodno\u015bci z okre\u015blonymi standardami, wzorcami, normami czy te\u017c przepisami prawa lub ustaleniami wewn\u0105trz organizacji.<\/p>\n\n\n\n<h3 class=\"wp-block-heading\" id=\"h-audyt-facebooka-wykonujemy\">Audyt Facebooka wykonujemy:<\/h3>\n\n\n\n<ol type=\"a\"><li>przejmuj\u0105c konto po innej osobie \/ agencji, kt\u00f3ra prowadzi\u0142a wcze\u015bniejsze dzia\u0142ania;<\/li><li>w celu sprawdzenia obecnych dzia\u0142a\u0144 z dowolnie przyj\u0119t\u0105 cz\u0119stotliwo\u015bci\u0105 (tydzie\u0144 \/ miesi\u0105c \/ kwarta\u0142 \/ rok). Oczywi\u015bcie nie musimy przeprowadza\u0107 kompleksowego audytu co tydzie\u0144. Mo\u017cemy wybra\u0107 elementy, na kt\u00f3rych najbardziej nam zale\u017cy (np. performance reklam) i te sprawdza\u0107 cz\u0119\u015bciej, a mniej istotne rzeczy rzadziej.&nbsp;<\/li><\/ol>\n\n\n\n<p>Zatem do roboty! Przygotowanie audytu Facebooka podzielmy na kilka g\u0142\u00f3wnych etap\u00f3w. Pierwszym z nich jest&#8230;<\/p>\n\n\n\n<h2 class=\"wp-block-heading\" id=\"h-1-bezpiecze-stwo\">1. Bezpiecze\u0144stwo<\/h2>\n\n\n\n<p>Gdy ju\u017c podj\u0119li\u015bmy decyzje o przeprowadzeniu audytu Facebooka, <strong>zacznijmy od sprawdzenia dost\u0119p\u00f3w i bezpiecze\u0144stwa.<\/strong> Wiele m\u00f3wi si\u0119 o w\u0142amaniach na konta reklamowe i blokowaniu fanpage\u2019\u00f3w. Jak zminimalizowa\u0107 ryzyko? Poni\u017cej checklista do sprawdzenia!<\/p>\n\n\n<div id=\"text-block_6152d4e3e472d\" class=\"frame-border\" >\n        <p><strong>Upewnij si\u0119, \u017ce:<\/strong><\/p>\n<ol>\n<li>fanpage nie jest za\u0142o\u017cony na fikcyjnym koncie \u2013 je\u017celi tak, nadaj dost\u0119py realnemu u\u017cytkownikowi;<\/li>\n<li>masz wi\u0119cej ni\u017c jednego administratora;<\/li>\n<li>posiadasz Business Facebook;<\/li>\n<li>uwa\u017casz na fa\u0142szywe maile i wtyczki;<\/li>\n<li>stosujesz logowanie dwuetapowe do konta prywatnego na Facebooku, Instagramie jak i do Business Managera.<\/li>\n<\/ol>\n<\/div>\n\n\n<h2 class=\"wp-block-heading\" id=\"h-2-cel-obecno-ci-na-facebooku\">2. Cel obecno\u015bci na Facebooku<\/h2>\n\n\n\n<p>Tak jak kapitan statku musi obra\u0107 kurs, by dop\u0142yn\u0105\u0107 w obrane miejsce, tak Ty powiniene\u015b mie\u0107 jasno okre\u015blony kierunek, w kt\u00f3rym chcesz pod\u0105\u017ca\u0107, dzia\u0142aj\u0105c w social mediach. Bezcelowe dryfowanie jest niebezpieczne \u2013 w ka\u017cdym momencie mo\u017cesz natrafi\u0107 na ska\u0142y i rozbi\u0107 \u0142\u00f3d\u017a, a tego by\u015bmy nie chcieli. J<\/p>\n\n\n\n<p><strong>Warto obra\u0107 cel nadrz\u0119dny:<\/strong><\/p>\n\n\n\n<ul><li>budowanie wizerunku lidera w bran\u017cy,<\/li><li>edukacja,<\/li><li>sprzeda\u017c ,<\/li><li>humor.<\/li><\/ul>\n\n\n\n<p><strong>Oraz cele szczeg\u00f3\u0142owe:<\/strong><\/p>\n\n\n\n<ul><li>zbieranie feedbacku od grupy docelowej,<\/li><li>informowanie o nowo\u015bciach, ofertach,<\/li><li>inspiracja,<\/li><li>dotarcie do nowych u\u017cytkownik\u00f3w,<\/li><li>wsparcie BOK.<\/li><\/ul>\n\n\n\n<p>Cel pomo\u017ce Ci nie tylko tworzy\u0107 tre\u015bci, ale te\u017c wraca\u0107 co jaki\u015b&nbsp;czas \u2013 sprawdza\u0107 wyniki i to, czy wsp\u00f3\u0142graj\u0105 one z pocz\u0105tkowymi za\u0142o\u017ceniami.<\/p>\n\n\n\n<h2 class=\"wp-block-heading\" id=\"h-3-grupa-docelowa\">3. Grupa docelowa<\/h2>\n\n\n\n<p>Do kogo trafiasz z naszymi tre\u015bciami? Aby to sprawdzi\u0107, pierwszym narz\u0119dziem, kt\u00f3re warto wzi\u0105\u0107 pod uwag\u0119, jest Google Analytics. Przyda on Ci si\u0119 m.in. do sprawdzania demografii odbiorc\u00f3w na stronie www przychodz\u0105cych z kana\u0142\u00f3w social.<\/p>\n\n\n\n<p>Google Analytics poka\u017ce Ci te\u017c <strong>performance poszczeg\u00f3lnych kampanii<\/strong> (dzi\u0119ki tagom UTM) oraz konkretnych produkt\u00f3w zakupionych dzi\u0119ki dzia\u0142aniom w mediach spo\u0142eczno\u015bciowych.<\/p>\n\n\n\n<figure class=\"wp-block-image size-full\"><img decoding=\"async\" width=\"1095\" height=\"952\" src=\"https:\/\/sprawnymarketing.pl\/wp-content\/uploads\/2021\/09\/1-1.png\" alt=\"grupa docelowa na Facebooku\" class=\"wp-image-42646\" srcset=\"https:\/\/sprawnymarketing.pl\/wp-content\/uploads\/2021\/09\/1-1.png 1095w, https:\/\/sprawnymarketing.pl\/wp-content\/uploads\/2021\/09\/1-1-300x261.png 300w, https:\/\/sprawnymarketing.pl\/wp-content\/uploads\/2021\/09\/1-1-530x461.png 530w, https:\/\/sprawnymarketing.pl\/wp-content\/uploads\/2021\/09\/1-1-768x668.png 768w\" sizes=\"(max-width: 1095px) 100vw, 1095px\" \/><\/figure>\n\n\n\n<figure class=\"wp-block-image size-full\"><img decoding=\"async\" width=\"755\" height=\"250\" src=\"https:\/\/sprawnymarketing.pl\/wp-content\/uploads\/2021\/09\/2.png\" alt=\"performance kampanii\" class=\"wp-image-42647\" srcset=\"https:\/\/sprawnymarketing.pl\/wp-content\/uploads\/2021\/09\/2.png 755w, https:\/\/sprawnymarketing.pl\/wp-content\/uploads\/2021\/09\/2-300x99.png 300w, https:\/\/sprawnymarketing.pl\/wp-content\/uploads\/2021\/09\/2-530x175.png 530w\" sizes=\"(max-width: 755px) 100vw, 755px\" \/><\/figure>\n\n\n\n<figure class=\"wp-block-image size-full\"><img decoding=\"async\" width=\"734\" height=\"404\" src=\"https:\/\/sprawnymarketing.pl\/wp-content\/uploads\/2021\/09\/3.png\" alt=\"Business Facebook \" class=\"wp-image-42648\" srcset=\"https:\/\/sprawnymarketing.pl\/wp-content\/uploads\/2021\/09\/3.png 734w, https:\/\/sprawnymarketing.pl\/wp-content\/uploads\/2021\/09\/3-300x165.png 300w, https:\/\/sprawnymarketing.pl\/wp-content\/uploads\/2021\/09\/3-530x292.png 530w\" sizes=\"(max-width: 734px) 100vw, 734px\" \/><\/figure>\n\n\n\n<p>Oczywi\u015bcie nie mo\u017cemy pomin\u0105\u0107 samego ekosystemu Facebooka. Zak\u0142adka \u201estatystyki\u201d i sekcja \u201eodbiorcy\u201d w Business Facebook skrywaj\u0105 informacje o naszej grupie docelowej (demografie oraz geografie odbiorcy).<\/p>\n\n\n\n<h2 class=\"wp-block-heading\" id=\"h-4-analiza-profilu-pod-wzgl-dem-wizualnym-layout-fanpage\">4. Analiza profilu pod wzgl\u0119dem wizualnym \u2013 layout fanpage<\/h2>\n\n\n\n<p>Kolejnym krokiem audytu Facebooka, kt\u00f3ry nale\u017cy wykona\u0107, jest analiza layoutu fanpage\u2019a.<\/p>\n\n\n\n<p><strong>W sk\u0142ad jej wchodzi:<\/strong><\/p>\n\n\n\n<ul><li>nazwa fanpage \u2013 kr\u00f3tka \/ d\u0142uga,<\/li><li>zdj\u0119cie profilowe (avatar),<\/li><li>zdj\u0119cie w tle (cover photo),<\/li><li>uzupe\u0142nione informacje,<\/li><li>uzupe\u0142nione i aktywne zak\u0142adki,<\/li><li>recenzje (je\u017celi jeszcze je masz!),<\/li><li>sp\u00f3jno\u015b\u0107&nbsp;na innych kana\u0142ach.<\/li><\/ul>\n\n\n\n<h3 class=\"wp-block-heading\" id=\"h-awatar\">Awatar<\/h3>\n\n\n\n<p>Awatar na Facebooku powinien by\u0107:<\/p>\n\n\n\n<ul><li>czytelny,<\/li><li>zapisany w PNG,<\/li><li>dostosowany pod aktualny kszta\u0142t (ko\u0142o),<\/li><li>maj\u0105cy odpowiednie wymiary.<\/li><\/ul>\n\n\n\n<p><strong>Rekomenduj\u0119 dodawanie wi\u0119kszego avatara <\/strong>(1200 x 1200 px) \u2013 nie wp\u0142ynie to negatywnie na szybko\u015b\u0107 \u0142adowania si\u0119 strony, a na pewno b\u0119dzie czytelniejszy i w razie potrzeby mo\u017cliwy do pobrania bezpo\u015brednio z fanpage. <a href=\"https:\/\/www.facebook.com\/help\/125379114252045\" rel=\"nofollow\">A tutaj znajdziesz<\/a> oficjalne wytyczne wymiaru zdj\u0119cia profilowego na Facebooku. <\/p>\n\n\n\n<figure class=\"wp-block-image size-full\"><img decoding=\"async\" width=\"495\" height=\"373\" src=\"https:\/\/sprawnymarketing.pl\/wp-content\/uploads\/2021\/09\/4-1.png\" alt=\"zdj\u0119cie profilowe fb\" class=\"wp-image-42649\" srcset=\"https:\/\/sprawnymarketing.pl\/wp-content\/uploads\/2021\/09\/4-1.png 495w, https:\/\/sprawnymarketing.pl\/wp-content\/uploads\/2021\/09\/4-1-300x226.png 300w\" sizes=\"(max-width: 495px) 100vw, 495px\" \/><\/figure>\n\n\n\n<h3 class=\"wp-block-heading\">Zdj\u0119cie w tle<\/h3>\n\n\n\n<ul><li>aktualne &#8211; adekwatne do pory roku \/ promocji \/ nowo\u015bci,<\/li><li>nawi\u0105zuj\u0105ce do dzia\u0142a\u0144 marki,<\/li><li>zapisane w PNG,<\/li><li>dostosowane pod aktualne wymiary 802 x 312 px \u2013 foto,<\/li><li>dostosowane pod aktualne wymiary 802 x 462 px \u2013 wideo (20-90 sekund),<\/li><li>najwa\u017cniejsze elementy w \u015brodkowej cz\u0119\u015bci.<\/li><\/ul>\n\n\n\n<p>Pami\u0119taj o dopasowanym CTA pod zdj\u0119ciem w tle na fb. Je\u017celi kierujesz do strony www, postaraj si\u0119, \u017ceby u\u017cytkownik l\u0105dowa\u0142 na odpowiedniej podstronie.<\/p>\n\n\n\n<figure class=\"wp-block-image size-full\"><img decoding=\"async\" width=\"1189\" height=\"656\" src=\"https:\/\/sprawnymarketing.pl\/wp-content\/uploads\/2021\/09\/7-1.png\" alt=\"zdj\u0119cie w tle na fb\" class=\"wp-image-42652\" srcset=\"https:\/\/sprawnymarketing.pl\/wp-content\/uploads\/2021\/09\/7-1.png 1189w, https:\/\/sprawnymarketing.pl\/wp-content\/uploads\/2021\/09\/7-1-300x166.png 300w, https:\/\/sprawnymarketing.pl\/wp-content\/uploads\/2021\/09\/7-1-530x292.png 530w, https:\/\/sprawnymarketing.pl\/wp-content\/uploads\/2021\/09\/7-1-768x424.png 768w\" sizes=\"(max-width: 1189px) 100vw, 1189px\" \/><\/figure>\n\n\n\n<h3 class=\"wp-block-heading\">Uzupe\u0142nione informacje<\/h3>\n\n\n\n<p>Coraz cz\u0119\u015bciej wchodzimy na fanpage na Facebooku, \u017ceby sprawdzi\u0107, czy dana firma jest obecnie otwarta, jaki jej nr telefonu itp. <strong>Facebook niedawno rozbudowa\u0142 funkcj\u0119 o mo\u017cliwo\u015b\u0107&nbsp;linkowania do kana\u0142\u00f3w social media<\/strong> (nie tylko tych, kt\u00f3rych jest w\u0142a\u015bcicielem, czyli WhatsApp, Instagram). Ca\u0142kiem przydatna opcja, z kt\u00f3rej na pewno warto skorzysta\u0107.<\/p>\n\n\n\n<figure class=\"wp-block-image size-full\"><img decoding=\"async\" width=\"599\" height=\"888\" src=\"https:\/\/sprawnymarketing.pl\/wp-content\/uploads\/2021\/09\/rys.7.png\" alt=\"facebook informacje o stronie\" class=\"wp-image-42631\" srcset=\"https:\/\/sprawnymarketing.pl\/wp-content\/uploads\/2021\/09\/rys.7.png 599w, https:\/\/sprawnymarketing.pl\/wp-content\/uploads\/2021\/09\/rys.7-300x445.png 300w, https:\/\/sprawnymarketing.pl\/wp-content\/uploads\/2021\/09\/rys.7-530x786.png 530w\" sizes=\"(max-width: 599px) 100vw, 599px\" \/><\/figure>\n\n\n\n<h3 class=\"wp-block-heading\">Szablon strony<\/h3>\n\n\n\n<p>Mamy mo\u017cliwo\u015b\u0107&nbsp;delikatnie wp\u0142yn\u0105\u0107 na wygl\u0105d naszego fanpage, jego funkcjonalno\u015b\u0107&nbsp;i roz\u0142o\u017cenie poszczeg\u00f3lnych element\u00f3w. Przechodz\u0105c do ustawie\u0144 strony, a nast\u0119pnie wchodz\u0105c<strong> w sekcj\u0119 \u201eSzablony i karty\u201d, <\/strong>mo\u017cemy wybra\u0107 szablon strony na Facebooku, a dzi\u0119ki temu &#8211; interesuj\u0105cy nas wygl\u0105d.<\/p>\n\n\n\n<p>Je\u017celi tak jak sprawny.marketing generujesz sporo tre\u015bci wideo,<strong> mo\u017cesz wybra\u0107 szablon \u201estrona z filmami\u201d.<\/strong> Wtedy po przej\u015bciu na fanpage pierwsze, co zobacz\u0105 Twoi odbiorcy, to przewijany slider z materia\u0142ami wideo. Dost\u0119pnych jest a\u017c 10 propozycji, dlatego na pewno znajdziesz co\u015b dla siebie. \ud83d\ude0a<\/p>\n\n\n\n<figure class=\"wp-block-image size-full\"><img decoding=\"async\" width=\"752\" height=\"812\" src=\"https:\/\/sprawnymarketing.pl\/wp-content\/uploads\/2021\/09\/8-1.png\" alt=\"szablon strony na facebooku\" class=\"wp-image-42653\" srcset=\"https:\/\/sprawnymarketing.pl\/wp-content\/uploads\/2021\/09\/8-1.png 752w, https:\/\/sprawnymarketing.pl\/wp-content\/uploads\/2021\/09\/8-1-300x324.png 300w, https:\/\/sprawnymarketing.pl\/wp-content\/uploads\/2021\/09\/8-1-530x572.png 530w\" sizes=\"(max-width: 752px) 100vw, 752px\" \/><\/figure>\n\n\n\n<h3 class=\"wp-block-heading\">Zak\u0142adki na Facebooku<\/h3>\n\n\n\n<p>Poza standardowymi zak\u0142adkami, takimi jak np. \u201eZdj\u0119cia\u201d \u201eSpo\u0142eczno\u015b\u0107\u201d, \u201eFilmy\u201d, mo\u017cesz przygotowa\u0107 dedykowane karty.<\/p>\n\n\n\n<p>Co powiesz na umieszczenie bezpo\u015brednio tablicy Instagrama b\u0105d\u017a te\u017c listy sklep\u00f3w offline? Z pomoc\u0105 przychodzi np. narz\u0119dzie woobox.com.<\/p>\n\n\n\n<figure class=\"wp-block-image size-full\"><img decoding=\"async\" width=\"932\" height=\"533\" src=\"https:\/\/sprawnymarketing.pl\/wp-content\/uploads\/2021\/09\/rys.9.png\" alt=\"zak\u0142adki na facebooku\" class=\"wp-image-42633\" srcset=\"https:\/\/sprawnymarketing.pl\/wp-content\/uploads\/2021\/09\/rys.9.png 932w, https:\/\/sprawnymarketing.pl\/wp-content\/uploads\/2021\/09\/rys.9-300x172.png 300w, https:\/\/sprawnymarketing.pl\/wp-content\/uploads\/2021\/09\/rys.9-530x303.png 530w, https:\/\/sprawnymarketing.pl\/wp-content\/uploads\/2021\/09\/rys.9-768x439.png 768w\" sizes=\"(max-width: 932px) 100vw, 932px\" \/><\/figure>\n\n\n\n<h3 class=\"wp-block-heading\">Miniatury na stronie www<\/h3>\n\n\n\n<p>Punktem dodatkowym, ale r\u00f3wnie istotnym, na kt\u00f3ry nale\u017cy zwr\u00f3ci\u0107 uwag\u0119, s\u0105 miniatury social medi\u00f3w umieszczone na stronie.<\/p>\n\n\n\n<p><strong>Pami\u0119taj, \u017ceby by\u0142y w widocznym miejscu:<\/strong><\/p>\n\n\n\n<ul><li>na g\u00f3rze lub dole strony,<\/li><li>aktywne (przekierowuj\u0105ce w odpowiednie miejsca),<\/li><li>responsywne.<\/li><\/ul>\n\n\n\n<figure class=\"wp-block-image size-full\"><img decoding=\"async\" width=\"453\" height=\"83\" src=\"https:\/\/sprawnymarketing.pl\/wp-content\/uploads\/2021\/09\/9b.png\" alt=\"miniatury social medi\u00f3w na stronie www\" class=\"wp-image-42655\" srcset=\"https:\/\/sprawnymarketing.pl\/wp-content\/uploads\/2021\/09\/9b.png 453w, https:\/\/sprawnymarketing.pl\/wp-content\/uploads\/2021\/09\/9b-300x55.png 300w\" sizes=\"(max-width: 453px) 100vw, 453px\" \/><\/figure>\n\n\n\n<h2 class=\"wp-block-heading\">5. Analiza contentu<\/h2>\n\n\n\n<p>Poza standardowymi metrykami, kt\u00f3re mo\u017cesz wyci\u0105gn\u0105\u0107 ze Facebookowych statystyk strony, mo\u017cesz wyeksportowa\u0107 szczeg\u00f3\u0142owe dane do Excela:<\/p>\n\n\n\n<figure class=\"wp-block-image size-full\"><img decoding=\"async\" width=\"983\" height=\"523\" src=\"https:\/\/sprawnymarketing.pl\/wp-content\/uploads\/2021\/09\/rys.-12.png\" alt=\"statystyki strony\" class=\"wp-image-42622\" srcset=\"https:\/\/sprawnymarketing.pl\/wp-content\/uploads\/2021\/09\/rys.-12.png 983w, https:\/\/sprawnymarketing.pl\/wp-content\/uploads\/2021\/09\/rys.-12-300x160.png 300w, https:\/\/sprawnymarketing.pl\/wp-content\/uploads\/2021\/09\/rys.-12-530x282.png 530w, https:\/\/sprawnymarketing.pl\/wp-content\/uploads\/2021\/09\/rys.-12-768x409.png 768w\" sizes=\"(max-width: 983px) 100vw, 983px\" \/><\/figure>\n\n\n\n<p>Masz do wyboru podzia\u0142&nbsp;na 3 typy danych:<\/p>\n\n\n\n<figure class=\"wp-block-image size-full\"><img decoding=\"async\" width=\"622\" height=\"363\" src=\"https:\/\/sprawnymarketing.pl\/wp-content\/uploads\/2021\/09\/11-1.png\" alt=\"eksport statystyk z fb\" class=\"wp-image-42658\" srcset=\"https:\/\/sprawnymarketing.pl\/wp-content\/uploads\/2021\/09\/11-1.png 622w, https:\/\/sprawnymarketing.pl\/wp-content\/uploads\/2021\/09\/11-1-300x175.png 300w, https:\/\/sprawnymarketing.pl\/wp-content\/uploads\/2021\/09\/11-1-530x309.png 530w\" sizes=\"(max-width: 622px) 100vw, 622px\" \/><\/figure>\n\n\n\n<p>Po pobraniu i otworzeniu plik prezentuje si\u0119 w nast\u0119puj\u0105cy spos\u00f3b:<\/p>\n\n\n\n<figure class=\"wp-block-image size-full\"><img decoding=\"async\" width=\"1118\" height=\"374\" src=\"https:\/\/sprawnymarketing.pl\/wp-content\/uploads\/2021\/09\/12-1.png\" alt=\"facebook statystyki\" class=\"wp-image-42659\" srcset=\"https:\/\/sprawnymarketing.pl\/wp-content\/uploads\/2021\/09\/12-1.png 1118w, https:\/\/sprawnymarketing.pl\/wp-content\/uploads\/2021\/09\/12-1-300x100.png 300w, https:\/\/sprawnymarketing.pl\/wp-content\/uploads\/2021\/09\/12-1-530x177.png 530w, https:\/\/sprawnymarketing.pl\/wp-content\/uploads\/2021\/09\/12-1-768x257.png 768w\" sizes=\"(max-width: 1118px) 100vw, 1118px\" \/><\/figure>\n\n\n\n<h3 class=\"wp-block-heading\">Typ danych \u2013 dane strony:<\/h3>\n\n\n\n<ul><li>najwa\u017cniejsze wska\u017aniki dotycz\u0105ce zaanga\u017cowania, \u017ar\u00f3de\u0142 polubie\u0144 i grup odbior\u00f3w,<\/li><li>z podzia\u0142em na dzie\u0144,<\/li><li>posiada metryki dzienne, tygodniowe i 28-dniowe,<\/li><li>* z ciekawostek dowiemy si\u0119 m. in., sk\u0105d pochodz\u0105 polubienia strony (np. page_invite_pending_invite_screen_accept_invite, feed_story, ads).<\/li><\/ul>\n\n\n\n<h3 class=\"wp-block-heading\">Typ danych \u2013 dane dotycz\u0105ce post\u00f3w:<\/h3>\n\n\n\n<ul><li>najwa\u017cniejsze wska\u017aniki post\u00f3w dotycz\u0105ce zasi\u0119gu, wy\u015bwietle\u0144 i reakcji,<\/li><li>z podzia\u0142em na post,<\/li><li>* z ciekawostek dowiemy si\u0119 m. in. o liczbie klikni\u0119\u0107 zdj\u0119cia (w celu powi\u0119kszenia \u2013 przydatne, gdy opublikujemy post rozwijany),<\/li><li>&nbsp;* negatywny feedback \u2013 ukrycia posta.<\/li><\/ul>\n\n\n\n<h3 class=\"wp-block-heading\">Typ danych \u2013 dane dotycz\u0105ce film\u00f3w:<\/h3>\n\n\n\n<ul><li>z podzia\u0142em na post (materia\u0142 wideo),<\/li><li>* z ciekawostek dowiemy si\u0119 m. in. o liczbie klikni\u0119\u0107 w celu odtworzenia filmu i wy\u015bwietlenia go przez 30 sekund lub do ko\u0144ca,<\/li><li>odtworzenia z d\u017awi\u0119kiem lub bez.<\/li><\/ul>\n\n\n\n<p>Ten ogrom informacji mo\u017ce przyprawi\u0107 o zawr\u00f3t g\u0142owy, dlatego bardzo wa\u017cna jest odpowiednia segmentacja danych i wyci\u0105gni\u0119cie interesuj\u0105cych Ci\u0119 wniosk\u00f3w. <strong>Mo\u017cesz odpowiedzie\u0107 na interesuj\u0105ce Ci\u0119 pytania, np.:<\/strong><\/p>\n\n\n\n<ol><li>Kt\u00f3ry dzie\u0144 tygodnia zbiera najwi\u0119kszy zasi\u0119g?<\/li><li>Czy dodawanie # w tre\u015bci post\u00f3w polepszy\u0142o jego jako\u015b\u0107?<\/li><li>Czy fani lepiej reaguj\u0105 wieczorem, czy o poranku?<\/li><li>Jaki rodzaj posta wywo\u0142uje wi\u0119cej interakcji?<\/li><li>Czy d\u0142ugo\u015b\u0107 copy ma znaczenie?<\/li><li>Czy zwi\u0119kszenie cz\u0119stotliwo\u015bci publikowania wp\u0142yn\u0119\u0142o pozytywnie na \u015bredni zasi\u0119g per post w uj\u0119ciu miesi\u0119cznym?<\/li><\/ol>\n\n\n\n<p>Wyci\u0105ganie przydatnych wniosk\u00f3w pozwoli Ci tworzy\u0107 bardziej przemy\u015blane harmonogramy publikacji, a co za tym idzie \u2013 utrzymywa\u0107 a nawet zwi\u0119ksza\u0107 jako\u015b\u0107&nbsp;Twoich post\u00f3w.&nbsp;&nbsp;<\/p>\n\n\n\n<figure class=\"wp-block-image size-full\"><img decoding=\"async\" width=\"2726\" height=\"1648\" src=\"https:\/\/sprawnymarketing.pl\/wp-content\/uploads\/2021\/09\/13-1.png\" alt=\"harmonogram post\u00f3w\" class=\"wp-image-42660\" srcset=\"https:\/\/sprawnymarketing.pl\/wp-content\/uploads\/2021\/09\/13-1.png 2726w, https:\/\/sprawnymarketing.pl\/wp-content\/uploads\/2021\/09\/13-1-300x181.png 300w, https:\/\/sprawnymarketing.pl\/wp-content\/uploads\/2021\/09\/13-1-530x320.png 530w, https:\/\/sprawnymarketing.pl\/wp-content\/uploads\/2021\/09\/13-1-768x464.png 768w, https:\/\/sprawnymarketing.pl\/wp-content\/uploads\/2021\/09\/13-1-1536x929.png 1536w, https:\/\/sprawnymarketing.pl\/wp-content\/uploads\/2021\/09\/13-1-2048x1238.png 2048w\" sizes=\"(max-width: 2726px) 100vw, 2726px\" \/><figcaption> Przyk\u0142ad harmonogramu post\u00f3w u jednego z klient\u00f3w maxroy.agency<\/figcaption><\/figure>\n\n\n\n<h2 class=\"wp-block-heading\">6. Analiza konta reklamowego na Facebooku<\/h2>\n\n\n\n<p>Kolejnym krokiem audytu Facebooka, kt\u00f3ry nale\u017cy wykona\u0107, jest analiza konta reklamowego. Na tym etapie warto zwr\u00f3ci\u0107 uwag\u0119 na kilka element\u00f3w.<\/p>\n\n\n\n<h3 class=\"wp-block-heading\">Weryfikacja pixela Facebooka \/ api konwersji (*katalogu produkt\u00f3w)<\/h3>\n\n\n\n<p>Sprawdzenie event\u00f3w oraz aktywno\u015bci pixela <strong>przy pomocy wtyczki Facebook Pixel Helper<\/strong> oraz mened\u017cera zdarze\u0144. W przypadku gdy prowadzisz e-commerce i posiadasz katalog produkt\u00f3w, sprawd\u017a, czy jest odpowiednio po\u0142\u0105czony z pixelem, a tak\u017ce stopie\u0144 dopasowania produkt\u00f3w oraz ich jako\u015b\u0107 wy\u015bwietlania.<\/p>\n\n\n\n<h3 class=\"wp-block-heading\">Sprawdzenie niestandardowych grup odbiorc\u00f3w<\/h3>\n\n\n\n<p>Prowadz\u0105c konta reklamowe, cz\u0119sto korzystamy z grup niestandardowych odbiorc\u00f3w (<a href=\"https:\/\/sprawnymarketing.pl\/blog\/jak-targetowac-reklamy-na-facebooku\/\">targetowanie <\/a>oparte o remarketing oraz look-a-like). Sprawdzajmy co jaki\u015b czas, czy grupy \u017ar\u00f3d\u0142owe s\u0105 nadal gotowe do wykorzystania. Mo\u017cliwe, \u017ce niekt\u00f3re z nich wygas\u0142y b\u0105d\u017a zbieraj\u0105 b\u0142\u0119dne dane, co odbija si\u0119 negatywnie na wynikach.<\/p>\n\n\n\n<figure class=\"wp-block-image size-full\"><img decoding=\"async\" width=\"928\" height=\"571\" src=\"https:\/\/sprawnymarketing.pl\/wp-content\/uploads\/2021\/09\/14.png\" alt=\"look a like\" class=\"wp-image-42661\" srcset=\"https:\/\/sprawnymarketing.pl\/wp-content\/uploads\/2021\/09\/14.png 928w, https:\/\/sprawnymarketing.pl\/wp-content\/uploads\/2021\/09\/14-300x185.png 300w, https:\/\/sprawnymarketing.pl\/wp-content\/uploads\/2021\/09\/14-530x326.png 530w, https:\/\/sprawnymarketing.pl\/wp-content\/uploads\/2021\/09\/14-768x473.png 768w\" sizes=\"(max-width: 928px) 100vw, 928px\" \/><\/figure>\n\n\n\n<h3 class=\"wp-block-heading\">Weryfikacja domeny<\/h3>\n\n\n\n<p>Jeszcze niedawno dzia\u0142anie opcjonalne, teraz wym\u00f3g. Je\u017celi chcesz poprawnie zbiera\u0107 dane, musisz zweryfikowa\u0107 swoj\u0105 domen\u0119 w Business Managerze.<\/p>\n\n\n\n<h3 class=\"wp-block-heading\">Podzia\u0142 na zastosowane cele reklamowe<\/h3>\n\n\n\n<p>Przechodz\u0105c do audytu konta reklamowego, kt\u00f3ry ma bogat\u0105 histori\u0119, nale\u017cy na samym pocz\u0105tku posegregowa\u0107&nbsp;typy reklam na u\u017cyte cele. Do tego pos\u0142u\u017cy funkcja \u201eszukaj\u201d.<\/p>\n\n\n\n<figure class=\"wp-block-image size-full\"><img decoding=\"async\" width=\"526\" height=\"330\" src=\"https:\/\/sprawnymarketing.pl\/wp-content\/uploads\/2021\/09\/15.png\" alt=\"cele reklamowe na facebooku\" class=\"wp-image-42662\" srcset=\"https:\/\/sprawnymarketing.pl\/wp-content\/uploads\/2021\/09\/15.png 526w, https:\/\/sprawnymarketing.pl\/wp-content\/uploads\/2021\/09\/15-300x188.png 300w\" sizes=\"(max-width: 526px) 100vw, 526px\" \/><\/figure>\n\n\n\n<figure class=\"wp-block-image size-full\"><img decoding=\"async\" width=\"283\" height=\"377\" src=\"https:\/\/sprawnymarketing.pl\/wp-content\/uploads\/2021\/09\/16.png\" alt=\"cele reklamowe\" class=\"wp-image-42663\"\/><\/figure>\n\n\n\n<p>Dzi\u0119ki tej opcji mo\u017cesz skupi\u0107&nbsp;si\u0119 na analizie poszczeg\u00f3lnych wynik\u00f3w z jednego typu kampanii \u2013 posegmentowa\u0107 kolumny na koszt \/ wynik lub dostosowa\u0107 metryki wed\u0142ug w\u0142asnych potrzeb.<\/p>\n\n\n<div id=\"text-block_615443e98e328\" class=\"frame-border frame-border--advice\" >\n            <p class=\"title-tertiary frame-border__light d-block\">PORADA<\/p>\n        <p>\u015awiadomie dobieraj wska\u017aniki do przyj\u0119tego celu. W kampaniach zasi\u0119gowych kluczowe b\u0119dzie CPM, koszt za 1000 odbior\u00f3w, cz\u0119stotliwo\u015b\u0107. W kampaniach z celem na ruch \u2013 CPC, wy\u015bwietlenia strony docelowej, CTR itd.<\/p>\n<\/div>\n\n\n<h3 class=\"wp-block-heading\">Analiza zestaw\u00f3w reklam<\/h3>\n\n\n\n<p>W drugim etapie analizy zajmujemy si\u0119 zestawami reklam. W tym celu bardzo przydatna b\u0119dzie <strong>opcja podzia\u0142u, kt\u00f3ra pozwoli Ci rozbi\u0107 Twoje kampanie i dok\u0142adnie je przeanalizowa\u0107.<\/strong> Dost\u0119pnych jest wiele mo\u017cliwo\u015bci. Gdy wybierasz wy\u015bwietlanie reklam w wielu miejscach, przydatna b\u0119dzie funkcja \u201eumiejscowienia i urz\u0105dzenia\u201d, kt\u00f3ra dok\u0142adnie poka\u017ce Ci podzia\u0142, wyniki i wydan\u0105 kwot\u0119 na ka\u017cde z nich.<\/p>\n\n\n\n<p><strong>Nie zapomnij upewni\u0107 si\u0119, czy grupy odbior\u00f3w nie nak\u0142adaj\u0105 si\u0119 na siebie.<\/strong> Nie chcesz przecie\u017c konkurowa\u0107 z samym sob\u0105. \ud83d\ude09Sprawd\u017a demografi\u0119 i geografi\u0119 u\u017cytkownik\u00f3w. Mo\u017ce jaka\u015b grupa wiekowa specjalnie si\u0119 odznacza i warto j\u0105 wyodr\u0119bni\u0107?<\/p>\n\n\n\n<p><strong>Nie przeocz te\u017c optymalizacji i atrybucji<\/strong>. Ustawi\u0142e\u015b bardzo zbli\u017cone do siebie reklamy, a wyniki s\u0105 mocno si\u0119 od siebie r\u00f3\u017cni\u0105? Mo\u017ce to jedynie kwestia ustawienia okna atrybucji (1-dniowe vs. 7-dniowe). Nale\u017cy by\u0107 czujnym!<\/p>\n\n\n\n<h3 class=\"wp-block-heading\">Kreacje reklamowe<\/h3>\n\n\n\n<p>Przede wszystkim nale\u017cy sprawdzi\u0107 dostosowanie kreacji do umiejscowienia. Mowa tu nie tylko o kszta\u0142cie (stories vs. feed), ale r\u00f3wnie\u017c czytelno\u015bci grafiki (prawa kolumna vs. aktualno\u015bci).<\/p>\n\n\n<p id=\"text-block_615444638e329\" class=\"text-frame\">\n    Nawet najlepsze targetowanie mo\u017ce nie przynie\u015b\u0107\u00a0zamierzonego efektu, je\u017celi kreacja nie jest wystarczaj\u0105co atrakcyjna.\u00a0<\/p>\n\n\n<p>Z pomoc\u0105 mog\u0105 przyj\u015b\u0107 np. rankingi (jako\u015bci, wska\u017anika aktywno\u015bci i wsp\u00f3\u0142czynnika konwersji), kt\u00f3re informuj\u0105 nas, jak wypadamy na tle konkurencji. Oczywi\u015bcie nie s\u0105 one g\u0142\u00f3wnym wyznacznikiem, ale stanowi\u0105&nbsp;punkt odniesienia.<\/p>\n\n\n\n<p>Je\u017celi korzystasz z wielu grafik w jednej kreacji (<a href=\"https:\/\/sprawnymarketing.pl\/blog\/7-zasad-jak-stworzyc-reklame-dynamiczna-na-facebooku\/\">materia\u0142 dynamiczny <\/a>lub reklama karuzelowa), sprawd\u017a, kt\u00f3ra klika si\u0119 najlepiej (wsp\u00f3\u0142czynnik CTR). Na tym etapie nie zapomnij zweryfikowa\u0107 po\u0142\u0105czenia z pixelem \/ domen\u0105 oraz dodania tag\u00f3w UTM.<\/p>\n\n\n\n<h3 class=\"wp-block-heading\">Dane z Ads Manager vs Google Analytcis<\/h3>\n\n\n\n<p>Je\u017celi dane z <a href=\"https:\/\/sprawnymarketing.pl\/blog\/6-spostrzezen-facebook-ads\/\">Facebook Ads Managera<\/a> s\u0105 dla Ciebie niewystarczaj\u0105ce, b\u0105d\u017a wolisz sprawdzi\u0107, jak wypada to w narz\u0119dziach Google, kampanie mo\u017cna analizowa\u0107 przy pomocy Google Analytics.<\/p>\n\n\n\n<p>Dzi\u0119ki sekcji: Pozyskiwanie -&gt; ca\u0142y ruch -&gt; \u0179r\u00f3d\u0142o \/ medium i wpisaniu wymiaru dodatkowego \u201efacebook\u201d, <strong>otrzymasz informacje o ruchu wygenerowanego z tego kana\u0142u. <\/strong>Wykorzystuj\u0105c tagi UTM oraz odpowiednie sortowanie, otrzymasz wyniki z poszczeg\u00f3lnych dzia\u0142a\u0144 p\u0142atnych lub organicznych.<\/p>\n\n\n\n<p>Je\u017celi posiadasz sklep internetowy i masz odpowiednio skonfigurowany modu\u0142 e-commerce, mo\u017cliwa jest te\u017c analiza z tego poziomu. Dzi\u0119ki utworzonym segmentom dok\u0142adnie sprawd\u017a przychody z ka\u017cdego kana\u0142u.<\/p>\n\n\n\n<figure class=\"wp-block-image size-full\"><img decoding=\"async\" width=\"2280\" height=\"1224\" src=\"https:\/\/sprawnymarketing.pl\/wp-content\/uploads\/2021\/09\/17.png\" alt=\"e-commerce google analytics\" class=\"wp-image-42664\" srcset=\"https:\/\/sprawnymarketing.pl\/wp-content\/uploads\/2021\/09\/17.png 2280w, https:\/\/sprawnymarketing.pl\/wp-content\/uploads\/2021\/09\/17-300x161.png 300w, https:\/\/sprawnymarketing.pl\/wp-content\/uploads\/2021\/09\/17-530x285.png 530w, https:\/\/sprawnymarketing.pl\/wp-content\/uploads\/2021\/09\/17-768x412.png 768w, https:\/\/sprawnymarketing.pl\/wp-content\/uploads\/2021\/09\/17-1536x825.png 1536w, https:\/\/sprawnymarketing.pl\/wp-content\/uploads\/2021\/09\/17-2048x1099.png 2048w\" sizes=\"(max-width: 2280px) 100vw, 2280px\" \/><\/figure>\n\n\n\n<p>B\u0119d\u0105c przy tym narz\u0119dziu nale\u017cy wspomnie\u0107 jeszcze o sekcji \u015bcie\u017cki wielokana\u0142owe -&gt; konwersje wspomagane. Nie samym last clickiem cz\u0142owiek \u017cyje.<\/p>\n\n\n\n<h2 class=\"wp-block-heading\">7. Analiza konkurencji <\/h2>\n\n\n\n<p>Parafrazuj\u0105c s\u0142owa Mario Puzo z \u201eOjca Chrzestnego\u201d: Przyjaci\u00f3\u0142 trzymaj blisko, ale jeszcze bli\u017cej trzymaj swoich konkurent\u00f3w! Dlatego w ramach audytu Facebooka warto co jaki\u015b czas sprawdza\u0107, jak wypadasz na tle innych firm ze swojej bran\u017cy. Pomocne b\u0119dzie przygotowanie tabeli por\u00f3wnawczej sk\u0142adaj\u0105cej si\u0119 z 4 g\u0142\u00f3wnych element\u00f3w:<\/p>\n\n\n\n<h3 class=\"wp-block-heading\"><strong>Budowy profilu<\/strong><\/h3>\n\n\n\n<p>Przedstawiona w formie opisowej, w sk\u0142ad kt\u00f3rej wchodz\u0105 takie dane, jak:<\/p>\n\n\n\n<ul><li>avatar,<\/li><li>zdj\u0119cie w tle,<\/li><li>CTA zdj\u0119cia w tle,<\/li><li>uzupe\u0142nione informacje,<\/li><li>zak\u0142adki dodatkowe,<\/li><li>recenzje.<\/li><\/ul>\n\n\n\n<h3 class=\"wp-block-heading\"><strong>Aktywno\u015bci<\/strong><\/h3>\n\n\n\n<p>Przedstawiona w formie liczbowej, w sk\u0142ad kt\u00f3rej wchodz\u0105 takie dane, jak:<\/p>\n\n\n\n<ul><li>liczba fan\u00f3w,<\/li><li>data powstania strony na Facebooku,<\/li><li>posty*,<\/li><li>udost\u0119pnienia*,<\/li><li>udost\u0119pnienia \/ post*,<\/li><li>komentarze*,<\/li><li>komentarze \/ post*,<\/li><li>reakcje*,<\/li><li>reakcje \/ post*.<\/li><\/ul>\n\n\n\n<p>Przyk\u0142ad:<\/p>\n\n\n\n<figure class=\"wp-block-image size-full\"><img decoding=\"async\" width=\"823\" height=\"391\" src=\"https:\/\/sprawnymarketing.pl\/wp-content\/uploads\/2021\/09\/18.png\" alt=\"\" class=\"wp-image-42665\" srcset=\"https:\/\/sprawnymarketing.pl\/wp-content\/uploads\/2021\/09\/18.png 823w, https:\/\/sprawnymarketing.pl\/wp-content\/uploads\/2021\/09\/18-300x143.png 300w, https:\/\/sprawnymarketing.pl\/wp-content\/uploads\/2021\/09\/18-530x252.png 530w, https:\/\/sprawnymarketing.pl\/wp-content\/uploads\/2021\/09\/18-768x365.png 768w\" sizes=\"(max-width: 823px) 100vw, 823px\" \/><\/figure>\n\n\n\n<h3 class=\"wp-block-heading\">Postowanie<\/h3>\n\n\n\n<p>Przedstawiona w formie opisowo-liczbowej, w sk\u0142ad kt\u00f3rej wchodz\u0105 takie dane, jak:<\/p>\n\n\n\n<ul><li>\u015brednia d\u0142ugo\u015b\u0107 posta (s\u0142owa)*,<\/li><li>najcz\u0119stszy dzie\u0144*,<\/li><li>najcz\u0119stsza pora*,<\/li><li>charakter komunikacji,<\/li><li>typy post\u00f3w,<\/li><li>najlepsze posty (wi\u0119kszo\u015b\u0107 prawdopodobnie by\u0142a dodatkowo sponsorowana) *,<\/li><li>moderacja.<\/li><\/ul>\n\n\n\n<h3 class=\"wp-block-heading\">Reklamy<\/h3>\n\n\n\n<p>Przedstawiona w formie opisowo-liczbowej przy pomocy biblioteki reklam, w sk\u0142ad kt\u00f3rej wchodz\u0105 takie dane, jak:<\/p>\n\n\n\n<ul><li>w\u0142\u0105czone reklamy na Facebooku,<\/li><li>pixel Facebooka (bazujemy na danych z Facebook Pixel Helper),<\/li><li>liczba aktywnych reklam,<\/li><li>formaty,<\/li><li>tematyka,<\/li><li>estymacja cel\u00f3w reklamowych.<\/li><\/ul>\n\n\n\n<p>Powy\u017csza analiza jasno wskazuje miejsce, jakie zajmujemy na tle konkurencji. Pozwoli Ci wy\u0142oni\u0107 g\u0142\u00f3wne cele komunikacji, cz\u0119stotliwo\u015b\u0107 \/ jako\u015b\u0107 postowania oraz stopie\u0144 zaawansowania w reklamach p\u0142atnych.<\/p>\n\n\n\n<p>Tak oto dobrn\u0119li\u015bmy do ko\u0144ca przyk\u0142adowego schematu tworzenia audytu Facebooka. Mam nadziej\u0119, \u017ce wyci\u0105gn\u0105\u0142e\u015b co\u015b dla siebie. Je\u017celi tak, b\u0119dzie mi bardzo mi\u0142o, gdy udost\u0119pnisz b\u0105d\u017a skomentujesz ten wpis w swoich mediach spo\u0142eczno\u015bciowych. \ud83d\ude0a<\/p>\n\n\n\n<p>A je\u015bli uznasz, \u017ce audyt Facebooka to za du\u017co pracy lub jeste\u015b zainteresowany wykonaniem pog\u0142\u0119bionego audytu przez nasz\u0105 agencj\u0119, zapraszam do <a href=\"https:\/\/maxroy.agency\/social-media\/\">zapoznania si\u0119 z ofert\u0105.<\/a><\/p>\n","protected":false},"excerpt":{"rendered":"<p>Chyba wszyscy jeste\u015bmy zgodni, \u017ce ma\u0142o co zmienia si\u0119 w internecie tak dynamicznie jak social media. Udost\u0119pniasz tre\u015bci w mediach spo\u0142eczno\u015bciowych lub te\u017c zlecasz dzia\u0142ania osobom trzecim i z w\u0105tpliwo\u015bciami przygl\u0105dasz si\u0119 efektom? W\u0142\u0105czy\u0142e\u015b kolejn\u0105 reklam\u0119 p\u0142atn\u0105, a wyniki nie spe\u0142niaj\u0105 Twoich oczekiwa\u0144? Uwa\u017casz, \u017ce wypadasz blado na tle konkurencji? Nie wyci\u0105gasz wniosk\u00f3w z w\u0142asnych [&hellip;]<\/p>\n","protected":false},"author":241,"featured_media":0,"comment_status":"open","ping_status":"closed","sticky":false,"template":"","format":"standard","meta":{"_acf_changed":false,"footnotes":""},"categories":[792,1149],"tags":[],"coauthors":[3370],"acf":[],"yoast_head":"<!-- This site is optimized with the Yoast SEO Premium plugin v24.1 (Yoast SEO v24.4) - https:\/\/yoast.com\/wordpress\/plugins\/seo\/ -->\n<title>Audyt Facebooka \u2013 jak i dlaczego warto go przeprowadzi\u0107?<\/title>\n<meta name=\"description\" content=\"Twoje reklamy i tre\u015bci w social mediach nie dzia\u0142aj\u0105? Zr\u00f3b audyt Facebooka! Przeczytaj poradnik i dowiedz si\u0119, jak wykona\u0107 go samodzielnie.\" \/>\n<meta name=\"robots\" content=\"index, follow, max-snippet:-1, max-image-preview:large, max-video-preview:-1\" \/>\n<link rel=\"canonical\" href=\"https:\/\/sprawnymarketing.pl\/blog\/audyt-facebooka-jak-i-dlaczego-warto-go-przeprowadzic\/\" \/>\n<meta property=\"og:locale\" content=\"pl_PL\" \/>\n<meta property=\"og:type\" content=\"article\" \/>\n<meta property=\"og:title\" content=\"Audyt Facebooka \u2013 jak i dlaczego warto go przeprowadzi\u0107?\" \/>\n<meta property=\"og:description\" content=\"Twoje reklamy i tre\u015bci w social mediach nie dzia\u0142aj\u0105? Zr\u00f3b audyt Facebooka! Przeczytaj poradnik i dowiedz si\u0119, jak wykona\u0107 go samodzielnie.\" \/>\n<meta property=\"og:url\" content=\"https:\/\/sprawnymarketing.pl\/blog\/audyt-facebooka-jak-i-dlaczego-warto-go-przeprowadzic\/\" \/>\n<meta property=\"og:site_name\" content=\"sprawny.marketing \u2022 Szkolenia \u2022 Konferencje \u2022 Magazyn\" \/>\n<meta property=\"article:publisher\" content=\"https:\/\/www.facebook.com\/SprawnyMarketing\/\" \/>\n<meta property=\"article:published_time\" content=\"2021-09-29T13:23:32+00:00\" \/>\n<meta property=\"article:modified_time\" content=\"2021-09-29T13:23:34+00:00\" \/>\n<meta property=\"og:image\" content=\"https:\/\/sprawnymarketing.pl\/wp-content\/uploads\/2021\/09\/1-1.png\" \/>\n<meta name=\"author\" content=\"Szymon Florczak\" \/>\n<meta name=\"twitter:card\" content=\"summary_large_image\" \/>\n<meta name=\"twitter:label1\" content=\"Napisane przez\" \/>\n\t<meta name=\"twitter:data1\" content=\"Szymon Florczak\" \/>\n\t<meta name=\"twitter:label2\" content=\"Szacowany czas czytania\" \/>\n\t<meta name=\"twitter:data2\" content=\"12 minut\" \/>\n\t<meta name=\"twitter:label3\" content=\"Written by\" \/>\n\t<meta name=\"twitter:data3\" content=\"Szymon Florczak\" \/>\n<!-- \/ Yoast SEO Premium plugin. -->","yoast_head_json":{"title":"Audyt Facebooka \u2013 jak i dlaczego warto go przeprowadzi\u0107?","description":"Twoje reklamy i tre\u015bci w social mediach nie dzia\u0142aj\u0105? Zr\u00f3b audyt Facebooka! Przeczytaj poradnik i dowiedz si\u0119, jak wykona\u0107 go samodzielnie.","robots":{"index":"index","follow":"follow","max-snippet":"max-snippet:-1","max-image-preview":"max-image-preview:large","max-video-preview":"max-video-preview:-1"},"canonical":"https:\/\/sprawnymarketing.pl\/blog\/audyt-facebooka-jak-i-dlaczego-warto-go-przeprowadzic\/","og_locale":"pl_PL","og_type":"article","og_title":"Audyt Facebooka \u2013 jak i dlaczego warto go przeprowadzi\u0107?","og_description":"Twoje reklamy i tre\u015bci w social mediach nie dzia\u0142aj\u0105? Zr\u00f3b audyt Facebooka! Przeczytaj poradnik i dowiedz si\u0119, jak wykona\u0107 go samodzielnie.","og_url":"https:\/\/sprawnymarketing.pl\/blog\/audyt-facebooka-jak-i-dlaczego-warto-go-przeprowadzic\/","og_site_name":"sprawny.marketing \u2022 Szkolenia \u2022 Konferencje \u2022 Magazyn","article_publisher":"https:\/\/www.facebook.com\/SprawnyMarketing\/","article_published_time":"2021-09-29T13:23:32+00:00","article_modified_time":"2021-09-29T13:23:34+00:00","og_image":[{"url":"https:\/\/sprawnymarketing.pl\/wp-content\/uploads\/2021\/09\/1-1.png","type":"","width":"","height":""}],"author":"Szymon Florczak","twitter_card":"summary_large_image","twitter_misc":{"Napisane przez":"Szymon Florczak","Szacowany czas czytania":"12 minut","Written by":"Szymon Florczak"},"schema":{"@context":"https:\/\/schema.org","@graph":[{"@type":"Article","@id":"https:\/\/sprawnymarketing.pl\/blog\/audyt-facebooka-jak-i-dlaczego-warto-go-przeprowadzic\/#article","isPartOf":{"@id":"https:\/\/sprawnymarketing.pl\/blog\/audyt-facebooka-jak-i-dlaczego-warto-go-przeprowadzic\/"},"author":{"name":"Szymon Florczak","@id":"https:\/\/sprawnymarketing.pl\/#\/schema\/person\/859792feaf2adeb2aa11bb4061da3f47"},"headline":"Audyt Facebooka \u2013 jak i dlaczego warto go przeprowadzi\u0107?","datePublished":"2021-09-29T13:23:32+00:00","dateModified":"2021-09-29T13:23:34+00:00","mainEntityOfPage":{"@id":"https:\/\/sprawnymarketing.pl\/blog\/audyt-facebooka-jak-i-dlaczego-warto-go-przeprowadzic\/"},"wordCount":2256,"commentCount":0,"publisher":{"@id":"https:\/\/sprawnymarketing.pl\/#organization"},"image":{"@id":"https:\/\/sprawnymarketing.pl\/blog\/audyt-facebooka-jak-i-dlaczego-warto-go-przeprowadzic\/#primaryimage"},"thumbnailUrl":"https:\/\/sprawnymarketing.pl\/wp-content\/uploads\/2021\/09\/1-1.png","articleSection":["Facebook","Social Media"],"inLanguage":"pl-PL","potentialAction":[{"@type":"CommentAction","name":"Comment","target":["https:\/\/sprawnymarketing.pl\/blog\/audyt-facebooka-jak-i-dlaczego-warto-go-przeprowadzic\/#respond"]}]},{"@type":"WebPage","@id":"https:\/\/sprawnymarketing.pl\/blog\/audyt-facebooka-jak-i-dlaczego-warto-go-przeprowadzic\/","url":"https:\/\/sprawnymarketing.pl\/blog\/audyt-facebooka-jak-i-dlaczego-warto-go-przeprowadzic\/","name":"Audyt Facebooka \u2013 jak i dlaczego warto go przeprowadzi\u0107?","isPartOf":{"@id":"https:\/\/sprawnymarketing.pl\/#website"},"primaryImageOfPage":{"@id":"https:\/\/sprawnymarketing.pl\/blog\/audyt-facebooka-jak-i-dlaczego-warto-go-przeprowadzic\/#primaryimage"},"image":{"@id":"https:\/\/sprawnymarketing.pl\/blog\/audyt-facebooka-jak-i-dlaczego-warto-go-przeprowadzic\/#primaryimage"},"thumbnailUrl":"https:\/\/sprawnymarketing.pl\/wp-content\/uploads\/2021\/09\/1-1.png","datePublished":"2021-09-29T13:23:32+00:00","dateModified":"2021-09-29T13:23:34+00:00","description":"Twoje reklamy i tre\u015bci w social mediach nie dzia\u0142aj\u0105? Zr\u00f3b audyt Facebooka! Przeczytaj poradnik i dowiedz si\u0119, jak wykona\u0107 go samodzielnie.","breadcrumb":{"@id":"https:\/\/sprawnymarketing.pl\/blog\/audyt-facebooka-jak-i-dlaczego-warto-go-przeprowadzic\/#breadcrumb"},"inLanguage":"pl-PL","potentialAction":[{"@type":"ReadAction","target":["https:\/\/sprawnymarketing.pl\/blog\/audyt-facebooka-jak-i-dlaczego-warto-go-przeprowadzic\/"]}]},{"@type":"ImageObject","inLanguage":"pl-PL","@id":"https:\/\/sprawnymarketing.pl\/blog\/audyt-facebooka-jak-i-dlaczego-warto-go-przeprowadzic\/#primaryimage","url":"https:\/\/sprawnymarketing.pl\/wp-content\/uploads\/2021\/09\/1-1.png","contentUrl":"https:\/\/sprawnymarketing.pl\/wp-content\/uploads\/2021\/09\/1-1.png","width":1095,"height":952,"caption":"grupa docelowa na Facebooku"},{"@type":"BreadcrumbList","@id":"https:\/\/sprawnymarketing.pl\/blog\/audyt-facebooka-jak-i-dlaczego-warto-go-przeprowadzic\/#breadcrumb","itemListElement":[{"@type":"ListItem","position":1,"name":"Strona g\u0142\u00f3wna","item":"https:\/\/sprawnymarketing.pl\/"},{"@type":"ListItem","position":2,"name":"Audyt Facebooka \u2013 jak i dlaczego warto go przeprowadzi\u0107?"}]},{"@type":"WebSite","@id":"https:\/\/sprawnymarketing.pl\/#website","url":"https:\/\/sprawnymarketing.pl\/","name":"sprawny.marketing \u2022 Szkolenia \u2022 Konferencje \u2022 Magazyn","description":"","publisher":{"@id":"https:\/\/sprawnymarketing.pl\/#organization"},"potentialAction":[{"@type":"SearchAction","target":{"@type":"EntryPoint","urlTemplate":"https:\/\/sprawnymarketing.pl\/?s={search_term_string}"},"query-input":{"@type":"PropertyValueSpecification","valueRequired":true,"valueName":"search_term_string"}}],"inLanguage":"pl-PL"},{"@type":"Organization","@id":"https:\/\/sprawnymarketing.pl\/#organization","name":"sprawny.marketing \u2022 Szkolenia \u2022 Konferencje \u2022 Magazyn","url":"https:\/\/sprawnymarketing.pl\/","logo":{"@type":"ImageObject","inLanguage":"pl-PL","@id":"https:\/\/sprawnymarketing.pl\/#\/schema\/logo\/image\/","url":"https:\/\/sprawnymarketing.pl\/wp-content\/uploads\/2020\/07\/logo-3.png","contentUrl":"https:\/\/sprawnymarketing.pl\/wp-content\/uploads\/2020\/07\/logo-3.png","width":512,"height":106,"caption":"sprawny.marketing \u2022 Szkolenia \u2022 Konferencje \u2022 Magazyn"},"image":{"@id":"https:\/\/sprawnymarketing.pl\/#\/schema\/logo\/image\/"},"sameAs":["https:\/\/www.facebook.com\/SprawnyMarketing\/"]},{"@type":"Person","@id":"https:\/\/sprawnymarketing.pl\/#\/schema\/person\/859792feaf2adeb2aa11bb4061da3f47","name":"Szymon Florczak","image":{"@type":"ImageObject","inLanguage":"pl-PL","@id":"https:\/\/sprawnymarketing.pl\/#\/schema\/person\/image\/84bc6d460247ed34cf437d88d04159cd","url":"https:\/\/sprawnymarketing.pl\/wp-content\/uploads\/2021\/09\/Florczak-150x150.png","contentUrl":"https:\/\/sprawnymarketing.pl\/wp-content\/uploads\/2021\/09\/Florczak-150x150.png","caption":"Szymon Florczak"},"url":"https:\/\/sprawnymarketing.pl\/blog\/autor\/szymon-florczak\/"}]}},"_links":{"self":[{"href":"https:\/\/sprawnymarketing.pl\/smblog-api\/wp\/v2\/posts\/42621"}],"collection":[{"href":"https:\/\/sprawnymarketing.pl\/smblog-api\/wp\/v2\/posts"}],"about":[{"href":"https:\/\/sprawnymarketing.pl\/smblog-api\/wp\/v2\/types\/post"}],"author":[{"embeddable":true,"href":"https:\/\/sprawnymarketing.pl\/smblog-api\/wp\/v2\/users\/241"}],"replies":[{"embeddable":true,"href":"https:\/\/sprawnymarketing.pl\/smblog-api\/wp\/v2\/comments?post=42621"}],"version-history":[{"count":5,"href":"https:\/\/sprawnymarketing.pl\/smblog-api\/wp\/v2\/posts\/42621\/revisions"}],"predecessor-version":[{"id":42682,"href":"https:\/\/sprawnymarketing.pl\/smblog-api\/wp\/v2\/posts\/42621\/revisions\/42682"}],"wp:attachment":[{"href":"https:\/\/sprawnymarketing.pl\/smblog-api\/wp\/v2\/media?parent=42621"}],"wp:term":[{"taxonomy":"category","embeddable":true,"href":"https:\/\/sprawnymarketing.pl\/smblog-api\/wp\/v2\/categories?post=42621"},{"taxonomy":"post_tag","embeddable":true,"href":"https:\/\/sprawnymarketing.pl\/smblog-api\/wp\/v2\/tags?post=42621"},{"taxonomy":"author","embeddable":true,"href":"https:\/\/sprawnymarketing.pl\/smblog-api\/wp\/v2\/coauthors?post=42621"}],"curies":[{"name":"wp","href":"https:\/\/api.w.org\/{rel}","templated":true}]}}