{"id":41834,"date":"2021-05-12T14:04:56","date_gmt":"2021-05-12T12:04:56","guid":{"rendered":"https:\/\/sprawnymarketing.pl\/?p=41834"},"modified":"2021-05-12T14:05:00","modified_gmt":"2021-05-12T12:05:00","slug":"aktualizacja-ios-14-jak-wplynie-na-tworzenie-kampanii-reklamowych","status":"publish","type":"post","link":"https:\/\/sprawnymarketing.pl\/blog\/aktualizacja-ios-14-jak-wplynie-na-tworzenie-kampanii-reklamowych\/","title":{"rendered":"Aktualizacja iOS 14 \u2013 jak wp\u0142ynie na tworzenie kampanii reklamowych?"},"content":{"rendered":"\n<p>Zaprzeczenie, gniew, targowanie, depresja, akceptacja \u2013 przez taki mniej wi\u0119cej proces przeszed\u0142 dzia\u0142 performance agencji Tigers <strong>po og\u0142oszeniu zmiany w systemie reklamowym Facebook Ads po aktualizacji iOS 14<\/strong>. Na d\u0142ugo zapami\u0119tam dzie\u0144, w kt\u00f3rym \u201ewywali\u0142y si\u0119\u201d konta reklamowe, z panelu zgin\u0119\u0142y wiersze podsumowa\u0144 i cz\u0119\u015b\u0107 konwersji po prostu wyparowa\u0142a. Ale od pocz\u0105tku!<\/p>\n\n\n<h2 id=\"heading-block_609a4a9637220\" class=\"title-counter\">\n    <span class=\"title-counter--number\">1<\/span>\n    Zaprzeczenie<\/h2>\n\n\n<p>Od lata zesz\u0142ego roku Facebook zacz\u0105\u0142 komunikowa\u0107, \u017ce nied\u0142ugo ca\u0142kowicie odejdzie atrybucja 28-dniowa. Wtedy jeszcze nie s\u0142uchali\u015bmy o aktualizacji iOS 14 i nie wiedzieli\u015bmy, \u017ce te dwie kwestie s\u0105 powi\u0105zane. Szczerze przyznaj\u0119, \u017ce tej informacji nie wzi\u0119li\u015bmy na powa\u017cnie. ,,Pewnie b\u0119dzie to samo co z CBO\u2019\u2019 \u2013 my\u015bleli\u015bmy, wspominaj\u0105c \u201eobowi\u0105zkowe\u201d zmiany, kt\u00f3re finalnie okaza\u0142y si\u0119 opcjonalne. Byli\u015bmy w b\u0142\u0119dzie.<\/p>\n\n\n<h2 id=\"heading-block_609a4ab537221\" class=\"title-counter\">\n    <span class=\"title-counter--number\">2<\/span>\n    Gniew<\/h2>\n\n\n<p>Facebook zacz\u0105\u0142 coraz mocniej komunikowa\u0107 nadchodz\u0105ce zmiany. Pewnego zimnego wieczoru s\u0142ucha\u0142am oficjalnego webinaru na ten temat. Zdenerwowa\u0142am si\u0119. Na mnie, jako na reklamodawc\u0119, mocno wp\u0142yn\u0119\u0142a narracja prowadzona przez Facebooka. Firma, kt\u00f3ra jest absolutnym kolosem, wok\u00f3\u0142 kt\u00f3rej kr\u0119ci si\u0119 moje \u017cycie zawodowe, dosta\u0142a porz\u0105dnego kuksa\u0144ca od innego ameryka\u0144skiego giganta. To nawet nie by\u0142 kuksaniec, tylko teksa\u0144ska masakra pi\u0142\u0105 mechaniczn\u0105. A przynajmniej tak to brzmia\u0142o na oficjalnym webinarze i <a href=\"https:\/\/www.facebook.com\/business\/news\/ios-14-apple-privacy-update-impacts-small-business-ads\">o\u015bwiadczeniu z 16 grudnia<\/a>.<\/p>\n\n\n\n<p>Facebook pisze, \u017ce zmiany maj\u0105ce wp\u0142yw na jego system reklamowy, nie zosta\u0142y z nim skonsultowane i nie mia\u0142 nic do powiedzenia. Podkre\u015bla\u0142, jak bardzo jest poszkodowany, a zmiany Apple\u2019a w zwi\u0105zku z aktualizacj\u0105 iOS 14 wp\u0142yn\u0105 na ca\u0142y digital. I jak tu si\u0119 nie wystraszy\u0107?<\/p>\n\n\n\n<p><strong>W praktyce wygl\u0105da to nast\u0119puj\u0105co:<\/strong><\/p>\n\n\n\n<p>Apple decyduje si\u0119 chroni\u0107 prywatno\u015b\u0107 swoich u\u017cytkownik\u00f3w i wprowadza ,,Private Click Measurement (PCM)\u2019\u2019, czyli funkcj\u0119, kt\u00f3ra ma ogranicza\u0107 mierzalno\u015b\u0107 klikni\u0119\u0107 wychodz\u0105cych z reklam w aplikacjach urz\u0105dze\u0144 Apple lub mi\u0119dzy stronami w internecie.<\/p>\n\n\n\n<p><strong>PCM nie obs\u0142uguje konwersji:<\/strong><\/p>\n\n\n\n<p>\u2022 Aplikacja &#8211;&gt; Domena<\/p>\n\n\n\n<p>\u2022 Domena &#8211;&gt; Domena<\/p>\n\n\n\n<p>Na jednej domenie mo\u017ce by\u0107 maksymalnie osiem event\u00f3w Pixela.<\/p>\n\n\n\n<p>Facebook odpowiada oficjalnym <a href=\"https:\/\/www.facebook.com\/business\/news\/ios-14-apple-privacy-update-impacts-small-business-ads\" rel=\"nofollow\">o\u015bwiadczeniem<\/a>:<\/p>\n\n\n\n<blockquote class=\"wp-block-quote is-style-large is-layout-flow wp-block-quote-is-layout-flow\"><p>\u201eNie zgadzamy si\u0119 ze stanowiskiem firmy (Apple \u2013 przyp. red.), ale nie mamy wyboru i musimy wy\u015bwietla\u0107 wymagany przez ni\u0105 monit. Je\u017celi tego nie zrobimy, narazimy si\u0119 na dzia\u0142ania odwetowe z jej strony, co mo\u017ce jeszcze bardziej zaszkodzi\u0107 firmom, kt\u00f3re chcemy wspiera\u0107. Nie mo\u017cemy podj\u0105\u0107 takiego ryzyka.\u201d<\/p><\/blockquote>\n\n\n\n<figure class=\"wp-block-image size-full\"><img decoding=\"async\" width=\"800\" height=\"450\" src=\"https:\/\/sprawnymarketing.pl\/wp-content\/uploads\/2021\/05\/allow-facebook.jpg\" alt=\"allow facebook\" class=\"wp-image-41842\" srcset=\"https:\/\/sprawnymarketing.pl\/wp-content\/uploads\/2021\/05\/allow-facebook.jpg 800w, https:\/\/sprawnymarketing.pl\/wp-content\/uploads\/2021\/05\/allow-facebook-300x169.jpg 300w, https:\/\/sprawnymarketing.pl\/wp-content\/uploads\/2021\/05\/allow-facebook-530x298.jpg 530w, https:\/\/sprawnymarketing.pl\/wp-content\/uploads\/2021\/05\/allow-facebook-768x432.jpg 768w\" sizes=\"(max-width: 800px) 100vw, 800px\" \/><\/figure>\n\n\n\n<p>I tutaj ciekawostka z webinaru: na pocz\u0105tku Facebook nie chcia\u0142 wy\u015bwietla\u0107 wspomnianego monitu. To wtedy Apple powiedzia\u0142, \u017ce jak si\u0119 nie dostosuj\u0105, to usunie aplikacj\u0119 Facebooka z Apple Store.<\/p>\n\n\n<h2 id=\"heading-block_609a4b5a37222\" class=\"title-counter\">\n    <span class=\"title-counter--number\">3<\/span>\n    Targowanie<\/h2>\n\n\n<p>Wydaje si\u0119, \u017ce Facebook (tak samo jak Tigers) r\u00f3wnie\u017c musia\u0142 przej\u015b\u0107 te pi\u0119\u0107 etap\u00f3w, a jako akceptacj\u0119 aktualizacji wprowadzi\u0142 swoje rozwi\u0105zanie spe\u0142niaj\u0105ce wymogi Apple\u2019a \u2013 Aggregated Event Measurement (AEM), czyli funkcj\u0119, kt\u00f3ra obs\u0142uguje mierzenie konwersji mi\u0119dzy kana\u0142ami, nadal ograniczaj\u0105c transmisj\u0119 danych u\u017cytkownika. Po polsku nazywamy to <strong><a href=\"https:\/\/www.facebook.com\/business\/help\/721422165168355?id=1877298665783613\" rel=\"nofollow\">Zagregowanym pomiarem dotycz\u0105cym zdarze\u0144<\/a>:<\/strong><\/p>\n\n\n\n<blockquote class=\"wp-block-quote is-style-large is-layout-flow wp-block-quote-is-layout-flow\"><p>\u201eFunkcja Facebooka zagregowanego pomiaru dotycz\u0105cego zdarze\u0144 to protok\u00f3\u0142 umo\u017cliwiaj\u0105cy wykonywanie pomiar\u00f3w w zwi\u0105zku ze zdarzeniami internetowymi dotycz\u0105cymi u\u017cytkownik\u00f3w systemu iOS 14. Funkcja zagregowanego pomiaru dotycz\u0105cego zdarze\u0144 ogranicza do o\u015bmiu dla domeny liczb\u0119 zdarze\u0144 konwersji mo\u017cliwych do wykorzystania w celu optymalizacji kampanii. Nasze rozwi\u0105zanie jest analogiczne do pomiaru prywatnych klikni\u0119\u0107 firmy Apple, ale zosta\u0142o opracowane z my\u015bl\u0105 o uwzgl\u0119dnieniu na potrzeby kluczowych reklamodawc\u00f3w przypadk\u00f3w u\u017cycia pomini\u0119tych przez Apple. Funkcja zagregowanego pomiaru dotycz\u0105cego zdarze\u0144 b\u0119dzie nadal rozwijana w miar\u0119 wprowadzania kolejnych zmian w przegl\u0105darkach, aby pom\u00f3c reklamodawcom w zagwarantowaniu prywatno\u015bci konsument\u00f3w\u201d.<\/p><\/blockquote>\n\n\n\n<p><strong>Jaki wp\u0142yw ma AEM na Facebook Ads?<\/strong><\/p>\n\n\n\n<ul><li>Przymusowa weryfikacja domeny,<\/li><li>maksymalnie osiem event\u00f3w do optymalizacji kampanii na jednej domenie,<\/li><li>priorytetyzacja zdarze\u0144 Pixela i ograniczenie ich czytania,<\/li><li>odchodzi atrybucja 28-dniowa,<\/li><li>mierzenie wynik\u00f3w atrybucji 1\/7 (klikni\u0119cie i wy\u015bwietlenie).<\/li><\/ul>\n\n\n\n<p>Z komunikat\u00f3w Facebooka wynika, \u017ce <strong>AEM b\u0119dzie dotyczy\u0142o wy\u0142\u0105cznie u\u017cytkownik\u00f3w korzystaj\u0105cych z produkt\u00f3w Apple\u2019a.<\/strong> Oznacza to, \u017ce wszyscy reklamodawcy musz\u0105 zastosowa\u0107 si\u0119 do nowych wytycznych, ale ograniczenie mierzalno\u015bci b\u0119dzie dotyczy\u0142o tylko konwersji pochodz\u0105cych lub przechodz\u0105cych przez urz\u0105dzenia z jab\u0142uszkiem.<\/p>\n\n\n\n<p>Sp\u00f3jrzmy na to w praktyce. Na poni\u017cszych wykresach pokazuj\u0119 ilo\u015b\u0107 konwersji przez urz\u0105dzenie wy\u015bwietlaj\u0105ce reklam\u0119 w systemie Facebook Ads. Dane pochodz\u0105 z czterech moich projekt\u00f3w, targetowanych na Polsk\u0119, i skupiaj\u0105 si\u0119 na r\u00f3\u017cnych bran\u017cach i grupach docelowych:<\/p>\n\n\n\n<figure class=\"wp-block-image size-full\"><img decoding=\"async\" width=\"602\" height=\"335\" src=\"https:\/\/sprawnymarketing.pl\/wp-content\/uploads\/2021\/05\/1.png\" alt=\"konwersje Facebook Ads\" class=\"wp-image-41847\" srcset=\"https:\/\/sprawnymarketing.pl\/wp-content\/uploads\/2021\/05\/1.png 602w, https:\/\/sprawnymarketing.pl\/wp-content\/uploads\/2021\/05\/1-300x167.png 300w, https:\/\/sprawnymarketing.pl\/wp-content\/uploads\/2021\/05\/1-530x295.png 530w\" sizes=\"(max-width: 602px) 100vw, 602px\" \/><\/figure>\n\n\n\n<figure class=\"wp-block-image size-full\"><img decoding=\"async\" width=\"602\" height=\"367\" src=\"https:\/\/sprawnymarketing.pl\/wp-content\/uploads\/2021\/05\/2.png\" alt=\"konwersje Facebook Ads\" class=\"wp-image-41848\" srcset=\"https:\/\/sprawnymarketing.pl\/wp-content\/uploads\/2021\/05\/2.png 602w, https:\/\/sprawnymarketing.pl\/wp-content\/uploads\/2021\/05\/2-300x183.png 300w, https:\/\/sprawnymarketing.pl\/wp-content\/uploads\/2021\/05\/2-530x323.png 530w\" sizes=\"(max-width: 602px) 100vw, 602px\" \/><\/figure>\n\n\n\n<figure class=\"wp-block-image size-full\"><img decoding=\"async\" width=\"602\" height=\"368\" src=\"https:\/\/sprawnymarketing.pl\/wp-content\/uploads\/2021\/05\/3.png\" alt=\"konwersje Facebook Ads\" class=\"wp-image-41849\" srcset=\"https:\/\/sprawnymarketing.pl\/wp-content\/uploads\/2021\/05\/3.png 602w, https:\/\/sprawnymarketing.pl\/wp-content\/uploads\/2021\/05\/3-300x183.png 300w, https:\/\/sprawnymarketing.pl\/wp-content\/uploads\/2021\/05\/3-530x324.png 530w\" sizes=\"(max-width: 602px) 100vw, 602px\" \/><\/figure>\n\n\n\n<figure class=\"wp-block-image size-full\"><img decoding=\"async\" width=\"602\" height=\"380\" src=\"https:\/\/sprawnymarketing.pl\/wp-content\/uploads\/2021\/05\/4.png\" alt=\"konwersje Facebook Ads\" class=\"wp-image-41850\" srcset=\"https:\/\/sprawnymarketing.pl\/wp-content\/uploads\/2021\/05\/4.png 602w, https:\/\/sprawnymarketing.pl\/wp-content\/uploads\/2021\/05\/4-300x189.png 300w, https:\/\/sprawnymarketing.pl\/wp-content\/uploads\/2021\/05\/4-530x335.png 530w\" sizes=\"(max-width: 602px) 100vw, 602px\" \/><\/figure>\n\n\n\n<p>Jak sam widzisz, w ekosystemie polskiego e-commerce\u2019u wi\u0119kszo\u015b\u0107 konwersji pochodzi z urz\u0105dze\u0144 innych ni\u017c Apple. Szukam w tym pewnego pocieszenia, bo koniec ko\u0144c\u00f3w <strong>konwersje ograniczone przez AEM nadal b\u0119d\u0105 si\u0119 dzia\u0142y.<\/strong> Klienci nadal b\u0119d\u0105 wiedzieli zakupy w swoim sklepie, po prostu cz\u0119\u015b\u0107 z nich ucieknie z mojego raportowania.<\/p>\n\n\n<h2 id=\"heading-block_609a4c4137223\" class=\"title-counter\">\n    <span class=\"title-counter--number\">4<\/span>\n    Depresja<\/h2>\n\n\n<p>Drug\u0105 cz\u0119\u015b\u0107 tego artyku\u0142u napisa\u0142am po rozmowie z jednym z klient\u00f3w. Musia\u0142am przekaza\u0107 dalej informacj\u0119 o AEM. Wszystko by\u0142oby w miar\u0119 OK, ale ten klient prowadzi sprzeda\u017c na kilku rynkach zagranicznych na jednej domenie i kilku podstronach. Domena: xyx.com przynale\u017cy do rynku angielskiego, a wszystkie inne rynki dzia\u0142aj\u0105 na stronach:<\/p>\n\n\n\n<ul><li>xyz.com\/pl,<\/li><li>xyz.com\/fr,<\/li><li>xyz.com\/de.<\/li><\/ul>\n\n\n\n<p>Aktualnie nasze dzia\u0142ania reklamowe skupiaj\u0105 si\u0119 na rynku polskim i francuskim. Powr\u00f3\u0107my do fazy targowania i przypomnijmy, \u017ce w AEM:<\/p>\n\n\n<p id=\"text-block_609a4c7237224\" class=\"text-frame\">\n    na jednej domenie mo\u017ce by\u0107 maksymalnie osiem event\u00f3w, mo\u017cliwych do wykorzystania w celu optymalizacji kampanii.<\/p>\n\n\n<p>Na ka\u017cdej podstronie tego klienta mamy osobny Pixel ze wzgl\u0119du na: remarketing dynamiczny, atrybucj\u0119 (kt\u00f3ra musi mie\u0107 ustawion\u0105 walut\u0119), korzystanie z Facebook Analytics, LLA, custom audience, og\u00f3lny \u0142ad i porz\u0105dek.<\/p>\n\n\n\n<p>Na ten moment, kiedy zagraniczne rynki s\u0105 na domenie .com i po slashu, <strong>mog\u0119 zweryfikowa\u0107 de facto tylko domen\u0119 .com i w priorytetyzacj\u0119 wrzuci\u0107 eventy.<\/strong> Maj\u0105c np. cztery rynki, a tylko osiem maksymalnie event\u00f3w na Pixelu, w priorytetyzacji pozostaj\u0105 mi po dwa eventy na rynek. Czyli np. dodanie do koszyka i zakup.<\/p>\n\n\n\n<figure class=\"wp-block-image size-full\"><img decoding=\"async\" width=\"1380\" height=\"666\" src=\"https:\/\/sprawnymarketing.pl\/wp-content\/uploads\/2021\/05\/prioretyzacja-eventow.png\" alt=\"priorytetyzacja event\u00f3w\" class=\"wp-image-41851\" srcset=\"https:\/\/sprawnymarketing.pl\/wp-content\/uploads\/2021\/05\/prioretyzacja-eventow.png 1380w, https:\/\/sprawnymarketing.pl\/wp-content\/uploads\/2021\/05\/prioretyzacja-eventow-300x145.png 300w, https:\/\/sprawnymarketing.pl\/wp-content\/uploads\/2021\/05\/prioretyzacja-eventow-530x256.png 530w, https:\/\/sprawnymarketing.pl\/wp-content\/uploads\/2021\/05\/prioretyzacja-eventow-768x371.png 768w\" sizes=\"(max-width: 1380px) 100vw, 1380px\" \/><\/figure>\n\n\n\n<p>Je\u017celi priorytetyzacja zdarze\u0144 i weryfikacja domeny nie zostan\u0105 wykonane, to kampanie optymalizowane na event, kt\u00f3rego nie wrzuci\u0142e\u015b w priorytetyzacj\u0119, b\u0119d\u0105 po prostu wstrzymane.<\/p>\n\n\n\n<figure class=\"wp-block-image size-full\"><img decoding=\"async\" width=\"315\" height=\"252\" src=\"https:\/\/sprawnymarketing.pl\/wp-content\/uploads\/2021\/05\/konfiguracja-zdarzen.png\" alt=\"konfiguracja zdarze\u0144 Facebook\" class=\"wp-image-41852\" srcset=\"https:\/\/sprawnymarketing.pl\/wp-content\/uploads\/2021\/05\/konfiguracja-zdarzen.png 315w, https:\/\/sprawnymarketing.pl\/wp-content\/uploads\/2021\/05\/konfiguracja-zdarzen-300x240.png 300w\" sizes=\"(max-width: 315px) 100vw, 315px\" \/><\/figure>\n\n\n\n<p>I jeszcze jedna informacja! <strong>Od teraz optymalizacj\u0119 na warto\u015b\u0107 konwersji ustawia si\u0119 na poziomie Pixela, nie zestawu reklam.<\/strong> Je\u017celi odklikasz ch\u0119\u0107 optymalizowania na warto\u015b\u0107 konwersji np. zakupu, to wtedy ta konwersja zamiast 1 z 8 liczy si\u0119 jako 4 z 8.<\/p>\n\n\n\n<figure class=\"wp-block-image size-full\"><img decoding=\"async\" width=\"1718\" height=\"506\" src=\"https:\/\/sprawnymarketing.pl\/wp-content\/uploads\/2021\/05\/image002.png\" alt=\"optymalizacja na warto\u015b\u0107 konwersji\" class=\"wp-image-41843\" srcset=\"https:\/\/sprawnymarketing.pl\/wp-content\/uploads\/2021\/05\/image002.png 1718w, https:\/\/sprawnymarketing.pl\/wp-content\/uploads\/2021\/05\/image002-300x88.png 300w, https:\/\/sprawnymarketing.pl\/wp-content\/uploads\/2021\/05\/image002-530x156.png 530w, https:\/\/sprawnymarketing.pl\/wp-content\/uploads\/2021\/05\/image002-768x226.png 768w, https:\/\/sprawnymarketing.pl\/wp-content\/uploads\/2021\/05\/image002-1536x452.png 1536w\" sizes=\"(max-width: 1718px) 100vw, 1718px\" \/><\/figure>\n\n\n<h2 id=\"heading-block_609a4c8a37225\" class=\"title-counter\">\n    <span class=\"title-counter--number\">5<\/span>\n    Akceptacja<\/h2>\n\n\n<p>Jako form\u0119 akceptacji nasz dzia\u0142 performance stworzy\u0142 plan dzia\u0142a\u0144 oraz checklist\u0119 task\u00f3w do wykonania w zwi\u0105zku z aktualizacj\u0105 iOS 14. Ich wykonanie zapewni Ci poczucie bezpiecze\u0144stwa \u2013 kiedy Facebook ju\u017c na 100% odpali wymagane przez Apple obostrzenia, dzi\u0119ki tej li\u015bcie b\u0119dziesz mia\u0142 pewno\u015b\u0107, \u017ce Twoje reklamy nie ucierpi\u0105.<\/p>\n\n\n\n<p>1. Zweryfikowanie domeny klienta w Business Managerze<\/p>\n\n\n\n<figure class=\"wp-block-image size-full\"><img decoding=\"async\" width=\"1724\" height=\"1650\" src=\"https:\/\/sprawnymarketing.pl\/wp-content\/uploads\/2021\/05\/image003.png\" alt=\"weryfikacja domeny w Business Managerze\" class=\"wp-image-41844\" srcset=\"https:\/\/sprawnymarketing.pl\/wp-content\/uploads\/2021\/05\/image003.png 1724w, https:\/\/sprawnymarketing.pl\/wp-content\/uploads\/2021\/05\/image003-300x287.png 300w, https:\/\/sprawnymarketing.pl\/wp-content\/uploads\/2021\/05\/image003-530x507.png 530w, https:\/\/sprawnymarketing.pl\/wp-content\/uploads\/2021\/05\/image003-768x735.png 768w, https:\/\/sprawnymarketing.pl\/wp-content\/uploads\/2021\/05\/image003-1536x1470.png 1536w\" sizes=\"(max-width: 1724px) 100vw, 1724px\" \/><\/figure>\n\n\n\n<p>2. Sprawdzenie domeny na klientach, kt\u00f3rzy maj\u0105 wi\u0119cej ni\u017c jeden rynek<\/p>\n\n\n\n<p>3. Priorytetyzowanie event\u00f3w na Pixelu<\/p>\n\n\n\n<figure class=\"wp-block-image size-full\"><img decoding=\"async\" width=\"2722\" height=\"1218\" src=\"https:\/\/sprawnymarketing.pl\/wp-content\/uploads\/2021\/05\/image004.png\" alt=\"Priorytetyzowanie event\u00f3w na Pixelu\" class=\"wp-image-41845\" srcset=\"https:\/\/sprawnymarketing.pl\/wp-content\/uploads\/2021\/05\/image004.png 2722w, https:\/\/sprawnymarketing.pl\/wp-content\/uploads\/2021\/05\/image004-300x134.png 300w, https:\/\/sprawnymarketing.pl\/wp-content\/uploads\/2021\/05\/image004-530x237.png 530w, https:\/\/sprawnymarketing.pl\/wp-content\/uploads\/2021\/05\/image004-768x344.png 768w, https:\/\/sprawnymarketing.pl\/wp-content\/uploads\/2021\/05\/image004-1536x687.png 1536w, https:\/\/sprawnymarketing.pl\/wp-content\/uploads\/2021\/05\/image004-2048x916.png 2048w\" sizes=\"(max-width: 2722px) 100vw, 2722px\" \/><\/figure>\n\n\n\n<p>4. Podj\u0119cie decyzji, czy ustawiamy na Pixelu optymalizacj\u0119 na warto\u015b\u0107<\/p>\n\n\n\n<figure class=\"wp-block-image size-large\"><img decoding=\"async\" width=\"530\" height=\"526\" src=\"https:\/\/sprawnymarketing.pl\/wp-content\/uploads\/2021\/05\/image005-530x526.png\" alt=\"optymalizacja warto\u015bci pixel facebook\" class=\"wp-image-41846\" srcset=\"https:\/\/sprawnymarketing.pl\/wp-content\/uploads\/2021\/05\/image005-530x526.png 530w, https:\/\/sprawnymarketing.pl\/wp-content\/uploads\/2021\/05\/image005-300x298.png 300w, https:\/\/sprawnymarketing.pl\/wp-content\/uploads\/2021\/05\/image005-150x150.png 150w, https:\/\/sprawnymarketing.pl\/wp-content\/uploads\/2021\/05\/image005.png 570w\" sizes=\"(max-width: 530px) 100vw, 530px\" \/><\/figure>\n\n\n\n<p>5. Poszerzenie grup remarketingowych<\/p>\n\n\n\n<p>6. Weryfikacja, ile konwersji z reklam pochodzi z iOS 14<\/p>\n\n\n\n<p>7. Pobranie starych raport\u00f3w na komputer \u2013 na wszelki wypadek<\/p>\n\n\n\n<p>8. Rozmowa z klientami o oknach atrybucji i mo\u017cliwych r\u00f3\u017cnicach w raportowaniu<\/p>\n\n\n\n<p>Sam Facebook r\u00f3wnie\u017c przygotowa\u0142 wskaz\u00f3wki dla swoich klient\u00f3w, aby zminimalizowa\u0107 wp\u0142yw, jakie nowe zasady Apple\u2019a wywr\u0105 na reklamodawc\u00f3w. Szczeg\u00f3\u0142owe instrukcje znajdziesz <a href=\"https:\/\/developers.facebook.com\/blog\/post\/2020\/12\/16\/preparing-partners-ios-14-mobile-web-advertising\" rel=\"nofollow\">pod tym linkiem<\/a>.<\/p>\n\n\n\n<p>Drodzy specjali\u015bci, musimy pami\u0119ta\u0107, \u017ce specyfik\u0105 naszej bran\u017cy jest zmiana. Takie ,,rewolucje\u2019\u2019 wchodz\u0105 przecie\u017c w \u017cycie raz na kilka lat. \u015awiat ads\u00f3w si\u0119 nie ko\u0144czy, a post\u0119puj\u0105c wed\u0142ug zalece\u0144, mo\u017cna wyj\u015b\u0107 z tej trudnej sytuacji obronn\u0105 r\u0119k\u0105. Przyczyna zmian ze strony Apple\u2019a mo\u017ce wydawa\u0107 si\u0119 niejasna. Czy na pewno zale\u017cy im tak bardzo na naszej prywatno\u015bci? Mo\u017ce chodzi o co\u015b innego? A jak nie wiadomo, o co chodzi, to chodzi o jedno. \ud83d\ude09<\/p>\n\n\n\n<p><strong><a href=\"https:\/\/sprawnymarketing.pl\/blog\/ios14-5-idfa-i-skad\/\">Przeczytaj te\u017c artyku\u0142 Tomasza Frontczaka, z kt\u00f3rego dowiesz si\u0119, jak aktualizacja iOS wp\u0142ynie na \u015bwiat mobilnej reklamy!<\/a><\/strong><\/p>\n\n\n\n<p><strong>A je\u015bli chcesz polepszy\u0107 swoje umiej\u0119tno\u015bci w zakresie Facebook Ads, we\u017a udzia\u0142 w naszym szkoleniu, kt\u00f3re odb\u0119dzie si\u0119 online ju\u017c 11-12 maja. Zobacz szczeg\u00f3\u0142owy program <a href=\"https:\/\/sprawnymarketing.pl\/szkolenia\/facebook-marketing-ads\/\">szkolenia Facebook Marketing + ADS Facebook PRO<\/a>. \u2764\ufe0f<\/strong><\/p>\n","protected":false},"excerpt":{"rendered":"<p>Zaprzeczenie, gniew, targowanie, depresja, akceptacja \u2013 przez taki mniej wi\u0119cej proces przeszed\u0142 dzia\u0142 performance agencji Tigers po og\u0142oszeniu zmiany w systemie reklamowym Facebook Ads po aktualizacji iOS 14. Na d\u0142ugo zapami\u0119tam dzie\u0144, w kt\u00f3rym \u201ewywali\u0142y si\u0119\u201d konta reklamowe, z panelu zgin\u0119\u0142y wiersze podsumowa\u0144 i cz\u0119\u015b\u0107 konwersji po prostu wyparowa\u0142a. Ale od pocz\u0105tku! Od lata zesz\u0142ego [&hellip;]<\/p>\n","protected":false},"author":297,"featured_media":0,"comment_status":"open","ping_status":"closed","sticky":false,"template":"","format":"standard","meta":{"_acf_changed":false,"footnotes":""},"categories":[792],"tags":[],"coauthors":[7832],"acf":[],"yoast_head":"<!-- This site is optimized with the Yoast SEO Premium plugin v24.1 (Yoast SEO v24.4) - https:\/\/yoast.com\/wordpress\/plugins\/seo\/ -->\n<title>Aktualizacja iOS 14 \u2013 jak wp\u0142ynie na tworzenie kampanii reklamowych?<\/title>\n<meta name=\"description\" content=\"Aktualizacja iOS 14 wstrz\u0105sn\u0119\u0142a \u015bwiatem reklamy. Co w\u0142a\u015bciwie oznaczaj\u0105 te zmiany? Jakie dzia\u0142ania w Facebook Ads nale\u017cy podj\u0105\u0107? Tego dowiesz si\u0119 z artyku\u0142u!\" \/>\n<meta name=\"robots\" content=\"index, follow, max-snippet:-1, max-image-preview:large, max-video-preview:-1\" \/>\n<link rel=\"canonical\" href=\"https:\/\/sprawnymarketing.pl\/blog\/aktualizacja-ios-14-jak-wplynie-na-tworzenie-kampanii-reklamowych\/\" \/>\n<meta property=\"og:locale\" content=\"pl_PL\" \/>\n<meta property=\"og:type\" content=\"article\" \/>\n<meta property=\"og:title\" content=\"Aktualizacja iOS 14 \u2013 jak wp\u0142ynie na tworzenie kampanii reklamowych?\" \/>\n<meta property=\"og:description\" content=\"Aktualizacja iOS 14 wstrz\u0105sn\u0119\u0142a \u015bwiatem reklamy. Co w\u0142a\u015bciwie oznaczaj\u0105 te zmiany? Jakie dzia\u0142ania w Facebook Ads nale\u017cy podj\u0105\u0107? Tego dowiesz si\u0119 z artyku\u0142u!\" \/>\n<meta property=\"og:url\" content=\"https:\/\/sprawnymarketing.pl\/blog\/aktualizacja-ios-14-jak-wplynie-na-tworzenie-kampanii-reklamowych\/\" \/>\n<meta property=\"og:site_name\" content=\"sprawny.marketing \u2022 Szkolenia \u2022 Konferencje \u2022 Magazyn\" \/>\n<meta property=\"article:publisher\" content=\"https:\/\/www.facebook.com\/SprawnyMarketing\/\" \/>\n<meta property=\"article:published_time\" content=\"2021-05-12T12:04:56+00:00\" \/>\n<meta property=\"article:modified_time\" content=\"2021-05-12T12:05:00+00:00\" \/>\n<meta property=\"og:image\" content=\"https:\/\/sprawnymarketing.pl\/wp-content\/uploads\/2021\/05\/allow-facebook.jpg\" \/>\n<meta name=\"author\" content=\"Ola Musia\u0142\" \/>\n<meta name=\"twitter:card\" content=\"summary_large_image\" \/>\n<meta name=\"twitter:label1\" content=\"Napisane przez\" \/>\n\t<meta name=\"twitter:data1\" content=\"Ola Musia\u0142\" \/>\n\t<meta name=\"twitter:label2\" content=\"Szacowany czas czytania\" \/>\n\t<meta name=\"twitter:data2\" content=\"8 minut\" \/>\n\t<meta name=\"twitter:label3\" content=\"Written by\" \/>\n\t<meta name=\"twitter:data3\" content=\"Ola Musia\u0142\" \/>\n<!-- \/ Yoast SEO Premium plugin. -->","yoast_head_json":{"title":"Aktualizacja iOS 14 \u2013 jak wp\u0142ynie na tworzenie kampanii reklamowych?","description":"Aktualizacja iOS 14 wstrz\u0105sn\u0119\u0142a \u015bwiatem reklamy. Co w\u0142a\u015bciwie oznaczaj\u0105 te zmiany? Jakie dzia\u0142ania w Facebook Ads nale\u017cy podj\u0105\u0107? Tego dowiesz si\u0119 z artyku\u0142u!","robots":{"index":"index","follow":"follow","max-snippet":"max-snippet:-1","max-image-preview":"max-image-preview:large","max-video-preview":"max-video-preview:-1"},"canonical":"https:\/\/sprawnymarketing.pl\/blog\/aktualizacja-ios-14-jak-wplynie-na-tworzenie-kampanii-reklamowych\/","og_locale":"pl_PL","og_type":"article","og_title":"Aktualizacja iOS 14 \u2013 jak wp\u0142ynie na tworzenie kampanii reklamowych?","og_description":"Aktualizacja iOS 14 wstrz\u0105sn\u0119\u0142a \u015bwiatem reklamy. Co w\u0142a\u015bciwie oznaczaj\u0105 te zmiany? Jakie dzia\u0142ania w Facebook Ads nale\u017cy podj\u0105\u0107? Tego dowiesz si\u0119 z artyku\u0142u!","og_url":"https:\/\/sprawnymarketing.pl\/blog\/aktualizacja-ios-14-jak-wplynie-na-tworzenie-kampanii-reklamowych\/","og_site_name":"sprawny.marketing \u2022 Szkolenia \u2022 Konferencje \u2022 Magazyn","article_publisher":"https:\/\/www.facebook.com\/SprawnyMarketing\/","article_published_time":"2021-05-12T12:04:56+00:00","article_modified_time":"2021-05-12T12:05:00+00:00","og_image":[{"url":"https:\/\/sprawnymarketing.pl\/wp-content\/uploads\/2021\/05\/allow-facebook.jpg","type":"","width":"","height":""}],"author":"Ola Musia\u0142","twitter_card":"summary_large_image","twitter_misc":{"Napisane przez":"Ola Musia\u0142","Szacowany czas czytania":"8 minut","Written by":"Ola Musia\u0142"},"schema":{"@context":"https:\/\/schema.org","@graph":[{"@type":"Article","@id":"https:\/\/sprawnymarketing.pl\/blog\/aktualizacja-ios-14-jak-wplynie-na-tworzenie-kampanii-reklamowych\/#article","isPartOf":{"@id":"https:\/\/sprawnymarketing.pl\/blog\/aktualizacja-ios-14-jak-wplynie-na-tworzenie-kampanii-reklamowych\/"},"author":{"name":"Ola Musia\u0142","@id":"https:\/\/sprawnymarketing.pl\/#\/schema\/person\/ac1925f8d9cc3ab4f023c09000e0d596"},"headline":"Aktualizacja iOS 14 \u2013 jak wp\u0142ynie na tworzenie kampanii reklamowych?","datePublished":"2021-05-12T12:04:56+00:00","dateModified":"2021-05-12T12:05:00+00:00","mainEntityOfPage":{"@id":"https:\/\/sprawnymarketing.pl\/blog\/aktualizacja-ios-14-jak-wplynie-na-tworzenie-kampanii-reklamowych\/"},"wordCount":1346,"commentCount":0,"publisher":{"@id":"https:\/\/sprawnymarketing.pl\/#organization"},"image":{"@id":"https:\/\/sprawnymarketing.pl\/blog\/aktualizacja-ios-14-jak-wplynie-na-tworzenie-kampanii-reklamowych\/#primaryimage"},"thumbnailUrl":"https:\/\/sprawnymarketing.pl\/wp-content\/uploads\/2021\/05\/allow-facebook.jpg","articleSection":["Facebook"],"inLanguage":"pl-PL","potentialAction":[{"@type":"CommentAction","name":"Comment","target":["https:\/\/sprawnymarketing.pl\/blog\/aktualizacja-ios-14-jak-wplynie-na-tworzenie-kampanii-reklamowych\/#respond"]}]},{"@type":"WebPage","@id":"https:\/\/sprawnymarketing.pl\/blog\/aktualizacja-ios-14-jak-wplynie-na-tworzenie-kampanii-reklamowych\/","url":"https:\/\/sprawnymarketing.pl\/blog\/aktualizacja-ios-14-jak-wplynie-na-tworzenie-kampanii-reklamowych\/","name":"Aktualizacja iOS 14 \u2013 jak wp\u0142ynie na tworzenie kampanii reklamowych?","isPartOf":{"@id":"https:\/\/sprawnymarketing.pl\/#website"},"primaryImageOfPage":{"@id":"https:\/\/sprawnymarketing.pl\/blog\/aktualizacja-ios-14-jak-wplynie-na-tworzenie-kampanii-reklamowych\/#primaryimage"},"image":{"@id":"https:\/\/sprawnymarketing.pl\/blog\/aktualizacja-ios-14-jak-wplynie-na-tworzenie-kampanii-reklamowych\/#primaryimage"},"thumbnailUrl":"https:\/\/sprawnymarketing.pl\/wp-content\/uploads\/2021\/05\/allow-facebook.jpg","datePublished":"2021-05-12T12:04:56+00:00","dateModified":"2021-05-12T12:05:00+00:00","description":"Aktualizacja iOS 14 wstrz\u0105sn\u0119\u0142a \u015bwiatem reklamy. Co w\u0142a\u015bciwie oznaczaj\u0105 te zmiany? Jakie dzia\u0142ania w Facebook Ads nale\u017cy podj\u0105\u0107? Tego dowiesz si\u0119 z artyku\u0142u!","breadcrumb":{"@id":"https:\/\/sprawnymarketing.pl\/blog\/aktualizacja-ios-14-jak-wplynie-na-tworzenie-kampanii-reklamowych\/#breadcrumb"},"inLanguage":"pl-PL","potentialAction":[{"@type":"ReadAction","target":["https:\/\/sprawnymarketing.pl\/blog\/aktualizacja-ios-14-jak-wplynie-na-tworzenie-kampanii-reklamowych\/"]}]},{"@type":"ImageObject","inLanguage":"pl-PL","@id":"https:\/\/sprawnymarketing.pl\/blog\/aktualizacja-ios-14-jak-wplynie-na-tworzenie-kampanii-reklamowych\/#primaryimage","url":"https:\/\/sprawnymarketing.pl\/wp-content\/uploads\/2021\/05\/allow-facebook.jpg","contentUrl":"https:\/\/sprawnymarketing.pl\/wp-content\/uploads\/2021\/05\/allow-facebook.jpg","width":800,"height":450,"caption":"allow facebook"},{"@type":"BreadcrumbList","@id":"https:\/\/sprawnymarketing.pl\/blog\/aktualizacja-ios-14-jak-wplynie-na-tworzenie-kampanii-reklamowych\/#breadcrumb","itemListElement":[{"@type":"ListItem","position":1,"name":"Strona g\u0142\u00f3wna","item":"https:\/\/sprawnymarketing.pl\/"},{"@type":"ListItem","position":2,"name":"Aktualizacja iOS 14 \u2013 jak wp\u0142ynie na tworzenie kampanii reklamowych?"}]},{"@type":"WebSite","@id":"https:\/\/sprawnymarketing.pl\/#website","url":"https:\/\/sprawnymarketing.pl\/","name":"sprawny.marketing \u2022 Szkolenia \u2022 Konferencje \u2022 Magazyn","description":"","publisher":{"@id":"https:\/\/sprawnymarketing.pl\/#organization"},"potentialAction":[{"@type":"SearchAction","target":{"@type":"EntryPoint","urlTemplate":"https:\/\/sprawnymarketing.pl\/?s={search_term_string}"},"query-input":{"@type":"PropertyValueSpecification","valueRequired":true,"valueName":"search_term_string"}}],"inLanguage":"pl-PL"},{"@type":"Organization","@id":"https:\/\/sprawnymarketing.pl\/#organization","name":"sprawny.marketing \u2022 Szkolenia \u2022 Konferencje \u2022 Magazyn","url":"https:\/\/sprawnymarketing.pl\/","logo":{"@type":"ImageObject","inLanguage":"pl-PL","@id":"https:\/\/sprawnymarketing.pl\/#\/schema\/logo\/image\/","url":"https:\/\/sprawnymarketing.pl\/wp-content\/uploads\/2020\/07\/logo-3.png","contentUrl":"https:\/\/sprawnymarketing.pl\/wp-content\/uploads\/2020\/07\/logo-3.png","width":512,"height":106,"caption":"sprawny.marketing \u2022 Szkolenia \u2022 Konferencje \u2022 Magazyn"},"image":{"@id":"https:\/\/sprawnymarketing.pl\/#\/schema\/logo\/image\/"},"sameAs":["https:\/\/www.facebook.com\/SprawnyMarketing\/"]},{"@type":"Person","@id":"https:\/\/sprawnymarketing.pl\/#\/schema\/person\/ac1925f8d9cc3ab4f023c09000e0d596","name":"Ola Musia\u0142","image":{"@type":"ImageObject","inLanguage":"pl-PL","@id":"https:\/\/sprawnymarketing.pl\/#\/schema\/person\/image\/de942c83e9c02f36e2aca8897baa0a12","url":"https:\/\/sprawnymarketing.pl\/wp-content\/uploads\/2021\/05\/OM-150x150.png","contentUrl":"https:\/\/sprawnymarketing.pl\/wp-content\/uploads\/2021\/05\/OM-150x150.png","caption":"Ola Musia\u0142"},"description":"Senior performance specialist w Tigers. Specjalizuje si\u0119 w konfiguracji Piksela Facebooka i skalowaniu kampanii e-commerce. Marketingu uczy\u0142a si\u0119 na dw\u00f3ch du\u0144skich uczelniach specjalizuj\u0105cych si\u0119 w biznesie i designie.","url":"https:\/\/sprawnymarketing.pl\/blog\/autor\/ola-musial\/"}]}},"_links":{"self":[{"href":"https:\/\/sprawnymarketing.pl\/smblog-api\/wp\/v2\/posts\/41834"}],"collection":[{"href":"https:\/\/sprawnymarketing.pl\/smblog-api\/wp\/v2\/posts"}],"about":[{"href":"https:\/\/sprawnymarketing.pl\/smblog-api\/wp\/v2\/types\/post"}],"author":[{"embeddable":true,"href":"https:\/\/sprawnymarketing.pl\/smblog-api\/wp\/v2\/users\/297"}],"replies":[{"embeddable":true,"href":"https:\/\/sprawnymarketing.pl\/smblog-api\/wp\/v2\/comments?post=41834"}],"version-history":[{"count":5,"href":"https:\/\/sprawnymarketing.pl\/smblog-api\/wp\/v2\/posts\/41834\/revisions"}],"predecessor-version":[{"id":45960,"href":"https:\/\/sprawnymarketing.pl\/smblog-api\/wp\/v2\/posts\/41834\/revisions\/45960"}],"wp:attachment":[{"href":"https:\/\/sprawnymarketing.pl\/smblog-api\/wp\/v2\/media?parent=41834"}],"wp:term":[{"taxonomy":"category","embeddable":true,"href":"https:\/\/sprawnymarketing.pl\/smblog-api\/wp\/v2\/categories?post=41834"},{"taxonomy":"post_tag","embeddable":true,"href":"https:\/\/sprawnymarketing.pl\/smblog-api\/wp\/v2\/tags?post=41834"},{"taxonomy":"author","embeddable":true,"href":"https:\/\/sprawnymarketing.pl\/smblog-api\/wp\/v2\/coauthors?post=41834"}],"curies":[{"name":"wp","href":"https:\/\/api.w.org\/{rel}","templated":true}]}}