{"id":37290,"date":"2020-07-09T08:19:08","date_gmt":"2020-07-09T06:19:08","guid":{"rendered":"https:\/\/sprawnymarketing.pl\/?p=37290"},"modified":"2020-07-09T08:19:13","modified_gmt":"2020-07-09T06:19:13","slug":"6-najczesciej-popelnianych-bledow-na-linkedinie","status":"publish","type":"post","link":"https:\/\/sprawnymarketing.pl\/blog\/6-najczesciej-popelnianych-bledow-na-linkedinie\/","title":{"rendered":"6 najcz\u0119\u015bciej pope\u0142nianych b\u0142\u0119d\u00f3w na LinkedInie"},"content":{"rendered":"<p>Mog\u0142abym by\u0107 milionerk\u0105, gdybym dostawa\u0142a chocia\u017c 5 z\u0142 za ka\u017cdym razem, gdy s\u0142ysz\u0119, \u017ce macie profile na LinkedInie, ale nic si\u0119 z nimi nie dzieje. Nikt Was dzi\u0119ki nim nie zrekrutowa\u0142, nie uda\u0142o Wam si\u0119 nawet zainicjowa\u0107 sprzeda\u017cy, ani tym bardziej pozyska\u0107 za ich po\u015brednictwem nowych klient\u00f3w. Szok i niedowierzanie. Wszystko jednak staje si\u0119 jasne, gdy wchodz\u0119 na Wasze profile, a tam&#8230; ci\u0105gle te same b\u0142\u0119dy. Kt\u00f3re pope\u0142niacie najcz\u0119\u015bciej? Tego dowiecie si\u0119 ju\u017c za chwil\u0119&#8230;<\/p>\n<h2>1. LinkedIn nie jest wirtualnym CV!<\/h2>\n<p>To fakt. Profil personalny na LinkedInie pod wzgl\u0119dem struktury do z\u0142udzenia przypomina popularne CV. Traktujcie go jednak jako landing page, czyli stron\u0119 l\u0105dowania z reklamy. Pewnie nieraz zdarzy\u0142o Wam si\u0119 w jak\u0105\u015b klikn\u0105\u0107, bo zainteresowa\u0142 Was produkt, kt\u00f3ry przedstawia\u0142a. Je\u015bli tak, to z pewno\u015bci\u0105 chcieli\u015bcie zobaczy\u0107 dok\u0142adnie ten produkt i jego specyfikacj\u0119, a nie produkty komplementarne czy zupe\u0142nie niezgodne z ofert\u0105, kt\u00f3ra przyku\u0142a Wasz\u0105 uwag\u0119. Tak ma by\u0107 te\u017c w przypadku Waszego profilu na LinkedInie. Musi zawiera\u0107 konkret na Wasz temat, kt\u00f3ry chcecie przedstawi\u0107 swojej grupie docelowej. Wszystko, co w nim napiszecie, ma udowodni\u0107 odbiorcy, \u017ce dobrze trafi\u0142 i jeste\u015bcie t\u0105 osob\u0105, kt\u00f3rej poszukiwa\u0142.<\/p>\n<h3>English, Bejbi?<\/h3>\n<p>Pami\u0119tajcie przy tym, aby konstruowa\u0107 profil w j\u0119zyku, w kt\u00f3rym chcecie pracowa\u0107. Je\u015bli zatem docelowo marzy si\u0119 Wam wsp\u00f3\u0142praca z rodakami \u2013 po co pisa\u0107 na profilu po angielsku? Wi\u0119kszo\u015b\u0107 os\u00f3b z pewno\u015bci\u0105 mniej wi\u0119cej zrozumie Wasz przekaz, ale&#8230; je\u015bli nie s\u0105 biegli w tym j\u0119zyku, po prostu nie b\u0119d\u0105 si\u0119 anga\u017cowa\u0107 pod Waszymi tre\u015bciami.<\/p>\n<p>Mam jednak recept\u0119 dla niezdecydowanych! Jest opcja stworzenia swojego profilu na LinkedInie w wielu j\u0119zykach. Trudno\u015b\u0107 polega jednak na tym, \u017ce trzeba sobie ka\u017cd\u0105 sekcj\u0119 samodzielnie przet\u0142umaczy\u0107. Chocia\u017c jakby si\u0119 nad tym g\u0142\u0119biej zastanowi\u0107, mo\u017ce to i dobrze, bo gdyby LinkedIn mia\u0142 zrobi\u0107 to za Was, z pewno\u015bci\u0105 Wasz profil wybrzmiewa\u0142by mniej wi\u0119cej tak: \u201eJa robi\u0107 du\u017co zawodowo i&#8230; ja chcie\u0107 wi\u0119cej!\u201d.<\/p>\n<h2>2. I\u2019m too sexy for&#8230; my profile<\/h2>\n<p>\u017byjemy w czasach komunikacji obrazowej. Dowodem na to jest z pewno\u015bci\u0105 globalny fenomen Instagrama. Na LinkedInie jednak magicznie o tym zapominamy. Wi\u0119kszo\u015b\u0107 z Was nie doda\u0142a \u017cadnego zdj\u0119cia w tle, a i Wasze zdj\u0119cia profilowe pozostawiaj\u0105 wiele do \u017cyczenia. Zacznijmy jednak od pocz\u0105tku&#8230;<\/p>\n<p>Zdj\u0119cie profilowe i zdj\u0119cie w tle to pierwszy punkt styku z Wasz\u0105 mark\u0105 osobist\u0105. Je\u015bli tutaj zawiedziecie, tracicie uwag\u0119 innych u\u017cytkownik\u00f3w. A jest o co walczy\u0107! Profile ze zdj\u0119ciem generuj\u0105 21 razy wi\u0119cej ods\u0142on ni\u017c te bez niego. W dodatku je\u015bli czujecie si\u0119 zbyt sexy na to, by pokazywa\u0107 si\u0119 innym w social mediach, pami\u0119tajcie o tym, \u017ce brak zdj\u0119cia profilowego coraz cz\u0119\u015bciej traktowany jest na r\u00f3wni z fake kontem.<\/p>\n<p>Jakie powinno by\u0107 zdj\u0119cie profilowe? Zaskocz\u0119 Was&#8230; Powinno by\u0107 to aktualne zdj\u0119cie twarzy, poniewa\u017c avatar w mediach spo\u0142eczno\u015bciowych ma spe\u0142nia\u0107 dwa cele: przykuwa\u0107 wzrok i u\u0142atwia\u0107 rozpoznanie w \u015bwiecie rzeczywistym. A co ze zdj\u0119ciem w tle? Tutaj szk\u00f3\u0142 jest kilka.<\/p>\n<p><strong>Je\u015bli Wasz LinkedIn ma s\u0142u\u017cy\u0107 celom firmowym \u2013 najlepiej stworzy\u0107 sp\u00f3jny cover i udost\u0119pni\u0107 wszystkim pracownikom, kt\u00f3rzy silnie identyfikuj\u0105 si\u0119 z organizacj\u0105.<\/strong><\/p>\n<p>Mo\u017cecie te\u017c za po\u015brednictwem zdj\u0119cia w tle informowa\u0107 o swoich nowych produktach lub us\u0142ugach \u2013 tak jak to robi Micha\u0142 Kanarkiewicz lub ja.<\/p>\n<p><img decoding=\"async\" class=\"aligncenter size-full wp-image-37291\" src=\"https:\/\/sprawnymarketing.pl\/wp-content\/uploads\/2020\/07\/cover-photo-linkedin.png\" alt=\"cover photo linkedin\" width=\"795\" height=\"258\" srcset=\"https:\/\/sprawnymarketing.pl\/wp-content\/uploads\/2020\/07\/cover-photo-linkedin.png 795w, https:\/\/sprawnymarketing.pl\/wp-content\/uploads\/2020\/07\/cover-photo-linkedin-300x97.png 300w, https:\/\/sprawnymarketing.pl\/wp-content\/uploads\/2020\/07\/cover-photo-linkedin-530x172.png 530w, https:\/\/sprawnymarketing.pl\/wp-content\/uploads\/2020\/07\/cover-photo-linkedin-768x249.png 768w\" sizes=\"(max-width: 795px) 100vw, 795px\" \/><\/p>\n<p>Rys. 1. Dla Micha\u0142a Kanarkiewicza cover photo na LinkedInie jest wymarzonym miejscem do informowania spo\u0142eczno\u015bci o jego nowych produktach<\/p>\n<p><img decoding=\"async\" class=\"aligncenter size-full wp-image-37293\" src=\"https:\/\/sprawnymarketing.pl\/wp-content\/uploads\/2020\/07\/zdj\u0119cie-w-tle-na-linkedinie.png\" alt=\"zdj\u0119cie w tle na linkedinie\" width=\"887\" height=\"391\" srcset=\"https:\/\/sprawnymarketing.pl\/wp-content\/uploads\/2020\/07\/zdj\u0119cie-w-tle-na-linkedinie.png 887w, https:\/\/sprawnymarketing.pl\/wp-content\/uploads\/2020\/07\/zdj\u0119cie-w-tle-na-linkedinie-300x132.png 300w, https:\/\/sprawnymarketing.pl\/wp-content\/uploads\/2020\/07\/zdj\u0119cie-w-tle-na-linkedinie-530x234.png 530w, https:\/\/sprawnymarketing.pl\/wp-content\/uploads\/2020\/07\/zdj\u0119cie-w-tle-na-linkedinie-768x339.png 768w\" sizes=\"(max-width: 887px) 100vw, 887px\" \/><\/p>\n<p>Rys. 2. Z poziomu swojego cover photo ju\u017c na pierwszy rzut oka informuj\u0119 odwiedzaj\u0105cych m\u00f3j profil o moich us\u0142ugach<\/p>\n<p>Ewentualnie zamie\u015b\u0107cie tam motto, kt\u00f3rym kierujecie si\u0119 w swoim \u017cyciu zawodowym lub \u2013 jak Grzegorz Miecznikowski \u2013 wykorzystajcie sw\u00f3j cover do komunikowania danych kontaktowych.<\/p>\n<p><img decoding=\"async\" class=\"aligncenter size-full wp-image-37292\" src=\"https:\/\/sprawnymarketing.pl\/wp-content\/uploads\/2020\/07\/cover-photo-na-linkedinie.png\" alt=\"cover photo na linkedinie\" width=\"796\" height=\"262\" srcset=\"https:\/\/sprawnymarketing.pl\/wp-content\/uploads\/2020\/07\/cover-photo-na-linkedinie.png 796w, https:\/\/sprawnymarketing.pl\/wp-content\/uploads\/2020\/07\/cover-photo-na-linkedinie-300x99.png 300w, https:\/\/sprawnymarketing.pl\/wp-content\/uploads\/2020\/07\/cover-photo-na-linkedinie-530x174.png 530w, https:\/\/sprawnymarketing.pl\/wp-content\/uploads\/2020\/07\/cover-photo-na-linkedinie-768x253.png 768w\" sizes=\"(max-width: 796px) 100vw, 796px\" \/><\/p>\n<p>Rys. 3. Grzegorz Miecznikowski \u015bmia\u0142o wykorzystuje cover photo do komunikowania swoich danych kontaktowych<\/p>\n<p>Na koniec pami\u0119tajcie, \u017ce mo\u017ce to i slogan, ale&#8230; obraz naprawd\u0119 wart jest tyle, co tysi\u0105c s\u0142\u00f3w i ma szans\u0119 zbudowa\u0107 solidne podstawy pod Wasz\u0105 profesjonaln\u0105 komunikacj\u0119 wizualn\u0105.<\/p>\n<blockquote><p>Bo kto ma, temu b\u0119dzie dodane, i nadmiar mie\u0107 b\u0119dzie; kto za\u015b nie ma, temu zabior\u0105 r\u00f3wnie\u017c to, co ma (Mt 13, 12) \u2013 efekt Mateusza (Ewangelisty).<\/p><\/blockquote>\n<p>Zabrzmia\u0142o powa\u017cnie, lecz w kontek\u015bcie LinkedIna chodzi o s\u0142owa kluczowe, kt\u00f3rymi Wasz profil powinien by\u0107 m\u0105drze naszpikowany, by mia\u0142 szans\u0119 na Was pracowa\u0107. Zacznijmy jednak od tego, \u017ce&#8230;<\/p>\n<h2>3. Aposto\u0142om ju\u017c podzi\u0119kujemy<\/h2>\n<p>Aposto\u0142owie, Ewangeli\u015bci&#8230; teoretycznie wyst\u0119puj\u0105 tylko w Biblii, ale w praktyce r\u00f3wnie\u017c i na LinkedInie! Tych pierwszych na dzie\u0144 dzisiejszy jest 18 tys., za\u015b tych drugich ponad 158 tys.! Nie zapomnijmy r\u00f3wnie\u017c o Happiness Managerach, kt\u00f3rych wyszukiwarka serwisu naliczy\u0142a ponad 16 mln!<\/p>\n<p>Dlaczego tworzenie dziwacznych nazw stanowisk na LinkedInie to b\u0142\u0105d? \u017beby to zrozumie\u0107, postawmy si\u0119 w pozycji klienta lub rekrutera, kt\u00f3ry b\u0119dzie poszukiwa\u0142 osoby do wsp\u00f3\u0142pracy. Zastan\u00f3wmy si\u0119, jakich s\u0142\u00f3w kluczowych u\u017cyje w wyszukiwarce. Nie liczmy na to, \u017ce zgadnie, jakie us\u0142ugi oferujemy, b\u0119d\u0105c Happiness Managerami, bo mo\u017cemy r\u00f3wnie dobrze pracowa\u0107 w marketingu, us\u0142ugach turystycznych, jak i w domu publicznym&#8230; w ko\u0144cu jeste\u015bmy dawcami szcz\u0119\u015bcia \ud83d\ude09.<\/p>\n<p>Nie celujcie te\u017c w nag\u0142\u00f3wek zawodowy w stylu: \u201ePomog\u0119 Tobie rozwin\u0105\u0107 sw\u00f3j biznes\u201d, bo po pierwsze zabrzmicie troch\u0119 jak smutni coachowie rozwoju osobistego, a po drugie&#8230; czy serio, szukaj\u0105c us\u0142ugodawcy lub pracownika, wpisujecie w Google pe\u0142ne zdania, czy mo\u017ce jednak konkretne frazy typu Social Media Specialist?<\/p>\n<p><strong>Jak zatem zrobi\u0107 to dobrze? Polecam nast\u0119puj\u0105ca struktur\u0119:<\/strong><\/p>\n<p><span style=\"background-color: #ffff00;\"><strong>Nazwa aktualnie piastowanego stanowiska | S\u0142owo klucz 1, po kt\u00f3rym chcecie si\u0119 pozycjonowa\u0107 | S\u0142owo klucz 2 i tak dalej, a\u017c do wyczerpania limitu 120 znak\u00f3w.<\/strong><\/span><\/p>\n<p>Dlaczego nag\u0142\u00f3wek zawodowy ma podw\u00f3jne znaczenie? Poniewa\u017c pojawia si\u0119 przy ka\u017cdym komentarzu, kt\u00f3ry zamie\u015bcisz w serwisie. Prze\u015bled\u017amy to na konkretnym przyk\u0142adzie.<\/p>\n<p>Wojtek: organizator wydarze\u0144, kierownik zespo\u0142u ds. realizacji zada\u0144 \u2013 nie mamy poj\u0119cia czym si\u0119 zajmuje.<\/p>\n<p>Piotr Kurek: Content Manager | Webwriter | Social Media Marketer | Copywriter \u2013 macie zlecenie na napisanie copy pod social media lub stron\u0119 www? Mo\u017cecie zg\u0142osi\u0107 si\u0119 do Piotrka. Widzicie, na czym polega ta r\u00f3\u017cnica? Na zach\u0119t\u0119 dodam jeszcze, \u017ce u\u017cytkownicy z dobrze napisanym nag\u0142\u00f3wkiem zawodowym maj\u0105 16 razy wi\u0119ksz\u0105 szans\u0119 na pokazanie si\u0119 w wynikach wyszukiwania swojej grupy docelowej<\/p>\n<h2>4. Domy\u015blcie si\u0119<\/h2>\n<p>O ile na LinkedInie jeszcze jako tako wype\u0142niacie sekcj\u0119 \u201eDo\u015bwiadczenie\u201d, to zapominacie ju\u017c opisa\u0107 w punktach, czym si\u0119 konkretnie zajmowali\u015bcie na poszczeg\u00f3lnych stanowiskach na przestrzeni lat. Dzi\u0119ki temu na w\u0142asne \u017cyczenie tracicie kolejne miejsce, w kt\u00f3rym mog\u0142yby si\u0119 pojawi\u0107 korzystne dla Waszego profilu s\u0142owa kluczowe. Wi\u0119kszym grzechem jest jednak pomini\u0119cie sekcji \u201eInformacje\u201d, kt\u00f3ra kiedy\u015b nosi\u0142a nazw\u0119 \u201ePodsumowanie Zawodowe\u201d.<\/p>\n<p>Czym jest ona w praktyce? Odpowiednikiem \u2013 by\u0107 mo\u017ce nieco rozwini\u0119tym \u2013 Waszego biogramu. Nierzadko informacje zawarte w tej sekcji decyduj\u0105 o podj\u0119ciu wsp\u00f3\u0142pracy w\u0142a\u015bnie z Wami. Dlatego bezwzgl\u0119dnie trzeba j\u0105 wype\u0142ni\u0107 tekstem, a nie kaza\u0107 si\u0119 domy\u015bla\u0107 odwiedzaj\u0105cym profil, czym si\u0119 zajmujecie zawodowo!<\/p>\n<p>Jak zatem zrobi\u0107 to dobrze? Do dyspozycji macie 2 tys. znak\u00f3w oraz za\u0142\u0105czniki, kt\u00f3re uatrakcyjni\u0105 Wasz przekaz i b\u0119d\u0105 stanowi\u0107 swoisty reason to believe, \u017ce opisywane zdarzenia mia\u0142y faktycznie miejsce.<\/p>\n<p><strong>Najkorzystniej jest podzieli\u0107 sw\u00f3j biogram na LinkedInie na 4 akapity:<\/strong><\/p>\n<ol>\n<li>Pierwszy odpowiada\u0107 powinien na pytanie: \u201eKim jestem teraz zawodowo?\u201d, czyli zawiera\u0107 2-3 zdania na temat aktualnie piastowanego stanowiska.<\/li>\n<li>Drugi akapit powinien mie\u0107 odzwierciedlenie w odpowiedzi na pytanie: \u201eJak do tego doszed\u0142em?\u201d, czyli by\u0107 kr\u00f3tkim opisem najwa\u017cniejszych element\u00f3w z dotychczasowej \u015bcie\u017cki kariery.<\/li>\n<li>Trzeci akapit powinien zawiera\u0107 Wasz pow\u00f3d do dumy. Mog\u0105 to by\u0107 ciekawe studia podyplomowe lub zagraniczne, zdobyte nagrody, niezwyk\u0142e pasje \u2013 innymi s\u0142owy co\u015b, co Was wyr\u00f3\u017cni spo\u015br\u00f3d os\u00f3b, kt\u00f3re teoretycznie maj\u0105 bardzo podobne kompetencje. Opcjonalnie mo\u017cna doda\u0107 kr\u00f3tki akapit dotycz\u0105cy us\u0142ug, kt\u00f3re \u015bwiadczycie.<\/li>\n<li>Na ko\u0144cu warto doda\u0107 CTA, np. w postaci tekstu: \u201eZapraszam do kontakt\u00f3w poprzez LinkedIn lub do kontaktu mailowego\u201d.<\/li>\n<\/ol>\n<p>Pami\u0119tajcie, \u017ce nie wszyscy musz\u0105 chcie\u0107 by\u0107 w Waszej sieci kontakt\u00f3w, ale mog\u0105 chcie\u0107 skr\u00f3ci\u0107 \u015bcie\u017ck\u0119 zakupow\u0105 lub rekrutacyjn\u0105 i zaszczyci\u0107 Was wiadomo\u015bci\u0105 w skrzynce poczty elektronicznej. Dlaczego by im tego nie u\u0142atwi\u0107?<\/p>\n<h3>Konkrety prosz\u0119!<\/h3>\n<p>I cho\u0107 do dyspozycji macie a\u017c 2 tys. znak\u00f3w&#8230; szanujcie czas swoich odbiorc\u00f3w i nie wykorzystujcie ca\u0142ego limitu. Nie zapomnijcie te\u017c operowa\u0107 konkretem. Wasze zawodowe podsumowanie ma by\u0107 charakterystyczne dla Was i tylko dla Was. Je\u015bli zatem napiszecie, \u017ce pracowali\u015bcie dla wielu presti\u017cowych firm i macie kilkuletnie do\u015bwiadczenie w bran\u017cy, to pod Wasze imi\u0119 i nazwisko mog\u0119 podstawi\u0107 dowolnego konkurenta i nadal b\u0119dzie pasowa\u0142o. Chyba nie o to Wam chodzi\u0142o&#8230;<\/p>\n<p><span style=\"background-color: #ffff00;\"><strong>Je\u015bli Wasze do\u015bwiadczenie zawodowe by\u0142o budowane przyk\u0142adowo od 1995 r. \u2013 \u015bmia\u0142o tak to okre\u015blcie. Je\u015bli jednak zacz\u0119\u0142o si\u0119 po roku 2000, operujcie liczb\u0105, np. ponad 10-letnie do\u015bwiadczenie. Wynika to z faktu, \u017ce nadal jeste\u015bmy w roku 2000 i nasze m\u00f3zgi my\u015bl\u0105, \u017ce wszystko, co oscyluje wok\u00f3\u0142 tej daty, odby\u0142o si\u0119 niedawno.<\/strong><\/span><\/p>\n<p>Je\u015bli pracowali\u015bcie z du\u017cymi firmami lub wydawnictwami \u2013 wymie\u0144cie je z nazwy! Je\u015bli jednak ograniczaj\u0105 Was umowy o zachowaniu poufno\u015bci \u2013 grajcie liczbami, pisz\u0105c na przyk\u0142ad, \u017ce zrealizowali\u015bcie ponad 50 projekt\u00f3w strategicznych dla bran\u017cy FMCG. No i pami\u0119tajcie o tym, \u017ce&#8230;<\/p>\n<blockquote><p>Ka\u017cde k\u0142amstwo to d\u0142ug zaci\u0105gni\u0119ty wobec prawdy. Pr\u0119dzej czy p\u00f3\u017aniej trzeba b\u0119dzie go sp\u0142aci\u0107 \u2013 serial \u201eCzarnobyl\u201d.<\/p><\/blockquote>\n<p>Marka osobista musi opiera\u0107 si\u0119 na prawdzie i autentyczno- \u015bci. Tak\u017ce na LinkedInie nie warto k\u0142ama\u0107 i naci\u0105ga\u0107 rzeczywisto\u015bci, bo Internet bardzo szybko to zweryfikuje.<\/p>\n<h2>5. Chwalcie mnie! Sami z siebie&#8230; Czyli rekomendacje na LinkedInie<\/h2>\n<p>Profil personalny na LinkedInie ma dwie \u015bwietne sekcje: \u201eUmiej\u0119tno\u015bci\u201d i \u201eRekomendacje\u201d. Cz\u0119sto to one tak naprawd\u0119 decyduj\u0105 o tym, czy kto\u015b nawi\u0105\u017ce z Wami wsp\u00f3\u0142prac\u0119 lub zaprosi Was do udzia\u0142u w rekrutacji. Dlaczego wi\u0119c \u015bwiec\u0105 pustkami?<\/p>\n<p><strong>PORADA<\/strong><\/p>\n<p><strong>Umiej\u0119tno\u015bci definiujecie na LinkedInie sami. Powinno by\u0107 ich co najmniej pi\u0119\u0107, dzi\u0119ki czemu b\u0119dziecie 27 razy cz\u0119\u015bciej wyskakiwa\u0107 w wynikach wyszukiwania. Najlepiej jednak doda\u0107 ich wi\u0119cej, bo to po prostu odpowiednik fraz kluczowych, na kt\u00f3re chcecie si\u0119 pozycjonowa\u0107.<\/strong><\/p>\n<p>Trzy najcz\u0119\u015bciej potwierdzane umiej\u0119tno\u015bci znajduj\u0105 si\u0119 w pierwszym widoku. Je\u015bli jednak te najpopularniejsze nie s\u0105 dla Was najwa\u017cniejsze \u2013 w ustawieniach mo\u017cna zmieni\u0107 ich kolejno\u015b\u0107 i wrzuci\u0107 na TOP te, kt\u00f3re najsilniej koreluj\u0105 z Waszymi markami osobistymi. Umiej\u0119tno\u015bci potwierdzi\u0107 jest jednak \u0142atwo. To dos\u0142ownie kilka klikni\u0119\u0107 wraz z okre\u015bleniem stopnia ich opanowania przez u\u017cytkownika. O wiele trudniej zdoby\u0107 rekomendacje.<\/p>\n<p><strong>W kontek\u015bcie rekomendacji warto pami\u0119ta\u0107 o kilku kwestiach:<\/strong><\/p>\n<ul>\n<li>LinkedIn wymusza okre\u015blenie zale\u017cno\u015bci zawodowej w momencie pro\u015bby o rekomendacj\u0119. Je\u015bli pracowali\u015bcie z kim\u015b na wysokim szczeblu zarz\u0105dzania, u\u017cyjcie frazy: \u201epracowali\u015bmy razem, ale w r\u00f3\u017cnych firmach\u201d zamiast okre\u015blenia, \u017ce ta osoba by\u0142a Waszym klientem, bo czasami management jest wra\u017cliwy na nazewnictwo.<\/li>\n<li>Pro\u015bcie o rekomendacje jak najszybciej po zako\u0144czonej wsp\u00f3\u0142pracy lub w jej trakcie \u2013 gdy druga strona jest wybitnie zadowolona.<\/li>\n<li>Zawsze okre\u015blcie, jakiej aktywno\u015bci ma dotyczy\u0107 rekomendacja i nie zdawajcie si\u0119 na LinkedInowe gotowce.<\/li>\n<li>Pami\u0119tajcie, \u017ce dla LinkedIna licz\u0105 si\u0119 unikalne rekomendacje, czyli takie, kt\u00f3re kto\u015b Wam wystawi\u0142, a Wy si\u0119 za nie odwdzi\u0119czyli\u015bcie. Jednak w tej kwestii mo\u017cecie \u015bmia\u0142o zignorowa\u0107 preferencje serwisu i skupi\u0107 si\u0119 na realnych u\u017cytkownikach, kt\u00f3rzy po prostu chc\u0105 je zobaczy\u0107 i utwierdzi\u0107 si\u0119 w przekonaniu, \u017ce jeste\u015bcie w\u0142a\u015bciwymi osobami do wsp\u00f3\u0142pracy.<\/li>\n<\/ul>\n<h2>6. Martwy profil na LinkedInie<\/h2>\n<p>Na tym mo\u017cna tym mo\u017cna by\u0142oby zako\u0144czy\u0107. Je\u015bli zastosujecie si\u0119 do moich wskaz\u00f3wek, Wasz profil personalny b\u0119dzie w zasadzie wype\u0142niony w 100%! Jednak mam dla Was breaking news&#8230; LinkedIn to medium spo\u0142eczno\u015bciowe \u2013 z ca\u0142ym dobrodziejstwem inwentarza.<\/p>\n<p><strong>Dlatego te\u017c nie mo\u017cna mie\u0107 martwego profilu i warto:<\/strong><\/p>\n<ul>\n<li>Nie tylko przyjmowa\u0107 zaproszenia do sieci kontakt\u00f3w, ale r\u00f3wnie\u017c samodzielnie je wysy\u0142a\u0107.<\/li>\n<li>Udziela\u0107 si\u0119 pod postami innych os\u00f3b.<\/li>\n<li>Tworzy\u0107 w\u0142asny content.<\/li>\n<\/ul>\n<p>Zw\u0142aszcza, \u017ce dla 78% respondent\u00f3w bior\u0105cych udzia\u0142 w badaniu Personal Branding w Polsce 2018, content i dzielenie si\u0119 wiedz\u0105 wzmacniaj\u0105 wiarygodno\u015b\u0107 marki osobistej. A dla 65% os\u00f3b wp\u0142yw na to, jak Wasze marki b\u0119d\u0105 postrzegane, ma r\u00f3wnie\u017c Wasza&#8230; aktywno\u015b\u0107 w social mediach.<\/p>\n<blockquote><p>Tw\u00f3j g\u0142os jest wart uwagi. Uwierz w niego \u2013 John Lasseter.<\/p><\/blockquote>\n<p>Niespe\u0142na 2% polskich u\u017cytkownik\u00f3w LinkedIna to osoby, kt\u00f3re faktycznie zamieszczaj\u0105 w tym serwisie tre\u015bci. Reszta to komentatorzy lub bierni obserwatorzy, zatem stosunkowo \u0142atwo b\u0119dzie Wam si\u0119 przebi\u0107, je\u015bli tylko zaczniecie!<\/p>\n<h3>Kiedy, co, jak?<\/h3>\n<p>Publikujcie od poniedzia\u0142ku do czwartku, bo w pi\u0105tek i weekendy ma\u0142o kto chce siedzie\u0107 w medium biznesowym, jakim jest LinkedIn. Najlepiej w godzinach pracy, bo wtedy jest w nich obecna Wasza grupa docelowa. Wyj\u0105tek stanowi rekrutacja. Posty o takim charakterze \u015bmia\u0142o wrzucajcie w pi\u0105tki, weekendy i wieczorami, bo rzadko kto jest takim hardcorem, \u017ce szuka pracy&#8230; siedz\u0105c w obecnej.<\/p>\n<p><strong>Skupcie si\u0119 na:<\/strong><\/p>\n<ul>\n<li>newsach bran\u017cowych (kt\u00f3re poka\u017c\u0105, \u017ce trzymacie r\u0119k\u0119 na pulsie),<\/li>\n<li>eksperckich radach,<\/li>\n<li>case studies,<\/li>\n<li>dzieleniu si\u0119 wiedz\u0105.<\/li>\n<\/ul>\n<p>W tym ostatnim obszarze warto kroi\u0107 content na cienkie plasterki. Innymi s\u0142owy, co jaki\u015b czas okre\u015blajcie jaki\u015b gruby temat, kt\u00f3ry chcecie om\u00f3wi\u0107 na LinkedIn i dzielcie go na kawa\u0142ki, tworz\u0105c w ten spos\u00f3b ciekawe cykle. Nie zapomnijcie o dywersyfikacji tre\u015bci, bo nikt nie lubi nudy! Zw\u0142aszcza, \u017ce do post\u00f3w i artyku\u0142\u00f3w na LinkedInie mo\u017cna doda\u0107 zdj\u0119cia, materia\u0142y wideo, linki, a nawet PDF-y i PowerPointy. \ud83d\ude09<\/p>\n<p><strong>Kluczem do sukcesu s\u0105 trzy rzeczy:<\/strong><\/p>\n<ol>\n<li>regularno\u015b\u0107 \u2013 (2-3 posty tygodniowo),<\/li>\n<li>prostota \u2013 Wasz przekaz ma by\u0107 prosty i zrozumia\u0142y jak warszawskie, a nie paryskie metro&#8230;<\/li>\n<li>zadawanie pyta\u0144.<\/li>\n<\/ol>\n<p>Serio: magiczna formu\u0142a: \u201eA co Wy s\u0105dzicie na ten temat?\u201d lub \u201eJakie s\u0105 Wasze do\u015bwiadczenia?\u201d niesamowicie podbija zaanga\u017cowanie na LinkedInie, bo tylko w tym medium \u2013 jak w \u017cadnym innym \u2013 ludzie NAPRAWD\u0118 chc\u0105 powiedzie\u0107, co s\u0105dz\u0105 na ten temat&#8230;<\/p>\n<p>I to by by\u0142o na tyle. Mam nadziej\u0119, \u017ce znajomo\u015b\u0107 najcz\u0119\u015bciej pope\u0142nianych b\u0142\u0119d\u00f3w w tym serwisie zach\u0119ci Was do modyfikacji Waszych profili i rewizji strategii contentowej. Trzymam kciuki i niech moc LinkedIna b\u0119dzie z Wami!<\/p>\n<p><span style=\"color: #ff0000; background-color: #ffff00;\"><strong><a style=\"color: #ff0000; background-color: #ffff00;\" href=\"https:\/\/sprawnymarketing.pl\/szkolenia\/social-media-marketing\/\">Dowiedz si\u0119 wi\u0119cej na temat prowadzenia swojego profilu na LinkedInie &#8211; we\u017a udzia\u0142 w szkoleniu Dagmary Pakulskiej &#8222;LinkedIn + Twitter&#8221;!<\/a><\/strong><\/span><\/p>\n","protected":false},"excerpt":{"rendered":"<p>Mog\u0142abym by\u0107 milionerk\u0105, gdybym dostawa\u0142a chocia\u017c 5 z\u0142 za ka\u017cdym razem, gdy s\u0142ysz\u0119, \u017ce macie profile na LinkedInie, ale nic si\u0119 z nimi nie dzieje. Nikt Was dzi\u0119ki nim nie zrekrutowa\u0142, nie uda\u0142o Wam si\u0119 nawet zainicjowa\u0107 sprzeda\u017cy, ani tym bardziej pozyska\u0107 za ich po\u015brednictwem nowych klient\u00f3w. Szok i niedowierzanie. Wszystko jednak staje si\u0119 jasne, [&hellip;]<\/p>\n","protected":false},"author":193,"featured_media":37306,"comment_status":"open","ping_status":"open","sticky":false,"template":"","format":"standard","meta":{"_acf_changed":false,"footnotes":""},"categories":[1149],"tags":[],"coauthors":[1357],"acf":[],"yoast_head":"<!-- This site is optimized with the Yoast SEO Premium plugin v24.1 (Yoast SEO v24.4) - https:\/\/yoast.com\/wordpress\/plugins\/seo\/ -->\n<title>Zobacz 6 najcz\u0119\u015bciej pope\u0142nianych b\u0142\u0119d\u00f3w na LinkedInie<\/title>\n<meta name=\"description\" content=\"B\u0142\u0119dy na LinkedInie zdarzaj\u0105 si\u0119 ka\u017cdemu. Przeczytaj artyku\u0142 Dagmary Pakulskiej i dowiedz si\u0119, jakie z nich s\u0105 najcz\u0119stsze oraz jak ich unika\u0107!\" \/>\n<meta name=\"robots\" content=\"index, follow, max-snippet:-1, max-image-preview:large, max-video-preview:-1\" \/>\n<link rel=\"canonical\" href=\"https:\/\/sprawnymarketing.pl\/blog\/6-najczesciej-popelnianych-bledow-na-linkedinie\/\" \/>\n<meta property=\"og:locale\" content=\"pl_PL\" \/>\n<meta property=\"og:type\" content=\"article\" \/>\n<meta property=\"og:title\" content=\"6 najcz\u0119\u015bciej pope\u0142nianych b\u0142\u0119d\u00f3w na LinkedInie\" \/>\n<meta property=\"og:description\" content=\"B\u0142\u0119dy na LinkedInie zdarzaj\u0105 si\u0119 ka\u017cdemu. Przeczytaj artyku\u0142 Dagmary Pakulskiej i dowiedz si\u0119, jakie z nich s\u0105 najcz\u0119stsze oraz jak ich unika\u0107!\" \/>\n<meta property=\"og:url\" content=\"https:\/\/sprawnymarketing.pl\/blog\/6-najczesciej-popelnianych-bledow-na-linkedinie\/\" \/>\n<meta property=\"og:site_name\" content=\"sprawny.marketing \u2022 Szkolenia \u2022 Konferencje \u2022 Magazyn\" \/>\n<meta property=\"article:publisher\" content=\"https:\/\/www.facebook.com\/SprawnyMarketing\/\" \/>\n<meta property=\"article:published_time\" content=\"2020-07-09T06:19:08+00:00\" \/>\n<meta property=\"article:modified_time\" content=\"2020-07-09T06:19:13+00:00\" \/>\n<meta property=\"og:image\" content=\"https:\/\/sprawnymarketing.pl\/wp-content\/uploads\/2020\/07\/560x315-6-najcz\u0119\u015bciej-pope\u0142nianych-b\u0142\u0119d\u00f3w-na-LinkedInie.png\" \/>\n\t<meta property=\"og:image:width\" content=\"560\" \/>\n\t<meta property=\"og:image:height\" content=\"315\" \/>\n\t<meta property=\"og:image:type\" content=\"image\/png\" \/>\n<meta name=\"author\" content=\"Dagmara Pakulska\" \/>\n<meta name=\"twitter:card\" content=\"summary_large_image\" \/>\n<meta name=\"twitter:label1\" content=\"Napisane przez\" \/>\n\t<meta name=\"twitter:data1\" content=\"Dagmara Pakulska\" \/>\n\t<meta name=\"twitter:label2\" content=\"Szacowany czas czytania\" \/>\n\t<meta name=\"twitter:data2\" content=\"12 minut\" \/>\n\t<meta name=\"twitter:label3\" content=\"Written by\" \/>\n\t<meta name=\"twitter:data3\" content=\"Dagmara Pakulska\" \/>\n<!-- \/ Yoast SEO Premium plugin. -->","yoast_head_json":{"title":"Zobacz 6 najcz\u0119\u015bciej pope\u0142nianych b\u0142\u0119d\u00f3w na LinkedInie","description":"B\u0142\u0119dy na LinkedInie zdarzaj\u0105 si\u0119 ka\u017cdemu. Przeczytaj artyku\u0142 Dagmary Pakulskiej i dowiedz si\u0119, jakie z nich s\u0105 najcz\u0119stsze oraz jak ich unika\u0107!","robots":{"index":"index","follow":"follow","max-snippet":"max-snippet:-1","max-image-preview":"max-image-preview:large","max-video-preview":"max-video-preview:-1"},"canonical":"https:\/\/sprawnymarketing.pl\/blog\/6-najczesciej-popelnianych-bledow-na-linkedinie\/","og_locale":"pl_PL","og_type":"article","og_title":"6 najcz\u0119\u015bciej pope\u0142nianych b\u0142\u0119d\u00f3w na LinkedInie","og_description":"B\u0142\u0119dy na LinkedInie zdarzaj\u0105 si\u0119 ka\u017cdemu. Przeczytaj artyku\u0142 Dagmary Pakulskiej i dowiedz si\u0119, jakie z nich s\u0105 najcz\u0119stsze oraz jak ich unika\u0107!","og_url":"https:\/\/sprawnymarketing.pl\/blog\/6-najczesciej-popelnianych-bledow-na-linkedinie\/","og_site_name":"sprawny.marketing \u2022 Szkolenia \u2022 Konferencje \u2022 Magazyn","article_publisher":"https:\/\/www.facebook.com\/SprawnyMarketing\/","article_published_time":"2020-07-09T06:19:08+00:00","article_modified_time":"2020-07-09T06:19:13+00:00","og_image":[{"width":560,"height":315,"url":"https:\/\/sprawnymarketing.pl\/wp-content\/uploads\/2020\/07\/560x315-6-najcz\u0119\u015bciej-pope\u0142nianych-b\u0142\u0119d\u00f3w-na-LinkedInie.png","type":"image\/png"}],"author":"Dagmara Pakulska","twitter_card":"summary_large_image","twitter_misc":{"Napisane przez":"Dagmara Pakulska","Szacowany czas czytania":"12 minut","Written by":"Dagmara Pakulska"},"schema":{"@context":"https:\/\/schema.org","@graph":[{"@type":"Article","@id":"https:\/\/sprawnymarketing.pl\/blog\/6-najczesciej-popelnianych-bledow-na-linkedinie\/#article","isPartOf":{"@id":"https:\/\/sprawnymarketing.pl\/blog\/6-najczesciej-popelnianych-bledow-na-linkedinie\/"},"author":{"name":"Dagmara Pakulska","@id":"https:\/\/sprawnymarketing.pl\/#\/schema\/person\/067d205ec1eb419c3f58fb55903a7117"},"headline":"6 najcz\u0119\u015bciej pope\u0142nianych b\u0142\u0119d\u00f3w na LinkedInie","datePublished":"2020-07-09T06:19:08+00:00","dateModified":"2020-07-09T06:19:13+00:00","mainEntityOfPage":{"@id":"https:\/\/sprawnymarketing.pl\/blog\/6-najczesciej-popelnianych-bledow-na-linkedinie\/"},"wordCount":2490,"commentCount":0,"publisher":{"@id":"https:\/\/sprawnymarketing.pl\/#organization"},"image":{"@id":"https:\/\/sprawnymarketing.pl\/blog\/6-najczesciej-popelnianych-bledow-na-linkedinie\/#primaryimage"},"thumbnailUrl":"https:\/\/sprawnymarketing.pl\/wp-content\/uploads\/2020\/07\/560x315-6-najcz\u0119\u015bciej-pope\u0142nianych-b\u0142\u0119d\u00f3w-na-LinkedInie.png","articleSection":["Social Media"],"inLanguage":"pl-PL","potentialAction":[{"@type":"CommentAction","name":"Comment","target":["https:\/\/sprawnymarketing.pl\/blog\/6-najczesciej-popelnianych-bledow-na-linkedinie\/#respond"]}]},{"@type":"WebPage","@id":"https:\/\/sprawnymarketing.pl\/blog\/6-najczesciej-popelnianych-bledow-na-linkedinie\/","url":"https:\/\/sprawnymarketing.pl\/blog\/6-najczesciej-popelnianych-bledow-na-linkedinie\/","name":"Zobacz 6 najcz\u0119\u015bciej pope\u0142nianych b\u0142\u0119d\u00f3w na LinkedInie","isPartOf":{"@id":"https:\/\/sprawnymarketing.pl\/#website"},"primaryImageOfPage":{"@id":"https:\/\/sprawnymarketing.pl\/blog\/6-najczesciej-popelnianych-bledow-na-linkedinie\/#primaryimage"},"image":{"@id":"https:\/\/sprawnymarketing.pl\/blog\/6-najczesciej-popelnianych-bledow-na-linkedinie\/#primaryimage"},"thumbnailUrl":"https:\/\/sprawnymarketing.pl\/wp-content\/uploads\/2020\/07\/560x315-6-najcz\u0119\u015bciej-pope\u0142nianych-b\u0142\u0119d\u00f3w-na-LinkedInie.png","datePublished":"2020-07-09T06:19:08+00:00","dateModified":"2020-07-09T06:19:13+00:00","description":"B\u0142\u0119dy na LinkedInie zdarzaj\u0105 si\u0119 ka\u017cdemu. Przeczytaj artyku\u0142 Dagmary Pakulskiej i dowiedz si\u0119, jakie z nich s\u0105 najcz\u0119stsze oraz jak ich unika\u0107!","breadcrumb":{"@id":"https:\/\/sprawnymarketing.pl\/blog\/6-najczesciej-popelnianych-bledow-na-linkedinie\/#breadcrumb"},"inLanguage":"pl-PL","potentialAction":[{"@type":"ReadAction","target":["https:\/\/sprawnymarketing.pl\/blog\/6-najczesciej-popelnianych-bledow-na-linkedinie\/"]}]},{"@type":"ImageObject","inLanguage":"pl-PL","@id":"https:\/\/sprawnymarketing.pl\/blog\/6-najczesciej-popelnianych-bledow-na-linkedinie\/#primaryimage","url":"https:\/\/sprawnymarketing.pl\/wp-content\/uploads\/2020\/07\/560x315-6-najcz\u0119\u015bciej-pope\u0142nianych-b\u0142\u0119d\u00f3w-na-LinkedInie.png","contentUrl":"https:\/\/sprawnymarketing.pl\/wp-content\/uploads\/2020\/07\/560x315-6-najcz\u0119\u015bciej-pope\u0142nianych-b\u0142\u0119d\u00f3w-na-LinkedInie.png","width":560,"height":315},{"@type":"BreadcrumbList","@id":"https:\/\/sprawnymarketing.pl\/blog\/6-najczesciej-popelnianych-bledow-na-linkedinie\/#breadcrumb","itemListElement":[{"@type":"ListItem","position":1,"name":"Strona g\u0142\u00f3wna","item":"https:\/\/sprawnymarketing.pl\/"},{"@type":"ListItem","position":2,"name":"6 najcz\u0119\u015bciej pope\u0142nianych b\u0142\u0119d\u00f3w na LinkedInie"}]},{"@type":"WebSite","@id":"https:\/\/sprawnymarketing.pl\/#website","url":"https:\/\/sprawnymarketing.pl\/","name":"sprawny.marketing \u2022 Szkolenia \u2022 Konferencje \u2022 Magazyn","description":"","publisher":{"@id":"https:\/\/sprawnymarketing.pl\/#organization"},"potentialAction":[{"@type":"SearchAction","target":{"@type":"EntryPoint","urlTemplate":"https:\/\/sprawnymarketing.pl\/?s={search_term_string}"},"query-input":{"@type":"PropertyValueSpecification","valueRequired":true,"valueName":"search_term_string"}}],"inLanguage":"pl-PL"},{"@type":"Organization","@id":"https:\/\/sprawnymarketing.pl\/#organization","name":"sprawny.marketing \u2022 Szkolenia \u2022 Konferencje \u2022 Magazyn","url":"https:\/\/sprawnymarketing.pl\/","logo":{"@type":"ImageObject","inLanguage":"pl-PL","@id":"https:\/\/sprawnymarketing.pl\/#\/schema\/logo\/image\/","url":"https:\/\/sprawnymarketing.pl\/wp-content\/uploads\/2020\/07\/logo-3.png","contentUrl":"https:\/\/sprawnymarketing.pl\/wp-content\/uploads\/2020\/07\/logo-3.png","width":512,"height":106,"caption":"sprawny.marketing \u2022 Szkolenia \u2022 Konferencje \u2022 Magazyn"},"image":{"@id":"https:\/\/sprawnymarketing.pl\/#\/schema\/logo\/image\/"},"sameAs":["https:\/\/www.facebook.com\/SprawnyMarketing\/"]},{"@type":"Person","@id":"https:\/\/sprawnymarketing.pl\/#\/schema\/person\/067d205ec1eb419c3f58fb55903a7117","name":"Dagmara Pakulska","image":{"@type":"ImageObject","inLanguage":"pl-PL","@id":"https:\/\/sprawnymarketing.pl\/#\/schema\/person\/image\/edab7f2c695c4ebcc9ee74c92436ca16","url":"https:\/\/sprawnymarketing.pl\/wp-content\/uploads\/2020\/03\/Pakulska-150x150.png","contentUrl":"https:\/\/sprawnymarketing.pl\/wp-content\/uploads\/2020\/03\/Pakulska-150x150.png","caption":"Dagmara Pakulska"},"description":"Zwi\u0105zana z marketingiem od 7 lat. Przez wielu nazywana kr\u00f3low\u0105 Twittera \u2013 zna ten kana\u0142 medi\u00f3w spo\u0142eczno\u015bciowych od podszewki. Wyk\u0142ada na AGH, Wy\u017cszej Szkole Europejskiej i Uniwersytecie \u0141\u00f3dzkim.","url":"https:\/\/sprawnymarketing.pl\/blog\/autor\/dagmara-pakulska\/"}]}},"_links":{"self":[{"href":"https:\/\/sprawnymarketing.pl\/smblog-api\/wp\/v2\/posts\/37290"}],"collection":[{"href":"https:\/\/sprawnymarketing.pl\/smblog-api\/wp\/v2\/posts"}],"about":[{"href":"https:\/\/sprawnymarketing.pl\/smblog-api\/wp\/v2\/types\/post"}],"author":[{"embeddable":true,"href":"https:\/\/sprawnymarketing.pl\/smblog-api\/wp\/v2\/users\/193"}],"replies":[{"embeddable":true,"href":"https:\/\/sprawnymarketing.pl\/smblog-api\/wp\/v2\/comments?post=37290"}],"version-history":[{"count":5,"href":"https:\/\/sprawnymarketing.pl\/smblog-api\/wp\/v2\/posts\/37290\/revisions"}],"predecessor-version":[{"id":37310,"href":"https:\/\/sprawnymarketing.pl\/smblog-api\/wp\/v2\/posts\/37290\/revisions\/37310"}],"wp:featuredmedia":[{"embeddable":true,"href":"https:\/\/sprawnymarketing.pl\/smblog-api\/wp\/v2\/media\/37306"}],"wp:attachment":[{"href":"https:\/\/sprawnymarketing.pl\/smblog-api\/wp\/v2\/media?parent=37290"}],"wp:term":[{"taxonomy":"category","embeddable":true,"href":"https:\/\/sprawnymarketing.pl\/smblog-api\/wp\/v2\/categories?post=37290"},{"taxonomy":"post_tag","embeddable":true,"href":"https:\/\/sprawnymarketing.pl\/smblog-api\/wp\/v2\/tags?post=37290"},{"taxonomy":"author","embeddable":true,"href":"https:\/\/sprawnymarketing.pl\/smblog-api\/wp\/v2\/coauthors?post=37290"}],"curies":[{"name":"wp","href":"https:\/\/api.w.org\/{rel}","templated":true}]}}