{"id":29878,"date":"2016-11-02T14:08:09","date_gmt":"2016-11-02T13:08:09","guid":{"rendered":"https:\/\/sprawnymarketing.pl\/?p=29878"},"modified":"2022-12-29T13:17:56","modified_gmt":"2022-12-29T12:17:56","slug":"silna-marka-osobista","status":"publish","type":"post","link":"https:\/\/sprawnymarketing.pl\/blog\/silna-marka-osobista\/","title":{"rendered":"Jak zbudowa\u0107 siln\u0105 mark\u0119 osobist\u0105 w 3 krokach"},"content":{"rendered":"<p>Jeste\u015bmy przyzwyczajeni do<strong> kojarzenia s\u0142owa marka z tym, co pozytywne.<\/strong> M\u00f3wimy <strong>dobra marka<\/strong>.<\/p>\n<p>W kontek\u015bcie negatywnym wolimy dyskutowa\u0107 o z\u0142ej reputacji, kiepskim produkcie, fatalnej obs\u0142udze klienta. Zdecydowanie rzadziej o marnej marce. <strong>Tyle, \u017ce marka nie pojawia si\u0119 na pewnym etapie, kiedy ju\u017c zaczyna by\u0107 dobrze. Marka jest zawsze.<\/strong>\u00a0Ka\u017cdy z nas jest mark\u0105. Nie ka\u017cdy dba o ni\u0105 \u015bwiadomie i kompleksowo. I cho\u0107 w zale\u017cno\u015bci od tego, w kt\u00f3rym momencie \u017cycia podejmujesz decyzj\u0119 o budowaniu marki osobistej, r\u00f3\u017cnie mo\u017cesz j\u0105 pozycjonowa\u0107, ale zaczyna\u0107 zawsze powiniene\u015b od tego, co niewidoczne, od tego, co pod powierzchni\u0105 wody.<\/p>\n<p>Rewizja w\u0142asnych zasob\u00f3w, mo\u017cliwo\u015bci i ogranicze\u0144, \u015bwiadomo\u015b\u0107 tego, komu i w czym mo\u017ce marka pom\u00f3c, to pocz\u0105tek drogi.<\/p>\n<p>[Tweet &#8222;Ka\u017cdy z nas jest mark\u0105. Nie ka\u017cdy dba o ni\u0105 \u015bwiadomie i kompleksowo.&#8221;]<\/p>\n<h2>Korzy\u015bci dla Ciebie, korzy\u015bci dla niego<\/h2>\n<p>Korzy\u015bci ze \u015bwiadomego budowania marki osobistej le\u017c\u0105 po obu stronach barykady. <strong>Silne marki osobiste mog\u0105 liczy\u0107 na wy\u017csze premie cenowe, \u0142atwiej im zdobywa\u0107 nowe rynki lub dywersyfikowa\u0107 dzia\u0142ania i w wi\u0119kszo\u015bci przypadk\u00f3w odbiorcy szybciej wybaczaj\u0105 im b\u0142\u0119dy<\/strong> (oczywi\u015bcie w pewnych granicach). Ten ostatni argument jest szczeg\u00f3lnie istotny w przypadku marek osobistych, bo przecie\u017c nie myli si\u0119 tylko ten, kto nic nie robi.<br \/>\nZ drugiej strony jest odbiorca, kt\u00f3ry wie, czego mo\u017ce si\u0119 spodziewa\u0107 po marce i czuje si\u0119 z tym bezpiecznie. \u0141atwiej podj\u0105\u0107 mu decyzj\u0119 o zaanga\u017cowaniu w interakcj\u0119 z mark\u0105 i korzystanie z jej us\u0142ug, bez wzgl\u0119du na to, czy jest to potencjalny klient, pracodawca czy kandydatka na \u017con\u0119.<\/p>\n<p>Reputacja, kt\u00f3ra jest jednym z najwa\u017cniejszych zasob\u00f3w silnej marki otwiera drzwi, o kt\u00f3rych istnieniu mo\u017cesz jeszcze nie wiedzie\u0107. Korzy\u015bci\u0105 dla obu stron jest to, \u017ce si\u0142\u0105 ka\u017cdej marki jest wp\u0142yw (tym razem zdecydowanie ten pozytywny), jaki ma na \u017cycie swoich odbiorc\u00f3w. Marki byle jakie lub po prostu marne nie s\u0105 w stanie tego zrobi\u0107. Bo kto chcia\u0142by \u015bwiadomie wi\u0105za\u0107 si\u0119 i uto\u017csamia\u0107 z bylejako\u015bci\u0105?<\/p>\n<p><strong>Marka, kt\u00f3ra pozwala odbiorcy realizowa\u0107 jego w\u0142asny \u015bwiat warto\u015bci i podkre\u015blenie jego osobowo\u015bci, ma szans\u0119 zosta\u0107 z nim na d\u0142u\u017cej.<\/strong> \u017beby to zrobi\u0107, musi doskonale pozna\u0107 siebie.<\/p>\n<h2>Nie oceniam ksi\u0105\u017cki po ok\u0142adce<\/h2>\n<p>Cho\u0107 trudno si\u0119 do tego przyzna\u0107 &#8211; wszyscy to robimy. To naturalny proces, jeden z wielu oszcz\u0119dzaj\u0105cych energi\u0119 m\u00f3zgu. B\u0142\u0119dy poznawcze s\u0105 nieod\u0142\u0105cznym elementem my\u015blenia, bez wzgl\u0119du na to czy nam si\u0119 to podoba, czy nie. Trudno oceni\u0107 tre\u015b\u0107 ksi\u0105\u017cki, nie czytaj\u0105c jej. Pozostaje wi\u0119c wydanie pierwszego (mo\u017cliwe, \u017ce b\u0142\u0119dnego) os\u0105du na podstawie ok\u0142adki.<br \/>\nOk\u0142adka w przypadku marki osobistej to nie tylko wygl\u0105d zewn\u0119trzny. <strong>To r\u00f3wnie\u017c profile w mediach spo\u0142eczno\u015bciowych<\/strong>, spos\u00f3b, w jaki odbierasz telefon czy adres mailowy. Takich element\u00f3w jest bardzo wiele. Razem sk\u0142adaj\u0105 si\u0119 na pewien obraz, kt\u00f3ry kszta\u0142tuje oczekiwania, kt\u00f3ry sk\u0142adaj\u0105 si\u0119 na obietnic\u0119.<\/p>\n<p>My\u015bl\u0105c o obietnicy marki, <strong>zn\u00f3w naturalnie my\u015blimy o pozytywnych rzeczach<\/strong> &#8211; rzetelno\u015bci, poczuciu humoru, profesjonalizmie. Jak\u0105 jednak obietnic\u0119 sk\u0142ada profil na FB, gdzie mo\u017cesz znale\u017a\u0107 niewybredne zdj\u0119cie z imprezy czy obra\u017aliwe komentarze?<\/p>\n<h2>Od ok\u0142adki do tre\u015bci<\/h2>\n<p><strong>Marka osobista to z\u0142o\u017cone poj\u0119cie, cho\u0107 cz\u0119sto poprzez uproszczenia sp\u0142ycane do kreowania wizerunku.<\/strong> Opakowanie w d\u0142u\u017cszej perspektywie nie wiele znaczy, je\u015bli nie jest podparte tym, co w marce najistotniejsze.<br \/>\n<strong>Odbiorca styka si\u0119 z mark\u0105 w wielu punktach.<\/strong> Zaczynaj\u0105c od komunikat\u00f3w czysto reklamowych, poprzez interakcje osobiste online i offline, korzystanie z us\u0142ugi oferowanej przez mark\u0119 lub jej produktu, ko\u0144cz\u0105c na otoczeniu, w kt\u00f3rym do tego dochodzi.<\/p>\n<p>Ka\u017cdy z tych punkt\u00f3w styku to test obietnicy, kt\u00f3r\u0105 sk\u0142ada marka. Wizyt\u00f3wka, kt\u00f3ra obiecuje rzetelno\u015b\u0107 i szybk\u0105 reakcj\u0119, b\u0119dzie tylko \u0142adnym skrawkiem papieru, je\u015bli nie znajdzie odzwierciedlenia w rzeczywisto\u015bci.<\/p>\n<p><strong>Brak sp\u00f3jno\u015bci<\/strong> powoduje, \u017ce wszystko co odczuwamy i my\u015blimy na dany temat jest nieco rozmyte, rozedrgane. Umys\u0142 ludzki poszukuje sp\u00f3jno\u015bci i ci\u0105g\u00f3w przyczynowo-skutkowych. Taki \u015bwiat jest o wiele bardziej przewidywalny. I cho\u0107 mo\u017ce Ci si\u0119 wydawa\u0107, \u017ce lubisz niespodzianki, Tw\u00f3j m\u00f3zg mo\u017ce by\u0107 innego zdania.<\/p>\n<h2>M\u0119drzec czy b\u0142azen<\/h2>\n<p>Silne marki osobiste znaj\u0105 swoje mocne i s\u0142abe strony. Znaj\u0105 te\u017c doskonale swoje motywacje i warto\u015bci, kt\u00f3rymi chc\u0105 dzieli\u0107 si\u0119 ze \u015bwiatem, nawet je\u015bli ten \u015bwiat oznacza lokaln\u0105 spo\u0142eczno\u015b\u0107. Papier i Internet przyjm\u0105 wszystko, ale to do\u015bwiadczenia, jakich dostarczasz swoim klientom, partnerom i ludziom Ci po prostu bliskim, buduj\u0105 Twoj\u0105 wiarygodno\u015b\u0107.<\/p>\n<p>[Tweet &#8222;Marki osobiste maj\u0105 ten luksus, \u017ce s\u0105 niepowtarzalne.&#8221;]<\/p>\n<p><strong>I w\u0142a\u015bnie takie powinny zosta\u0107.<\/strong><\/p>\n<p>Na poziomie podstawowym ka\u017cdy szewc naprawia buty. Mo\u017ce jednak korzysta\u0107 z r\u00f3\u017cnych materia\u0142\u00f3w, p\u00f3\u0142fabrykat\u00f3w czy urz\u0105dze\u0144. Mo\u017ce ho\u0142dowa\u0107 tradycjom rzemie\u015blniczym lub stawia\u0107 na nowoczesne \u015brodki piel\u0119gnacji obuwia. Z jednym po\u017cartujesz, od innego dowiesz si\u0119, jak wygl\u0105da produkcja buta i dlaczego Twoje przecieraj\u0105 si\u0119 w tym konkretnym miejscu. Korzystaj\u0105c z us\u0142ug konkretnego prawnika, mo\u017cesz bra\u0107 pod uwag\u0119 jego powalaj\u0105c\u0105 skuteczno\u015b\u0107 lub nieposzlakowan\u0105 uczciwo\u015b\u0107 i dba\u0142o\u015b\u0107 o etyk\u0119 dzia\u0142ania.\u00a0<strong>Ka\u017cda marka osobista jest inna. Jaka jest Twoja?<\/strong><\/p>\n<h2>Jak wi\u0119c si\u0119 do tego zabra\u0107?<\/h2>\n<p>Odpowiedz sobie na pytania:<\/p>\n<ul>\n<li>Dlaczego robi\u0119 to, co robi\u0119?<\/li>\n<li>Komu i w czym mog\u0119 pom\u00f3c?<\/li>\n<li>Dlaczego ten kto\u015b mia\u0142by wybra\u0107 w\u0142a\u015bnie mnie?<\/li>\n<\/ul>\n<p>Przeanalizuj swoje dotychczasowe dzia\u0142ania. Sprawd\u017a, co my\u015bl\u0105 Twoi dotychczasowi partnerzy, klienci, przyjaciele. Sprawd\u017a, co m\u00f3wi o Tobie sie\u0107.<br \/>\nCzy obraz, kt\u00f3ry si\u0119 z tego wy\u0142ania, sk\u0142ada <strong>w\u0142a\u015bciw\u0105 obietnic\u0119<\/strong>? Je\u015bli nie, to co powiniene\u015b zmieni\u0107?<\/p>\n<p><strong>Jak komunikujesz swoj\u0105 mark\u0119? Jaki jest cel tej komunikacji?<\/strong><\/p>\n<h2>Wszyscy maj\u0105 sukces, mam i ja<\/h2>\n<p>Biografie os\u00f3b odnosz\u0105cych sukcesy w biznesie, wysoko urodzonych czy pe\u0142ni\u0105cych wa\u017cne funkcje publiczne, zawsze cieszy\u0142y si\u0119 du\u017c\u0105 popularno\u015bci\u0105. Po cz\u0119\u015bci wynika to z ch\u0119ci zajrzenia za kulisy, po cz\u0119\u015bci z prze\u015bwiadczenia (jak\u017ce b\u0142\u0119dnego), \u017ce poznanie historii cudzego sukcesu pomo\u017ce go powt\u00f3rzy\u0107. Liczba czynnik\u00f3w, kt\u00f3ra wp\u0142ywa na okre\u015blony przebieg sytuacji jest tak du\u017ca, \u017ce w zasadzie nie ma mo\u017cliwo\u015bci ich odtworzenia.<\/p>\n<p>Liczba b\u0142\u0119d\u00f3w poznawczych wp\u0142ywaj\u0105ca na postrzeganie przez nas naszej w\u0142asnej historii, interpretowanie cudzej i z\u0142udzenie, \u017ce pozwala to przewidzie\u0107 przysz\u0142o\u015b\u0107 sprawia, \u017ce najsensowniejszym rozwi\u0105zaniem jest szukanie w\u0142asnej drogi okraszonej inspiracj\u0105 wyci\u0105gni\u0119t\u0105 z lektury cudzych biografii.<\/p>\n<h2><strong>Przepis na Tw<\/strong><strong>\u00f3j sukces<\/strong><\/h2>\n<p>Lubisz matematyk\u0119? Ja bardzo. Mo\u017ce dlatego, nawet w kwestii budowania marki osobistej, mam swoje ulubione r\u00f3wnanie.<\/p>\n<p><span style=\"background-color: #ffff00;\"><strong>Autentyczno\u015b\u0107 + Sp\u00f3jno\u015b\u0107 = Wiarygodno\u015b\u0107<\/strong><\/span><\/p>\n<p>Tylko tyle i a\u017c tyle.<\/p>\n<p>Autentyczno\u015b\u0107 nie oznacza ekshibicjonizmu. Nie musisz pokazywa\u0107 wszystkiego, ale pokazuj prawd\u0119. Wtedy zdecydowanie \u0142atwiej zachowa\u0107 sp\u00f3jno\u015b\u0107.<strong> A sp\u00f3jno\u015b\u0107 budzi zaufanie.<\/strong><br \/>\nJe\u015bli wi\u0119c zarabiasz na \u017cycie promowaniem zdrowego stylu \u017cycia, to warto dwa razy zastanowi\u0107 si\u0119 przed wrzuceniem zdj\u0119cia z uczty w fastfoodzie na swoj\u0105 tablic\u0119. Je\u015bli zajmujesz si\u0119 komunikacj\u0105 &#8211; dbaj o w\u0142asn\u0105, bo czy sam wybierzesz szewca, kt\u00f3ry bez but\u00f3w chodzi?<\/p>\n<h2>Konkurs<\/h2>\n<p><img decoding=\"async\" class=\"size-medium wp-image-29879 alignleft\" src=\"https:\/\/sprawnymarketing.pl\/wp-content\/uploads\/2016\/11\/marki_osobiste-300x366.png\" alt=\"marki_osobiste\" width=\"300\" height=\"366\" srcset=\"https:\/\/sprawnymarketing.pl\/wp-content\/uploads\/2016\/11\/marki_osobiste-300x366.png 300w, https:\/\/sprawnymarketing.pl\/wp-content\/uploads\/2016\/11\/marki_osobiste-530x646.png 530w, https:\/\/sprawnymarketing.pl\/wp-content\/uploads\/2016\/11\/marki_osobiste.png 656w\" sizes=\"(max-width: 300px) 100vw, 300px\" \/>Do wygrania 4 egzemplarze ksi\u0105\u017cki <em>Silne marki osobiste zmieniaj\u0105 \u015bwiat.\u00a0<\/em>By wzi\u0105\u0107 udzia\u0142 w konkursie, odpowiedz na pytanie\u00a0<strong>Kto jest dla Ciebie przyk\u0142adem silnej marki osobistej i dlaczego?<\/strong> i opublikuj swoj\u0105 odpowied\u017a<a href=\"https:\/\/www.facebook.com\/SprawnyMarketing\/posts\/10153929267767256\"> pod tym postem na Facebooku<\/a>. Czekamy na Wasze odpowiedzi do 9.11, a najciekawsze z nich nagrodzimy ksi\u0105\u017ckami.<\/p>\n<p>Aktualizacja 14.11:<\/p>\n<p>Dzi\u0119kujemy za wszystkie zg\u0142oszenia, nagrody otrzymuj\u0105: Jakub Bedronek,\u00a0Agnieszka Dudzi\u0144ska, Micha\u0142 Barczyk i Martyna Zastro\u017cna. Prosimy o kontakt (redakcja@sprawnymarketing.pl) w celu podania adresu do wysy\u0142ki ksi\u0105\u017cki.<\/p>\n","protected":false},"excerpt":{"rendered":"<p>Jeste\u015bmy przyzwyczajeni do kojarzenia s\u0142owa marka z tym, co pozytywne. M\u00f3wimy dobra marka. W kontek\u015bcie negatywnym wolimy dyskutowa\u0107 o z\u0142ej reputacji, kiepskim produkcie, fatalnej obs\u0142udze klienta. Zdecydowanie rzadziej o marnej marce. Tyle, \u017ce marka nie pojawia si\u0119 na pewnym etapie, kiedy ju\u017c zaczyna by\u0107 dobrze. Marka jest zawsze.\u00a0Ka\u017cdy z nas jest mark\u0105. Nie ka\u017cdy dba [&hellip;]<\/p>\n","protected":false},"author":162,"featured_media":29887,"comment_status":"open","ping_status":"open","sticky":false,"template":"","format":"standard","meta":{"_acf_changed":false,"footnotes":""},"categories":[1148],"tags":[],"coauthors":[1322],"acf":[],"yoast_head":"<!-- This site is optimized with the Yoast SEO Premium plugin v24.1 (Yoast SEO v24.4) - https:\/\/yoast.com\/wordpress\/plugins\/seo\/ -->\n<title>Jak zbudowa\u0107 siln\u0105 mark\u0119 osobist\u0105 w 3 krokach<\/title>\n<meta name=\"description\" content=\"Jak stworzy\u0107 siln\u0105 mark\u0119? Oto kilka krok\u00f3w, kt\u00f3re pomog\u0105 ci zbudowa\u0107 siln\u0105 mark\u0119 i odkryj\u0105 przed tob\u0105 korzy\u015bci, kt\u00f3re p\u0142yn\u0105 ze \u015bwiadomego jej budowania.\" \/>\n<meta name=\"robots\" content=\"index, follow, max-snippet:-1, max-image-preview:large, max-video-preview:-1\" \/>\n<link rel=\"canonical\" href=\"https:\/\/sprawnymarketing.pl\/blog\/silna-marka-osobista\/\" \/>\n<meta property=\"og:locale\" content=\"pl_PL\" \/>\n<meta property=\"og:type\" content=\"article\" \/>\n<meta property=\"og:title\" content=\"Jak zbudowa\u0107 siln\u0105 mark\u0119 osobist\u0105 w 3 krokach\" \/>\n<meta property=\"og:description\" content=\"Jak stworzy\u0107 siln\u0105 mark\u0119? Oto kilka krok\u00f3w, kt\u00f3re pomog\u0105 ci zbudowa\u0107 siln\u0105 mark\u0119 i odkryj\u0105 przed tob\u0105 korzy\u015bci, kt\u00f3re p\u0142yn\u0105 ze \u015bwiadomego jej budowania.\" \/>\n<meta property=\"og:url\" content=\"https:\/\/sprawnymarketing.pl\/blog\/silna-marka-osobista\/\" \/>\n<meta property=\"og:site_name\" content=\"sprawny.marketing \u2022 Szkolenia \u2022 Konferencje \u2022 Magazyn\" \/>\n<meta property=\"article:publisher\" content=\"https:\/\/www.facebook.com\/SprawnyMarketing\/\" \/>\n<meta property=\"article:published_time\" content=\"2016-11-02T13:08:09+00:00\" \/>\n<meta property=\"article:modified_time\" content=\"2022-12-29T12:17:56+00:00\" \/>\n<meta property=\"og:image\" content=\"https:\/\/sprawnymarketing.pl\/wp-content\/uploads\/2016\/11\/560x315-silna-marka-osobista-1.png\" \/>\n\t<meta property=\"og:image:width\" content=\"560\" \/>\n\t<meta property=\"og:image:height\" content=\"315\" \/>\n\t<meta property=\"og:image:type\" content=\"image\/png\" \/>\n<meta name=\"author\" content=\"Agnieszka Walczak-Ska\u0142ecka\" \/>\n<meta name=\"twitter:card\" content=\"summary_large_image\" \/>\n<meta name=\"twitter:label1\" content=\"Napisane przez\" \/>\n\t<meta name=\"twitter:data1\" content=\"Agnieszka Walczak-Ska\u0142ecka\" \/>\n\t<meta name=\"twitter:label2\" content=\"Szacowany czas czytania\" \/>\n\t<meta name=\"twitter:data2\" content=\"7 minut\" \/>\n\t<meta name=\"twitter:label3\" content=\"Written by\" \/>\n\t<meta name=\"twitter:data3\" content=\"Agnieszka Walczak-Ska\u0142ecka\" \/>\n<!-- \/ Yoast SEO Premium plugin. -->","yoast_head_json":{"title":"Jak zbudowa\u0107 siln\u0105 mark\u0119 osobist\u0105 w 3 krokach","description":"Jak stworzy\u0107 siln\u0105 mark\u0119? Oto kilka krok\u00f3w, kt\u00f3re pomog\u0105 ci zbudowa\u0107 siln\u0105 mark\u0119 i odkryj\u0105 przed tob\u0105 korzy\u015bci, kt\u00f3re p\u0142yn\u0105 ze \u015bwiadomego jej budowania.","robots":{"index":"index","follow":"follow","max-snippet":"max-snippet:-1","max-image-preview":"max-image-preview:large","max-video-preview":"max-video-preview:-1"},"canonical":"https:\/\/sprawnymarketing.pl\/blog\/silna-marka-osobista\/","og_locale":"pl_PL","og_type":"article","og_title":"Jak zbudowa\u0107 siln\u0105 mark\u0119 osobist\u0105 w 3 krokach","og_description":"Jak stworzy\u0107 siln\u0105 mark\u0119? Oto kilka krok\u00f3w, kt\u00f3re pomog\u0105 ci zbudowa\u0107 siln\u0105 mark\u0119 i odkryj\u0105 przed tob\u0105 korzy\u015bci, kt\u00f3re p\u0142yn\u0105 ze \u015bwiadomego jej budowania.","og_url":"https:\/\/sprawnymarketing.pl\/blog\/silna-marka-osobista\/","og_site_name":"sprawny.marketing \u2022 Szkolenia \u2022 Konferencje \u2022 Magazyn","article_publisher":"https:\/\/www.facebook.com\/SprawnyMarketing\/","article_published_time":"2016-11-02T13:08:09+00:00","article_modified_time":"2022-12-29T12:17:56+00:00","og_image":[{"width":560,"height":315,"url":"https:\/\/sprawnymarketing.pl\/wp-content\/uploads\/2016\/11\/560x315-silna-marka-osobista-1.png","type":"image\/png"}],"author":"Agnieszka Walczak-Ska\u0142ecka","twitter_card":"summary_large_image","twitter_misc":{"Napisane przez":"Agnieszka Walczak-Ska\u0142ecka","Szacowany czas czytania":"7 minut","Written by":"Agnieszka Walczak-Ska\u0142ecka"},"schema":{"@context":"https:\/\/schema.org","@graph":[{"@type":"Article","@id":"https:\/\/sprawnymarketing.pl\/blog\/silna-marka-osobista\/#article","isPartOf":{"@id":"https:\/\/sprawnymarketing.pl\/blog\/silna-marka-osobista\/"},"author":{"name":"Agnieszka Walczak-Ska\u0142ecka","@id":"https:\/\/sprawnymarketing.pl\/#\/schema\/person\/87448be5d31df6c252adca8dc780da52"},"headline":"Jak zbudowa\u0107 siln\u0105 mark\u0119 osobist\u0105 w 3 krokach","datePublished":"2016-11-02T13:08:09+00:00","dateModified":"2022-12-29T12:17:56+00:00","mainEntityOfPage":{"@id":"https:\/\/sprawnymarketing.pl\/blog\/silna-marka-osobista\/"},"wordCount":1331,"commentCount":0,"publisher":{"@id":"https:\/\/sprawnymarketing.pl\/#organization"},"image":{"@id":"https:\/\/sprawnymarketing.pl\/blog\/silna-marka-osobista\/#primaryimage"},"thumbnailUrl":"https:\/\/sprawnymarketing.pl\/wp-content\/uploads\/2016\/11\/560x315-silna-marka-osobista-1.png","articleSection":["Content Marketing"],"inLanguage":"pl-PL","potentialAction":[{"@type":"CommentAction","name":"Comment","target":["https:\/\/sprawnymarketing.pl\/blog\/silna-marka-osobista\/#respond"]}]},{"@type":"WebPage","@id":"https:\/\/sprawnymarketing.pl\/blog\/silna-marka-osobista\/","url":"https:\/\/sprawnymarketing.pl\/blog\/silna-marka-osobista\/","name":"Jak zbudowa\u0107 siln\u0105 mark\u0119 osobist\u0105 w 3 krokach","isPartOf":{"@id":"https:\/\/sprawnymarketing.pl\/#website"},"primaryImageOfPage":{"@id":"https:\/\/sprawnymarketing.pl\/blog\/silna-marka-osobista\/#primaryimage"},"image":{"@id":"https:\/\/sprawnymarketing.pl\/blog\/silna-marka-osobista\/#primaryimage"},"thumbnailUrl":"https:\/\/sprawnymarketing.pl\/wp-content\/uploads\/2016\/11\/560x315-silna-marka-osobista-1.png","datePublished":"2016-11-02T13:08:09+00:00","dateModified":"2022-12-29T12:17:56+00:00","description":"Jak stworzy\u0107 siln\u0105 mark\u0119? Oto kilka krok\u00f3w, kt\u00f3re pomog\u0105 ci zbudowa\u0107 siln\u0105 mark\u0119 i odkryj\u0105 przed tob\u0105 korzy\u015bci, kt\u00f3re p\u0142yn\u0105 ze \u015bwiadomego jej budowania.","breadcrumb":{"@id":"https:\/\/sprawnymarketing.pl\/blog\/silna-marka-osobista\/#breadcrumb"},"inLanguage":"pl-PL","potentialAction":[{"@type":"ReadAction","target":["https:\/\/sprawnymarketing.pl\/blog\/silna-marka-osobista\/"]}]},{"@type":"ImageObject","inLanguage":"pl-PL","@id":"https:\/\/sprawnymarketing.pl\/blog\/silna-marka-osobista\/#primaryimage","url":"https:\/\/sprawnymarketing.pl\/wp-content\/uploads\/2016\/11\/560x315-silna-marka-osobista-1.png","contentUrl":"https:\/\/sprawnymarketing.pl\/wp-content\/uploads\/2016\/11\/560x315-silna-marka-osobista-1.png","width":560,"height":315,"caption":"marka-osobista"},{"@type":"BreadcrumbList","@id":"https:\/\/sprawnymarketing.pl\/blog\/silna-marka-osobista\/#breadcrumb","itemListElement":[{"@type":"ListItem","position":1,"name":"Strona g\u0142\u00f3wna","item":"https:\/\/sprawnymarketing.pl\/"},{"@type":"ListItem","position":2,"name":"Jak zbudowa\u0107 siln\u0105 mark\u0119 osobist\u0105 w 3 krokach"}]},{"@type":"WebSite","@id":"https:\/\/sprawnymarketing.pl\/#website","url":"https:\/\/sprawnymarketing.pl\/","name":"sprawny.marketing \u2022 Szkolenia \u2022 Konferencje \u2022 Magazyn","description":"","publisher":{"@id":"https:\/\/sprawnymarketing.pl\/#organization"},"potentialAction":[{"@type":"SearchAction","target":{"@type":"EntryPoint","urlTemplate":"https:\/\/sprawnymarketing.pl\/?s={search_term_string}"},"query-input":{"@type":"PropertyValueSpecification","valueRequired":true,"valueName":"search_term_string"}}],"inLanguage":"pl-PL"},{"@type":"Organization","@id":"https:\/\/sprawnymarketing.pl\/#organization","name":"sprawny.marketing \u2022 Szkolenia \u2022 Konferencje \u2022 Magazyn","url":"https:\/\/sprawnymarketing.pl\/","logo":{"@type":"ImageObject","inLanguage":"pl-PL","@id":"https:\/\/sprawnymarketing.pl\/#\/schema\/logo\/image\/","url":"https:\/\/sprawnymarketing.pl\/wp-content\/uploads\/2020\/07\/logo-3.png","contentUrl":"https:\/\/sprawnymarketing.pl\/wp-content\/uploads\/2020\/07\/logo-3.png","width":512,"height":106,"caption":"sprawny.marketing \u2022 Szkolenia \u2022 Konferencje \u2022 Magazyn"},"image":{"@id":"https:\/\/sprawnymarketing.pl\/#\/schema\/logo\/image\/"},"sameAs":["https:\/\/www.facebook.com\/SprawnyMarketing\/"]},{"@type":"Person","@id":"https:\/\/sprawnymarketing.pl\/#\/schema\/person\/87448be5d31df6c252adca8dc780da52","name":"Agnieszka Walczak-Ska\u0142ecka","image":{"@type":"ImageObject","inLanguage":"pl-PL","@id":"https:\/\/sprawnymarketing.pl\/#\/schema\/person\/image\/72b832ca88dd098a030097ac4dcb7a38","url":"https:\/\/sprawnymarketing.pl\/wp-content\/uploads\/2020\/07\/avatar-1-150x150.png","contentUrl":"https:\/\/sprawnymarketing.pl\/wp-content\/uploads\/2020\/07\/avatar-1-150x150.png","caption":"Agnieszka Walczak-Ska\u0142ecka"},"description":"Agnieszka Walczak-Ska\u0142ecka Projektuje i wdra\u017ca strategie PR i marketingowe oraz dba o komunikacj\u0119 marek ma\u0142ych i \u015brednich przedsi\u0119biorstw, produktowych i osobistych. Prowadzi szkolenia i warsztaty, g\u0142\u00f3wnie z zakresu budowania marki (w tym osobistej). Czasem opowiada te\u017c o kreowaniu wizerunku publicznego, stylizacji oraz trenuje komunikacj\u0119 werbaln\u0105 i niewerbaln\u0105. Wyk\u0142ada na uczelniach wy\u017cszych poruszaj\u0105c tematyk\u0119 budowania marki osobistej, Public Relations, strategii marki oraz marketingu (w tym marketingu targowego). Doradza i wspiera lokalne spo\u0142eczno\u015bci w realizacji r\u00f3\u017cnych inicjatyw, g\u0142\u00f3wnie edukacyjnych i sama je wsp\u00f3\u0142tworzy (Czwartki z Social Media w Lublinie, LbnSocial, TEDxLublin, Fundacja Rozwoju Designu LuCreate). Pisze mi\u0119dzy innymi na agnieszkaskalecka.com Wierz\u0119, \u017ce silne marki osobiste mog\u0105 zmieni\u0107 \u015bwiat, dlatego pomagam je budowa\u0107 i lepiej komunikowa\u0107.","url":"https:\/\/sprawnymarketing.pl\/blog\/autor\/agnieszka-walczak-skalecka\/"}]}},"_links":{"self":[{"href":"https:\/\/sprawnymarketing.pl\/smblog-api\/wp\/v2\/posts\/29878"}],"collection":[{"href":"https:\/\/sprawnymarketing.pl\/smblog-api\/wp\/v2\/posts"}],"about":[{"href":"https:\/\/sprawnymarketing.pl\/smblog-api\/wp\/v2\/types\/post"}],"author":[{"embeddable":true,"href":"https:\/\/sprawnymarketing.pl\/smblog-api\/wp\/v2\/users\/162"}],"replies":[{"embeddable":true,"href":"https:\/\/sprawnymarketing.pl\/smblog-api\/wp\/v2\/comments?post=29878"}],"version-history":[{"count":3,"href":"https:\/\/sprawnymarketing.pl\/smblog-api\/wp\/v2\/posts\/29878\/revisions"}],"predecessor-version":[{"id":45425,"href":"https:\/\/sprawnymarketing.pl\/smblog-api\/wp\/v2\/posts\/29878\/revisions\/45425"}],"wp:featuredmedia":[{"embeddable":true,"href":"https:\/\/sprawnymarketing.pl\/smblog-api\/wp\/v2\/media\/29887"}],"wp:attachment":[{"href":"https:\/\/sprawnymarketing.pl\/smblog-api\/wp\/v2\/media?parent=29878"}],"wp:term":[{"taxonomy":"category","embeddable":true,"href":"https:\/\/sprawnymarketing.pl\/smblog-api\/wp\/v2\/categories?post=29878"},{"taxonomy":"post_tag","embeddable":true,"href":"https:\/\/sprawnymarketing.pl\/smblog-api\/wp\/v2\/tags?post=29878"},{"taxonomy":"author","embeddable":true,"href":"https:\/\/sprawnymarketing.pl\/smblog-api\/wp\/v2\/coauthors?post=29878"}],"curies":[{"name":"wp","href":"https:\/\/api.w.org\/{rel}","templated":true}]}}